{"id":685,"date":"2016-05-28T13:42:00","date_gmt":"2016-05-28T13:42:00","guid":{"rendered":"https:\/\/www.greenpeace.org\/belgium\/blog\/685\/des-clients-en-action-dans-leur-brico-contre-le-roundup\/"},"modified":"2019-11-06T10:23:49","modified_gmt":"2019-11-06T08:23:49","slug":"des-clients-en-action-dans-leur-brico-contre-le-roundup","status":"publish","type":"post","link":"https:\/\/www.greenpeace.org\/belgium\/fr\/actualites-blog\/685\/des-clients-en-action-dans-leur-brico-contre-le-roundup\/","title":{"rendered":"Des clients en action dans leur Brico contre le Roundup"},"content":{"rendered":"<div class=\"post-content\">\n<div>\n<p><strong>Pr\u00e8s de 2000 sympathisants de Greenpeace se rendent aujourd\u2019hui dans les magasins Brico de Belgique pour demander au leader du march\u00e9 de sortir tous les produits contenant du glyphosate de ses rayons, tels que le Roundup et Weedol. Nous encourageons la plus grande cha\u00eene de magasins de bricolage du pays \u00e0 \u00eatre la premi\u00e8re \u00e0 retirer ces produits, et ainsi montrer l\u2019exemple aux autres acteurs du march\u00e9.<\/strong><\/p>\n<p><strong><img decoding=\"async\" src=\"https:\/\/www.greenpeace.org\/static\/planet4-belgium-stateless\/2018\/12\/40ba6d6d-40ba6d6d-126875_219942.jpg\" alt=\"\" \/><\/strong><\/p>\n<p>A tous ceux qui l\u2019ont demand\u00e9, nous avons envoy\u00e9 ces derni\u00e8res semaines des autocollants avec comme messages \u201cPesticides : pas dans mon magasin\u201d et \u201cNo to pesticides, Yes to nature\u201d. Bien plus qu\u2019une action de quelques sympathisants de Greenpeace, il s\u2019agit l\u00e0 d\u2019un signal de citoyens concern\u00e9s qui sont souvent aussi clients chez Brico.<\/p>\n<p>Ensemble, nous demandons \u00e0 Brico de suivre la seule voie possible, celle qui prot\u00e8ge l\u2019environnement et la sant\u00e9 des Belges : retirer les produits contenant du glyphosate de la vente aux particuliers. L\u2019Organisation mondiale de la sant\u00e9 a jug\u00e9 le glyphosate \u201cprobablement canc\u00e9rig\u00e8ne\u201d. Et sans m\u00eame tenir compte de la dispute entre les instances internationales \u00e0 ce sujet, il est clair que le glyphosate est nocif pour les personnes et pour l\u2019environnement.<\/p>\n<p>La vente de ces produits dangereux devrait \u00eatre interdite, et vu que les politiciens, sous la pression de l\u2019industrie, ont du mal \u00e0 assumer leur responsabilit\u00e9, c\u2019est aux commer\u00e7ants de prendre les leurs.<\/p>\n<p><img decoding=\"async\" src=\"https:\/\/www.greenpeace.org\/static\/planet4-belgium-stateless\/2018\/12\/38bfb765-38bfb765-126876_219944.jpg\" alt=\"\" \/><\/p>\n<p>En France, aux Pays-Bas et en Allemagne, de nombreux magasins ont d\u00e9j\u00e0 pris cette initiative. Il est maintenant temps qu\u2019en Belgique aussi, les revendeurs agissent. Greenpeace encourage Brico \u00e0 montrer l\u2019exemple aux autres acteurs du march\u00e9 belge. D\u2019autant que la soci\u00e9t\u00e9-m\u00e8re de Brico, Maxeda, poss\u00e8de aussi une cha\u00eene de magasins de bricolage n\u00e9erlandais, Praxis, qui a d\u00e9j\u00e0 banni ces pesticides. Ce n\u2019est donc pas si difficile.<\/p>\n<p>Il existe de nombreuses alternatives \u00e9cologiques comme la brosse m\u00e9tallique, le br\u00fbleur vapeur ou le br\u00fbleur thermique. Ce sont eux que l\u2019on devrait trouver dans les rayons de nos magasins et non les Roundup &amp; co.<\/p>\n<p>Nous sommes plus que fatigu\u00e9s des petits jeux politiques et du lobby industriel incessant.<\/p>\n<p>Au niveau europ\u00e9en par exemple, M. Borsus, notre ministre de l\u2019Agriculture, suit servilement l\u2019industrie agro-chimique et la Commission europ\u00e9enne au m\u00e9pris de l\u2019environnement et de la sant\u00e9 de tous nos concitoyens.<\/p>\n<p>Et ce, alors m\u00eame que la France et l\u2019Italie continuent \u00e0 s\u2019opposer \u00e0 toute prolongation de l\u2019utilisation du glyphosate et que l\u2019Allemagne et les Pays-Bas pr\u00e9f\u00e8rent, par pr\u00e9caution, s\u2019abstenir dans ce d\u00e9bat.<\/p>\n<p>L\u2019attitude de M. Borsus est irresponsable. Mais ce n\u2019est pas parce que les politiques ne font rien que les magasins doivent se cacher et attendre, ils peuvent agir eux-m\u00eames et retirer de la vente ces pesticides dangereux. Brico peut devenir un pionnier. Nous l\u2019encourageons dans cette voie.<\/p>\n<p><a href=\"http:\/\/no-to-pesticides-yes-to-nature.greenpeace.be\/\">Vous aimez le jardinage et souhaitez \u00e9liminer les mauvaises herbes sans pesticides ? D\u00e9couvrez nos solutions<\/a><\/p>\n<\/div>\n<\/div>\n","protected":false},"excerpt":{"rendered":"<p>Pr\u00e8s de 2000 sympathisants de Greenpeace se rendent aujourd\u2019hui dans les magasins Brico de Belgique pour demander au leader du march\u00e9 de sortir tous les produits contenant du glyphosate de ses rayons, tels que le Roundup et Weedol. Nous encourageons la plus grande cha\u00eene de magasins de bricolage du pays \u00e0 \u00eatre la premi\u00e8re \u00e0 retirer ces produits, et ainsi montrer l\u2019exemple aux autres acteurs du march\u00e9.<\/p>\n","protected":false},"author":29,"featured_media":686,"comment_status":"closed","ping_status":"closed","sticky":false,"template":"","format":"standard","meta":{"ep_exclude_from_search":false,"p4_og_title":"","p4_og_description":"","p4_og_image":"","p4_og_image_id":"","p4_seo_canonical_url":"","p4_campaign_name":"","p4_local_project":"","p4_basket_name":"","p4_department":"","footnotes":""},"categories":[104],"tags":[76,77,85],"p4-page-type":[116],"class_list":["post-685","post","type-post","status-publish","format-standard","has-post-thumbnail","hentry","category-petits-changements-grandes-consequences","tag-sante","tag-substancestoxique","tag-agriculture","p4-page-type-actualites-blog"],"_links":{"self":[{"href":"https:\/\/www.greenpeace.org\/belgium\/fr\/wp-json\/wp\/v2\/posts\/685","targetHints":{"allow":["GET"]}}],"collection":[{"href":"https:\/\/www.greenpeace.org\/belgium\/fr\/wp-json\/wp\/v2\/posts"}],"about":[{"href":"https:\/\/www.greenpeace.org\/belgium\/fr\/wp-json\/wp\/v2\/types\/post"}],"author":[{"embeddable":true,"href":"https:\/\/www.greenpeace.org\/belgium\/fr\/wp-json\/wp\/v2\/users\/29"}],"replies":[{"embeddable":true,"href":"https:\/\/www.greenpeace.org\/belgium\/fr\/wp-json\/wp\/v2\/comments?post=685"}],"version-history":[{"count":2,"href":"https:\/\/www.greenpeace.org\/belgium\/fr\/wp-json\/wp\/v2\/posts\/685\/revisions"}],"predecessor-version":[{"id":2684,"href":"https:\/\/www.greenpeace.org\/belgium\/fr\/wp-json\/wp\/v2\/posts\/685\/revisions\/2684"}],"wp:featuredmedia":[{"embeddable":true,"href":"https:\/\/www.greenpeace.org\/belgium\/fr\/wp-json\/wp\/v2\/media\/686"}],"wp:attachment":[{"href":"https:\/\/www.greenpeace.org\/belgium\/fr\/wp-json\/wp\/v2\/media?parent=685"}],"wp:term":[{"taxonomy":"category","embeddable":true,"href":"https:\/\/www.greenpeace.org\/belgium\/fr\/wp-json\/wp\/v2\/categories?post=685"},{"taxonomy":"post_tag","embeddable":true,"href":"https:\/\/www.greenpeace.org\/belgium\/fr\/wp-json\/wp\/v2\/tags?post=685"},{"taxonomy":"p4-page-type","embeddable":true,"href":"https:\/\/www.greenpeace.org\/belgium\/fr\/wp-json\/wp\/v2\/p4-page-type?post=685"}],"curies":[{"name":"wp","href":"https:\/\/api.w.org\/{rel}","templated":true}]}}