{"id":7050,"date":"2019-09-30T13:46:49","date_gmt":"2019-09-30T11:46:49","guid":{"rendered":"https:\/\/www.greenpeace.org\/belgium\/?p=7050"},"modified":"2021-12-01T14:14:11","modified_gmt":"2021-12-01T13:14:11","slug":"nos-navires-emblematiques-mais-surtout-utiles","status":"publish","type":"post","link":"https:\/\/www.greenpeace.org\/belgium\/fr\/actualites-blog\/7050\/nos-navires-emblematiques-mais-surtout-utiles\/","title":{"rendered":"Nos navires : embl\u00e9matiques, mais surtout utiles"},"content":{"rendered":"<p><strong><a href=\"https:\/\/rainbowwarrior.be\/fr\/accueil\/\">Le Rainbow Warrior sera \u00e0 Anvers le week-end prochain<\/a>, et vous pourrez monter \u00e0 son bord. Il n\u2019y a plus moyen de s\u2019inscrire, mais si vous \u00eates de passage \u00e0 Anvers samedi ou dimanche, nous tenterons de vous trouver un cr\u00e9neau pour vous faire visiter le bateau !<\/strong><!--more--><\/p>\n<h3>A quoi servent vraiment les bateaux de Greenpeace ?<\/h3>\n<p><img loading=\"lazy\" decoding=\"async\" class=\"alignnone wp-image-7055 size-full\" src=\"https:\/\/www.greenpeace.org\/static\/planet4-belgium-stateless\/2019\/09\/b5a4a925-rainbow_warrior3.jpg\" alt=\"Nos navires : embl\u00e9matiques, mais surtout utiles\" width=\"999\" height=\"663\" srcset=\"https:\/\/www.greenpeace.org\/static\/planet4-belgium-stateless\/2019\/09\/b5a4a925-rainbow_warrior3.jpg 999w, https:\/\/www.greenpeace.org\/static\/planet4-belgium-stateless\/2019\/09\/b5a4a925-rainbow_warrior3-300x199.jpg 300w, https:\/\/www.greenpeace.org\/static\/planet4-belgium-stateless\/2019\/09\/b5a4a925-rainbow_warrior3-768x510.jpg 768w, https:\/\/www.greenpeace.org\/static\/planet4-belgium-stateless\/2019\/09\/b5a4a925-rainbow_warrior3-510x338.jpg 510w\" sizes=\"auto, (max-width: 999px) 100vw, 999px\" \/><br \/>\nLes navires font vraiment partie de la vie de Greenpeace. Surtout pour ceux qui, comme moi, \u00e9taient d\u00e9j\u00e0 de ce monde dans les ann\u00e9es 1980. Enfant, j\u2019ai vu les images d\u2019actions contre la chasse aux phoques et de confrontations avec des baleiniers ou avec des bateaux d\u00e9versant des d\u00e9chets nucl\u00e9aires en mer. Et le soir, je r\u00eavais sous ma <a href=\"https:\/\/www.bobdemoor.info\/2014\/10\/20\/greenpeace-by-bob-de-moor-featuring-tintin-and-co\/\">couette de Tintin et Greenpeace<\/a> au p\u00f4le Sud (avec le Sirius en arri\u00e8re-plan).<\/p>\n<p>Les navires font partie de l\u2019ADN de Greenpeace. On peut m\u00eame affirmer que notre mouvement \u00e9cologiste est n\u00e9 en mer. Voici l\u2019histoire, pour ceux qui ne la connaissent pas encore : au d\u00e9but des ann\u00e9es 1970, des hippies ont affr\u00e9t\u00e9 un vieux bateau de p\u00eache pour protester contre les essais nucl\u00e9aires am\u00e9ricains sur l\u2019\u00eele d\u2019Amchitka. Ils n\u2019arriv\u00e8rent jamais \u00e0 destination, mais ils gagn\u00e8rent l\u2019opinion publique \u00e0 leur cause gr\u00e2ce aux m\u00e9dias. Peu de temps apr\u00e8s, les \u00c9tats-Unis interdiront les essais nucl\u00e9aires \u00e0 Amchitka. Greenpeace \u00e9tait n\u00e9e.<\/p>\n<p>Mais que signifient encore aujourd\u2019hui <a href=\"https:\/\/www.greenpeace.org\/belgium\/fr\/blog\/5464\/test-que-savez-vous-a-propos-des-bateaux-de-greenpeace\/\">le Rainbow Warrior, l\u2019Arctic Sunrise et l\u2019Esperanza<\/a> ? Plus que vous ne le pensez.<\/p>\n<h3>Nos bateaux autour du globe<\/h3>\n<p><img loading=\"lazy\" decoding=\"async\" class=\"alignnone wp-image-7051 size-full\" src=\"https:\/\/www.greenpeace.org\/static\/planet4-belgium-stateless\/2019\/09\/8fbbed7f-rwiii2.jpg\" alt=\"Nos navires : embl\u00e9matiques, mais surtout utiles\" width=\"999\" height=\"663\" srcset=\"https:\/\/www.greenpeace.org\/static\/planet4-belgium-stateless\/2019\/09\/8fbbed7f-rwiii2.jpg 999w, https:\/\/www.greenpeace.org\/static\/planet4-belgium-stateless\/2019\/09\/8fbbed7f-rwiii2-300x199.jpg 300w, https:\/\/www.greenpeace.org\/static\/planet4-belgium-stateless\/2019\/09\/8fbbed7f-rwiii2-768x510.jpg 768w, https:\/\/www.greenpeace.org\/static\/planet4-belgium-stateless\/2019\/09\/8fbbed7f-rwiii2-510x338.jpg 510w\" sizes=\"auto, (max-width: 999px) 100vw, 999px\" \/><br \/>\nPr\u00e8s de 50 ans plus tard, ces navires nous emm\u00e8nent toujours dans les endroits les plus recul\u00e9s de la plan\u00e8te. Bien s\u00fbr, nous ne naviguons plus pour emp\u00eacher les essais nucl\u00e9aires, mais pour montrer les cons\u00e9quences du changement climatique, pour lutter contre la surp\u00eache ou pour bloquer les chargements de bois abattu ill\u00e9galement.<\/p>\n<p>L\u2019exp\u00e9dition \u00ab D\u2019un p\u00f4le \u00e0 l\u2019autre \u00bb que l\u2019Esperanza effectue en ce moment m\u00eame en est un bon exemple. Il effectue une travers\u00e9e de 10 mois entre le p\u00f4le Nord et le p\u00f4le Sud, avec \u00e0 son bord de nombreux scientifiques et journalistes. Ceux-ci enqu\u00eatent sur le merveilleux monde sous-marin et rendent compte des dangers qui le guettent, comme la pollution par les plastiques. L\u2019objectif de cette travers\u00e9e est clair : renforcer l\u2019appel en faveur d\u2019un trait\u00e9 mondial sur les oc\u00e9ans au sein de l\u2019ONU.<\/p>\n<p><span class=\"mid-button-fix\"><a class=\"cta-blog-button-mid\" href=\"https:\/\/act.greenpeace.org\/page\/41085\/petition\/1?locale=fr-BE&amp;_ga=2.206164315.951889588.1562224028-1714113571.1559638136\" target=\"_blank\" rel=\"noopener noreferrer\">Je participe \u00e0 la protection des oc\u00e9ans<\/a><\/span><\/p>\n<h3>Nos bateaux sont un signe d\u2019espoir<\/h3>\n<p><img loading=\"lazy\" decoding=\"async\" class=\"alignnone wp-image-6494 size-full\" src=\"https:\/\/www.greenpeace.org\/static\/planet4-belgium-stateless\/2019\/08\/38fed707-rwiii.jpg\" alt=\"Nos navires : embl\u00e9matiques, mais surtout utiles\" width=\"999\" height=\"663\" srcset=\"https:\/\/www.greenpeace.org\/static\/planet4-belgium-stateless\/2019\/08\/38fed707-rwiii.jpg 999w, https:\/\/www.greenpeace.org\/static\/planet4-belgium-stateless\/2019\/08\/38fed707-rwiii-300x199.jpg 300w, https:\/\/www.greenpeace.org\/static\/planet4-belgium-stateless\/2019\/08\/38fed707-rwiii-768x510.jpg 768w, https:\/\/www.greenpeace.org\/static\/planet4-belgium-stateless\/2019\/08\/38fed707-rwiii-510x338.jpg 510w\" sizes=\"auto, (max-width: 999px) 100vw, 999px\" \/><br \/>\nNos navires inspirent aussi. Ils symbolisent l\u2019activisme environnemental, donnent de l\u2019espoir \u00e0 tous ceux qui veulent une meilleure protection de toute forme de vie sur notre unique plan\u00e8te. Partout o\u00f9 les navires jettent les amarres, les gens veulent monter \u00e0 bord pour en apprendre davantage sur l\u2019histoire de Greenpeace, sur nos campagnes ou pour \u00e9couter les aventures de l\u2019\u00e9quipage.<\/p>\n<h3>Naviguer sur le Rainbow Warrior<\/h3>\n<p><img loading=\"lazy\" decoding=\"async\" class=\"alignnone wp-image-7053 size-full\" src=\"https:\/\/www.greenpeace.org\/static\/planet4-belgium-stateless\/2019\/09\/47246072-rainbow_warrior_2.jpg\" alt=\"Nos navires : embl\u00e9matiques, mais surtout utiles\" width=\"999\" height=\"663\" srcset=\"https:\/\/www.greenpeace.org\/static\/planet4-belgium-stateless\/2019\/09\/47246072-rainbow_warrior_2.jpg 999w, https:\/\/www.greenpeace.org\/static\/planet4-belgium-stateless\/2019\/09\/47246072-rainbow_warrior_2-300x199.jpg 300w, https:\/\/www.greenpeace.org\/static\/planet4-belgium-stateless\/2019\/09\/47246072-rainbow_warrior_2-768x510.jpg 768w, https:\/\/www.greenpeace.org\/static\/planet4-belgium-stateless\/2019\/09\/47246072-rainbow_warrior_2-510x338.jpg 510w\" sizes=\"auto, (max-width: 999px) 100vw, 999px\" \/><\/p>\n<p>D\u00e9but septembre, j\u2019ai eu la chance de naviguer une semaine sur le Rainbow Warrior, entre Amsterdam et Gdansk (en Pologne). C\u2019\u00e9tait la premi\u00e8re fois durant mes 10 ans chez Greenpeace. Ce ne fut pas un voyage d\u2019agr\u00e9ment. Ce fut plut\u00f4t un \u00e9colage assez difficile pour mieux comprendre la vie et le travail \u00e0 bord d\u2019un navire de Greenpeace. J\u2019y ai v\u00e9cu des moments merveilleux, mais aussi d\u2019innombrables heures de mal de mer face \u00e0 l\u2019horizon. Je ne suis d\u00e9cid\u00e9ment pas un loup de mer.<\/p>\n<p>Nous avons mis pied \u00e0 terre dans le port de Gdansk. Le voyage s\u2019arr\u00eatait l\u00e0 pour nous. Mais \u00e0 peine deux jours plus tard, l\u2019\u00e9quipage du Rainbow Warrior et nos coll\u00e8gues de Greenpeace Pologne menaient une action contre le d\u00e9barquement de charbon.<\/p>\n<h3>Bien plus que des porte-drapeaux flottants<\/h3>\n<p>Comme vous le voyez, nos bateaux ne sont pas de simples panneaux publicitaires flottants. Ils mettent en \u00e9vidence la pollution de l\u2019environnement qui sans eux pourrait rester cach\u00e9e, contribuent \u00e0 la recherche scientifique et encouragent les communaut\u00e9s d\u00e9j\u00e0 affect\u00e9es par le r\u00e9chauffement climatique.<\/p>\n<p>Et ils agissent avec force l\u00e0 o\u00f9 c\u2019est n\u00e9cessaire. Fort heureusement. Vous aussi, prot\u00e9gez les oc\u00e9ans en signant notre p\u00e9tition !<\/p>\n<p><a class=\"cta-blog-button\" href=\"https:\/\/act.greenpeace.org\/page\/41085\/petition\/1?locale=fr-BE&amp;_ga=2.206164315.951889588.1562224028-1714113571.1559638136\" target=\"_blank\" rel=\"noopener noreferrer\">Je participe \u00e0 la protection des oc\u00e9ans<\/a><\/p>\n<table class=\"hideme\" style=\"width: 100%;\" width=\"100%\">\n<tbody>\n<tr style=\"width: 100%;\">\n<td class=\"icon\"><a href=\"https:\/\/www.facebook.com\/greenpeace.belgium\" target=\"_blank\" rel=\"noopener noreferrer\"><br \/>\n<img decoding=\"async\" title=\"Facebook\" src=\"https:\/\/www.greenpeace.org\/static\/planet4-belgium-stateless\/2019\/09\/09281872-fb.png\" alt=\"Facebook\" width=\"100%\" \/><br \/>\n<\/a><\/td>\n<td class=\"name\"><a href=\"https:\/\/www.facebook.com\/greenpeace.belgium\" target=\"_blank\" rel=\"noopener noreferrer\"><br \/>\nFacebook<br \/>\n<\/a><\/td>\n<td class=\"icon\"><a href=\"https:\/\/www.instagram.com\/greenpeace_be\/\" target=\"_blank\" rel=\"noopener noreferrer\"><br \/>\n<img decoding=\"async\" title=\"Instagram\" src=\"https:\/\/www.greenpeace.org\/static\/planet4-belgium-stateless\/2019\/09\/89871ad4-insta.png\" alt=\"Instagram\" width=\"100%\" \/><br \/>\n<\/a><\/td>\n<td class=\"name\"><a href=\"https:\/\/www.instagram.com\/greenpeace_be\/\" target=\"_blank\" rel=\"noopener noreferrer\"><br \/>\nInstagram<br \/>\n<\/a><\/td>\n<td class=\"icon\"><a href=\"https:\/\/twitter.com\/greenpeace_be\" target=\"_blank\" rel=\"noopener noreferrer\"><br \/>\n<img decoding=\"async\" title=\"Twitter\" src=\"https:\/\/www.greenpeace.org\/static\/planet4-belgium-stateless\/2019\/09\/aebb8c6a-tw.png\" alt=\"Twitter\" width=\"100%\" \/><br \/>\n<\/a><\/td>\n<td class=\"name\"><a href=\"https:\/\/twitter.com\/greenpeace_be\" target=\"_blank\" rel=\"noopener noreferrer\"><br \/>\nTwitter<br \/>\n<\/a><\/td>\n<td class=\"icon\"><a href=\"https:\/\/www.youtube.com\/user\/GreenpeaceBelgium\" target=\"_blank\" rel=\"noopener noreferrer\"><br \/>\n<img decoding=\"async\" title=\"YouTube\" src=\"https:\/\/www.greenpeace.org\/static\/planet4-belgium-stateless\/2019\/09\/4fd7759c-yt.png\" alt=\"YouTube\" width=\"100%\" \/><br \/>\n<\/a><\/td>\n<td class=\"name\"><a href=\"https:\/\/www.youtube.com\/user\/GreenpeaceBelgium\" target=\"_blank\" rel=\"noopener noreferrer\"><br \/>\nYouTube<br \/>\n<\/a><\/td>\n<\/tr>\n<\/tbody>\n<\/table>\n<div class=\"EmptyMessage\">Block content is empty. Check the block&rsquo;s settings or remove it.<\/div>","protected":false},"excerpt":{"rendered":"<p>Le Rainbow Warrior sera \u00e0 Anvers le week-end prochain, et vous pourrez monter \u00e0 son bord. Il n\u2019y a plus moyen de s\u2019inscrire, mais si vous \u00eates de passage \u00e0&hellip;<\/p>\n","protected":false},"author":82,"featured_media":7051,"comment_status":"closed","ping_status":"closed","sticky":false,"template":"","format":"standard","meta":{"ep_exclude_from_search":false,"p4_og_title":"Nos navires : embl\u00e9matiques, mais surtout utiles","p4_og_description":"A quoi servent les bateaux de Greenpeace ? D\u00e9couvrez-le via le blog de notre coll\u00e8gue qui a navigu\u00e9 une semaine sur le Rainbow Warrior, entre Amsterdam et Gdansk.","p4_og_image":"","p4_og_image_id":"","p4_seo_canonical_url":"","p4_campaign_name":"not set","p4_local_project":"","p4_basket_name":"not set","p4_department":"","footnotes":""},"categories":[105],"tags":[70,82,86],"p4-page-type":[116],"class_list":["post-7050","post","type-post","status-publish","format-standard","has-post-thumbnail","hentry","category-preserver-la-beaute-de-notre-planete","tag-energie","tag-oceans","tag-climat","p4-page-type-actualites-blog"],"_links":{"self":[{"href":"https:\/\/www.greenpeace.org\/belgium\/fr\/wp-json\/wp\/v2\/posts\/7050","targetHints":{"allow":["GET"]}}],"collection":[{"href":"https:\/\/www.greenpeace.org\/belgium\/fr\/wp-json\/wp\/v2\/posts"}],"about":[{"href":"https:\/\/www.greenpeace.org\/belgium\/fr\/wp-json\/wp\/v2\/types\/post"}],"author":[{"embeddable":true,"href":"https:\/\/www.greenpeace.org\/belgium\/fr\/wp-json\/wp\/v2\/users\/82"}],"replies":[{"embeddable":true,"href":"https:\/\/www.greenpeace.org\/belgium\/fr\/wp-json\/wp\/v2\/comments?post=7050"}],"version-history":[{"count":6,"href":"https:\/\/www.greenpeace.org\/belgium\/fr\/wp-json\/wp\/v2\/posts\/7050\/revisions"}],"predecessor-version":[{"id":25463,"href":"https:\/\/www.greenpeace.org\/belgium\/fr\/wp-json\/wp\/v2\/posts\/7050\/revisions\/25463"}],"wp:featuredmedia":[{"embeddable":true,"href":"https:\/\/www.greenpeace.org\/belgium\/fr\/wp-json\/wp\/v2\/media\/7051"}],"wp:attachment":[{"href":"https:\/\/www.greenpeace.org\/belgium\/fr\/wp-json\/wp\/v2\/media?parent=7050"}],"wp:term":[{"taxonomy":"category","embeddable":true,"href":"https:\/\/www.greenpeace.org\/belgium\/fr\/wp-json\/wp\/v2\/categories?post=7050"},{"taxonomy":"post_tag","embeddable":true,"href":"https:\/\/www.greenpeace.org\/belgium\/fr\/wp-json\/wp\/v2\/tags?post=7050"},{"taxonomy":"p4-page-type","embeddable":true,"href":"https:\/\/www.greenpeace.org\/belgium\/fr\/wp-json\/wp\/v2\/p4-page-type?post=7050"}],"curies":[{"name":"wp","href":"https:\/\/api.w.org\/{rel}","templated":true}]}}