{"id":716,"date":"2015-11-26T13:02:00","date_gmt":"2015-11-26T13:02:00","guid":{"rendered":"https:\/\/www.greenpeace.org\/belgium\/blog\/716\/10-faits-choquants-revelant-le-role-des-entreprises-dans-la-destruction-des-forets-dindonesie\/"},"modified":"2019-11-06T10:23:52","modified_gmt":"2019-11-06T08:23:52","slug":"10-faits-choquants-revelant-le-role-des-entreprises-dans-la-destruction-des-forets-dindonesie","status":"publish","type":"post","link":"https:\/\/www.greenpeace.org\/belgium\/fr\/actualites-blog\/716\/10-faits-choquants-revelant-le-role-des-entreprises-dans-la-destruction-des-forets-dindonesie\/","title":{"rendered":"10 faits choquants r\u00e9v\u00e9lant le r\u00f4le des entreprises dans la destruction des for\u00eats d\u2019Indon\u00e9sie"},"content":{"rendered":"<div class=\"post-content\">\n<div>\n<p><strong><img decoding=\"async\" src=\"https:\/\/www.greenpeace.org\/static\/planet4-belgium-stateless\/2018\/12\/81e73f3c-81e73f3c-120216_203201.jpg\" alt=\"\" \/><\/strong><\/p>\n<p><strong>Pendant des mois, les feux de for\u00eat ont fait rage en Indon\u00e9sie, portant ce probl\u00e8me d\u00e9vastateur \u00e0 l\u2019attention du monde entier et mettant en danger citoyens et esp\u00e8ces animales, dont l\u2019orang-outan. Et pendant ce temps, la fum\u00e9e d\u00e9gag\u00e9e par les feux de for\u00eat se r\u00e9pand \u00e0 travers l\u2019Asie du Sud-Est\u2026<\/strong><\/p>\n<p>Ces feux de for\u00eat sont la cons\u00e9quence de d\u00e9cennies de destruction foresti\u00e8re, occasionn\u00e9e par les industries de l\u2019huile de palme et du papier. Malgr\u00e9 les promesses de certaines entreprises de mettre un terme \u00e0 la d\u00e9forestation, les for\u00eats continuent \u00e0 \u00eatre r\u00e9duites en cendre, comme le montre un <strong><a href=\"http:\/\/www.greenpeace.org\/archive-international\/en\/publications\/Campaign-reports\/Forests-Reports\/Under-Fire\/\">nouveau rapport<\/a><\/strong> de Greenpeace. 10 faits choquants montrent l\u2019ampleur de la destruction des for\u00eats indon\u00e9siennes et pourquoi il faut que ce massacre cesse. Maintenant.<\/p>\n<p><img decoding=\"async\" src=\"https:\/\/www.greenpeace.org\/static\/planet4-belgium-stateless\/2018\/12\/5043bfb9-5043bfb9-giphy.gif\" alt=\"Deforested land\" width=\"600\" \/><\/p>\n<p>1. L\u2019Indon\u00e9sie conna\u00eet le taux de d\u00e9forestation le plus \u00e9lev\u00e9 au monde. Un quart des for\u00eats indon\u00e9siennes a disparu au cours de ces 25 derni\u00e8res ann\u00e9es.<\/p>\n<p>2. Ce qui \u00e9quivaut \u00e0 31 millions d\u2019hectares, une superficie quasi aussi grande que l\u2019Allemagne.<\/p>\n<p>3. En cause\u00a0? Les industries qui installent des plantations au c\u0153ur des for\u00eats (entre vous et moi, il s\u2019agit des industries de l\u2019huile de palme et du papier). Presque 40% de la d\u00e9forestation entre 2011 et 2013 a eu lieu sur des terres utilis\u00e9es par ces industries.<\/p>\n<p>4. La d\u00e9forestation menace chaque jour un peu plus la survie de l\u2019orang-outan, dont 4% de ce qu\u2019il reste de son territoire a \u00e9t\u00e9 d\u00e9truit en tout juste deux ans (2011-2013).<\/p>\n<p><img decoding=\"async\" src=\"https:\/\/www.greenpeace.org\/static\/planet4-belgium-stateless\/2018\/12\/5043bfb9-5043bfb9-giphy.gif\" alt=\"orang-utans in indonesia\" width=\"600\" \/><\/p>\n<p>5. Il n\u2019est m\u00eame plus en s\u00e9curit\u00e9 dans ce qui lui reste comme habitat : la moiti\u00e9 de \u00ab\u00a0sa\u00a0\u00bb for\u00eat est d\u00e9j\u00e0 entre les mains des entreprises.<\/p>\n<p>6. Et cette destruction ne montre aucun signe de r\u00e9pit. Le gouvernement indon\u00e9sien a identifi\u00e9 quelque 15 millions d\u2019hectares de for\u00eats disponibles pour les entreprises.<\/p>\n<p>7. Cette ann\u00e9e, les feux d\u00e9clench\u00e9s au c\u0153ur des for\u00eats et des tourbi\u00e8res montrent \u00e0 quel point les for\u00eats indon\u00e9siennes repr\u00e9sentent une urgence climatique globale. Certains jours, les feux \u00e9mettent plus de gaz \u00e0 effet de serre que l\u2019enti\u00e8ret\u00e9 des Etats-Unis.<\/p>\n<p>8. Des millions de personnes \u00e0 travers l\u2019Asie du Sud Est sont affect\u00e9es par cette brume \u00e9paisse \u00e9mise par les feux. Plus de 110.000 personnes meurent tous les ans pr\u00e9matur\u00e9ment des suites de cette pollution toxique.<\/p>\n<p><img decoding=\"async\" src=\"https:\/\/www.greenpeace.org\/static\/planet4-belgium-stateless\/2018\/12\/5043bfb9-5043bfb9-giphy.gif\" alt=\"\" width=\"600\" \/><\/p>\n<p>9. Ces feux menacent un tiers des orangs outans vivant \u00e0 l\u2019\u00e9tat sauvage dans le monde.<\/p>\n<p>\u2026<a href=\"http:\/\/www.greenpeace.org\/archive-international\/en\/news\/Blogs\/makingwaves\/sad-scared-alone-the-baby-orangutan-orphaned-\/blog\/54755\/\">y compris Otan, un orphelin, dont l\u2019histoire nous a tous \u00e9mus. Triste, apeur\u00e9 et seul. Voil\u00e0 son triste sort<\/a>.<\/p>\n<p>10. Il y a un lien \u00e9vident entre la d\u00e9forestation et les feux de for\u00eat en Indon\u00e9sie. Pr\u00e8s de 36% des zones o\u00f9 d\u00e9marrent les feux sont localis\u00e9s dans des endroits aux mains de l\u2019industrie de l\u2019huile de palme et du papier.<\/p>\n<p><img decoding=\"async\" src=\"https:\/\/www.greenpeace.org\/static\/planet4-belgium-stateless\/2018\/12\/5043bfb9-5043bfb9-giphy.gif\" alt=\"Deforested land\" width=\"600\" \/><\/p>\n<p><strong>Ces faits choquants montrent pourquoi les entreprises doivent faire plus pour prot\u00e9ger les for\u00eats. <\/strong><a href=\"https:\/\/secure.greenpeace.org.uk\/page\/s\/stop-palm-oil-forest-fires?source=wb&amp;subsource=20151120fowb01\"><strong><span style=\"text-decoration: underline;\">Agissez maintenant &gt;&gt;\u00a0http:\/\/bit.ly\/1I16E1X<\/span><\/strong><\/a><\/p>\n<p><a href=\"https:\/\/www.greenpeace.org\/static\/planet4-belgium-stateless\/2018\/12\/d1a416d4-d1a416d4-under-fire-eng.pdf\">En savoir plus: d\u00e9couvrez notre nouveau rapport<\/a>.<\/p>\n<\/div>\n<\/div>\n","protected":false},"excerpt":{"rendered":"<p>Pendant des mois, les feux de for\u00eat ont fait rage en Indon\u00e9sie, portant ce probl\u00e8me d\u00e9vastateur \u00e0 l\u2019attention du monde entier et mettant en danger citoyens et esp\u00e8ces animales, dont&hellip;<\/p>\n","protected":false},"author":22,"featured_media":718,"comment_status":"closed","ping_status":"closed","sticky":false,"template":"","format":"standard","meta":{"ep_exclude_from_search":false,"p4_og_title":"","p4_og_description":"","p4_og_image":"","p4_og_image_id":"","p4_seo_canonical_url":"","p4_campaign_name":"","p4_local_project":"","p4_basket_name":"","p4_department":"","footnotes":""},"categories":[105],"tags":[80],"p4-page-type":[116],"class_list":["post-716","post","type-post","status-publish","format-standard","has-post-thumbnail","hentry","category-preserver-la-beaute-de-notre-planete","tag-forets","p4-page-type-actualites-blog"],"_links":{"self":[{"href":"https:\/\/www.greenpeace.org\/belgium\/fr\/wp-json\/wp\/v2\/posts\/716","targetHints":{"allow":["GET"]}}],"collection":[{"href":"https:\/\/www.greenpeace.org\/belgium\/fr\/wp-json\/wp\/v2\/posts"}],"about":[{"href":"https:\/\/www.greenpeace.org\/belgium\/fr\/wp-json\/wp\/v2\/types\/post"}],"author":[{"embeddable":true,"href":"https:\/\/www.greenpeace.org\/belgium\/fr\/wp-json\/wp\/v2\/users\/22"}],"replies":[{"embeddable":true,"href":"https:\/\/www.greenpeace.org\/belgium\/fr\/wp-json\/wp\/v2\/comments?post=716"}],"version-history":[{"count":3,"href":"https:\/\/www.greenpeace.org\/belgium\/fr\/wp-json\/wp\/v2\/posts\/716\/revisions"}],"predecessor-version":[{"id":2699,"href":"https:\/\/www.greenpeace.org\/belgium\/fr\/wp-json\/wp\/v2\/posts\/716\/revisions\/2699"}],"wp:featuredmedia":[{"embeddable":true,"href":"https:\/\/www.greenpeace.org\/belgium\/fr\/wp-json\/wp\/v2\/media\/718"}],"wp:attachment":[{"href":"https:\/\/www.greenpeace.org\/belgium\/fr\/wp-json\/wp\/v2\/media?parent=716"}],"wp:term":[{"taxonomy":"category","embeddable":true,"href":"https:\/\/www.greenpeace.org\/belgium\/fr\/wp-json\/wp\/v2\/categories?post=716"},{"taxonomy":"post_tag","embeddable":true,"href":"https:\/\/www.greenpeace.org\/belgium\/fr\/wp-json\/wp\/v2\/tags?post=716"},{"taxonomy":"p4-page-type","embeddable":true,"href":"https:\/\/www.greenpeace.org\/belgium\/fr\/wp-json\/wp\/v2\/p4-page-type?post=716"}],"curies":[{"name":"wp","href":"https:\/\/api.w.org\/{rel}","templated":true}]}}