{"id":7353,"date":"2019-10-21T09:29:37","date_gmt":"2019-10-21T07:29:37","guid":{"rendered":"https:\/\/www.greenpeace.org\/belgium\/?p=7353"},"modified":"2021-12-01T14:13:50","modified_gmt":"2021-12-01T13:13:50","slug":"envie-de-passer-a-lelectricite-verte-optez-pour-une-cooperative","status":"publish","type":"post","link":"https:\/\/www.greenpeace.org\/belgium\/fr\/actualites-blog\/7353\/envie-de-passer-a-lelectricite-verte-optez-pour-une-cooperative\/","title":{"rendered":"Envie de passer \u00e0 l\u2019\u00e9lectricit\u00e9 verte ? Optez pour une coop\u00e9rative !"},"content":{"rendered":"<p><b>Notre classement des fournisseurs d\u2019\u00e9lectricit\u00e9 a \u00e9t\u00e9 mis \u00e0 jour. En t\u00eate figurent quasi exclusivement des coop\u00e9ratives d\u2019\u00e9nergie. Avant de d\u00e9couvrir le nouveau classement et de faire le choix d\u2019une \u00e9nergie renouvelable, vous souhaitez peut-\u00eatre en savoir plus sur les coop\u00e9ratives ?\u00a0<\/b><!--more--><\/p>\n<p><span class=\"mid-button-fix\"><a class=\"cta-blog-button-mid\" href=\"https:\/\/monelectriciteverte.be\/#ranking\" target=\"_blank\" rel=\"noopener noreferrer\">Je d\u00e9couvre le nouveau classement<\/a><\/span><\/p>\n<h3>4 coop\u00e9ratives d\u2019\u00e9nergie verte en t\u00eate du classement<\/h3>\n<p><img loading=\"lazy\" decoding=\"async\" class=\"alignnone wp-image-3349 size-large\" src=\"https:\/\/www.greenpeace.org\/static\/planet4-belgium-stateless\/2019\/02\/ceca9841-ranking_2-1024x683.jpg\" alt=\"Envie de passer \u00e0 l\u2019\u00e9lectricit\u00e9 verte ? Optez pour une coop\u00e9rative !\" width=\"1024\" height=\"683\" srcset=\"https:\/\/www.greenpeace.org\/static\/planet4-belgium-stateless\/2019\/02\/ceca9841-ranking_2-1024x683.jpg 1024w, https:\/\/www.greenpeace.org\/static\/planet4-belgium-stateless\/2019\/02\/ceca9841-ranking_2-300x200.jpg 300w, https:\/\/www.greenpeace.org\/static\/planet4-belgium-stateless\/2019\/02\/ceca9841-ranking_2-768x512.jpg 768w, https:\/\/www.greenpeace.org\/static\/planet4-belgium-stateless\/2019\/02\/ceca9841-ranking_2-2048x1366.jpg 2048w, https:\/\/www.greenpeace.org\/static\/planet4-belgium-stateless\/2019\/02\/ceca9841-ranking_2-510x340.jpg 510w\" sizes=\"auto, (max-width: 1024px) 100vw, 1024px\" \/><\/p>\n<p>4 coop\u00e9ratives d\u2019\u00e9nergie, Cociter, Ecopower, Energie 2030 et Wase Wind, figurent en t\u00eate du nouveau classement de Greenpeace pour l\u2019<strong>\u00e9lectricit\u00e9 verte<\/strong>. La bonne nouvelle c\u2019est que, o\u00f9 que vous habitiez en Belgique, il y a toujours une coop\u00e9rative pr\u00eate \u00e0 vous livrer de l\u2019<b>\u00e9nergie renouvelable<\/b>. Tant au niveau de l\u2019\u00e9lectricit\u00e9 fournie que de leurs investissements futurs, ces coop\u00e9ratives sont 100% vertes !<\/p>\n<h3>Une coop\u00e9rative d\u2019\u00e9nergie verte : c\u2019est quoi exactement ?<\/h3>\n<p>Une coop\u00e9rative permet d\u2019augmenter le soutien aux <b>\u00e9nergies renouvelables<\/b> via une participation citoyenne. Concr\u00e8tement, en devenant coop\u00e9rateur, vous investissez un certain montant et vous \u00eates assur\u00e9 que votre argent servira \u00e0 financer des projets concrets pour une transition vers des <strong>\u00e9nergies renouvelables<\/strong>. De plus, vous pourrez tirer un b\u00e9n\u00e9fice financier de la transition vers un avenir \u00e9nerg\u00e9tique durable.<\/p>\n<h3>J\u2019opte pour une coop\u00e9rative : comment faire ?<\/h3>\n<p>Au d\u00e9part de notre <a href=\"https:\/\/monelectriciteverte.be\/#ranking\">site consacr\u00e9 \u00e0 l\u2019\u00e9nergie verte<\/a>, nous vous renvoyons \u00e0 la page de votre fournisseur pr\u00e9f\u00e9r\u00e9. L\u00e0, vous pouvez facilement effectuer le changement.<\/p>\n<h3>Je ne souhaite pas opter pour une coop\u00e9rative. Quelles sont les autres possibilit\u00e9s ?<\/h3>\n<p>Greenpeace a r\u00e9parti les fournisseurs en trois cat\u00e9gories : recommand\u00e9, peut mieux faire et d\u00e9conseill\u00e9.<\/p>\n<p>Outre les coop\u00e9ratives, Trevion, Aspiravi et Eneco se retrouvent eux aussi dans la cat\u00e9gorie \u201crecommand\u00e9\u201d. Eneco est pr\u00e9sent sur l\u2019ensemble du territoire. Attention : ce fournisseur pourrait \u00eatre repris tr\u00e8s prochainement et cela pourrait avoir un impact sur son \u00e9valuation. Trevion, dont les installations au biogaz figurent parmi les sources d\u2019\u00e9nergie les plus renouvelables, et Aspiravi sont quant \u00e0 eux uniquement pr\u00e9sents en Flandre.<\/p>\n<p>Mega a d\u00e9gringol\u00e9 par rapport \u00e0 la pr\u00e9c\u00e9dente \u00e9dition de notre classement et est aujourd\u2019hui le seul fournisseur \u00e0 se retrouver dans la cat\u00e9gorie \u201cpeut mieux faire\u201d. Mega n\u2019a pas de plan d\u2019investissement dans l\u2019<strong>\u00e9nergie verte<\/strong> et n\u2019a plus de production propre. Mega pourrait remonter son score \u00e0 l\u2019avenir si elle augmente ses investissements dans dans les <strong>\u00e9nergies renouvelables<\/strong> ou si elle ach\u00e8te plus d\u2019\u00e9nergies vertes directement chez un producteur.\u00a0 Tous les autres fournisseurs sont d\u00e9conseill\u00e9s par Greenpeace.<\/p>\n<p><a class=\"cta-blog-button\" href=\"https:\/\/monelectriciteverte.be\/#ranking\" target=\"_blank\" rel=\"noopener noreferrer\">Je d\u00e9couvre le nouveau classement<\/a><\/p>\n<table class=\"hideme\" style=\"width: 100%;\" width=\"100%\">\n<tbody>\n<tr style=\"width: 100%;\">\n<td class=\"icon\">&nbsp;<\/p>\n<p><img decoding=\"async\" title=\"Facebook\" src=\"https:\/\/www.greenpeace.org\/static\/planet4-belgium-stateless\/2019\/09\/09281872-fb.png\" alt=\"Facebook\" width=\"100%\" \/><\/p>\n<p>&nbsp;<\/td>\n<td class=\"name\">&nbsp;<\/p>\n<p>Facebook<\/p>\n<p>&nbsp;<\/td>\n<td class=\"icon\">&nbsp;<\/p>\n<p><img decoding=\"async\" title=\"Instagram\" src=\"https:\/\/www.greenpeace.org\/static\/planet4-belgium-stateless\/2019\/09\/89871ad4-insta.png\" alt=\"Instagram\" width=\"100%\" \/><\/p>\n<p>&nbsp;<\/td>\n<td class=\"name\">&nbsp;<\/p>\n<p>Instagram<\/p>\n<p>&nbsp;<\/td>\n<td class=\"icon\">&nbsp;<\/p>\n<p><img decoding=\"async\" title=\"Twitter\" src=\"https:\/\/www.greenpeace.org\/static\/planet4-belgium-stateless\/2019\/09\/aebb8c6a-tw.png\" alt=\"Twitter\" width=\"100%\" \/><\/p>\n<p>&nbsp;<\/td>\n<td class=\"name\">&nbsp;<\/p>\n<p>Twitter<\/p>\n<p>&nbsp;<\/td>\n<td class=\"icon\">&nbsp;<\/p>\n<p><img decoding=\"async\" title=\"YouTube\" src=\"https:\/\/www.greenpeace.org\/static\/planet4-belgium-stateless\/2019\/09\/4fd7759c-yt.png\" alt=\"YouTube\" width=\"100%\" \/><\/p>\n<p>&nbsp;<\/td>\n<td class=\"name\">&nbsp;<\/p>\n<p>YouTube<\/p>\n<p>&nbsp;<\/td>\n<\/tr>\n<\/tbody>\n<\/table>\n<div class=\"EmptyMessage\">Block content is empty. Check the block&rsquo;s settings or remove it.<\/div>","protected":false},"excerpt":{"rendered":"<p>Notre classement des fournisseurs d\u2019\u00e9lectricit\u00e9 a \u00e9t\u00e9 mis \u00e0 jour. En t\u00eate figurent quasi exclusivement des coop\u00e9ratives d\u2019\u00e9nergie. Avant de d\u00e9couvrir le nouveau classement et de faire le choix d\u2019une&hellip;<\/p>\n","protected":false},"author":49,"featured_media":2118,"comment_status":"closed","ping_status":"closed","sticky":false,"template":"","format":"standard","meta":{"ep_exclude_from_search":false,"p4_og_title":"Envie de passer \u00e0 l\u2019\u00e9lectricit\u00e9 verte ? Optez pour une coop\u00e9rative !","p4_og_description":"Notre classement des fournisseurs d\u2019\u00e9lectricit\u00e9 a \u00e9t\u00e9 mis \u00e0 jour. En t\u00eate figurent des coop\u00e9ratives. Avant de faire votre choix, vous souhaitez peut-\u00eatre en savoir plus sur les coop\u00e9ratives ?","p4_og_image":"","p4_og_image_id":"","p4_seo_canonical_url":"","p4_campaign_name":"not set","p4_local_project":"","p4_basket_name":"not set","p4_department":"","footnotes":""},"categories":[107],"tags":[70],"p4-page-type":[116],"class_list":["post-7353","post","type-post","status-publish","format-standard","has-post-thumbnail","hentry","category-ensemble-nous-sommes-la-solution","tag-energie","p4-page-type-actualites-blog"],"_links":{"self":[{"href":"https:\/\/www.greenpeace.org\/belgium\/fr\/wp-json\/wp\/v2\/posts\/7353","targetHints":{"allow":["GET"]}}],"collection":[{"href":"https:\/\/www.greenpeace.org\/belgium\/fr\/wp-json\/wp\/v2\/posts"}],"about":[{"href":"https:\/\/www.greenpeace.org\/belgium\/fr\/wp-json\/wp\/v2\/types\/post"}],"author":[{"embeddable":true,"href":"https:\/\/www.greenpeace.org\/belgium\/fr\/wp-json\/wp\/v2\/users\/49"}],"replies":[{"embeddable":true,"href":"https:\/\/www.greenpeace.org\/belgium\/fr\/wp-json\/wp\/v2\/comments?post=7353"}],"version-history":[{"count":7,"href":"https:\/\/www.greenpeace.org\/belgium\/fr\/wp-json\/wp\/v2\/posts\/7353\/revisions"}],"predecessor-version":[{"id":25453,"href":"https:\/\/www.greenpeace.org\/belgium\/fr\/wp-json\/wp\/v2\/posts\/7353\/revisions\/25453"}],"wp:featuredmedia":[{"embeddable":true,"href":"https:\/\/www.greenpeace.org\/belgium\/fr\/wp-json\/wp\/v2\/media\/2118"}],"wp:attachment":[{"href":"https:\/\/www.greenpeace.org\/belgium\/fr\/wp-json\/wp\/v2\/media?parent=7353"}],"wp:term":[{"taxonomy":"category","embeddable":true,"href":"https:\/\/www.greenpeace.org\/belgium\/fr\/wp-json\/wp\/v2\/categories?post=7353"},{"taxonomy":"post_tag","embeddable":true,"href":"https:\/\/www.greenpeace.org\/belgium\/fr\/wp-json\/wp\/v2\/tags?post=7353"},{"taxonomy":"p4-page-type","embeddable":true,"href":"https:\/\/www.greenpeace.org\/belgium\/fr\/wp-json\/wp\/v2\/p4-page-type?post=7353"}],"curies":[{"name":"wp","href":"https:\/\/api.w.org\/{rel}","templated":true}]}}