{"id":741,"date":"2017-01-17T16:47:00","date_gmt":"2017-01-17T16:47:00","guid":{"rendered":"https:\/\/www.greenpeace.org\/belgium\/blog\/741\/les-derniers-paysages-forestiers-intacts-dafrique-sont-en-danger\/"},"modified":"2019-11-06T10:23:45","modified_gmt":"2019-11-06T08:23:45","slug":"les-derniers-paysages-forestiers-intacts-dafrique-sont-en-danger","status":"publish","type":"post","link":"https:\/\/www.greenpeace.org\/belgium\/fr\/actualites-blog\/741\/les-derniers-paysages-forestiers-intacts-dafrique-sont-en-danger\/","title":{"rendered":"Les derniers paysages forestiers intacts d\u2019Afrique sont en danger"},"content":{"rendered":"<div class=\"post-content\">\n<div>\n<p>Les r\u00e9sultats d\u2019une <a href=\"http:\/\/advances.sciencemag.org\/content\/3\/1\/e1600821\">\u00e9tude<\/a> de l\u2019Universit\u00e9 du Maryland (USA) publi\u00e9s vendredi dernier dans la revue scientifique \u00ab\u2009Science Advances\u2009\u00bb montrent que l\u2019exploitation foresti\u00e8re dite \u00a0\u00ab\u2009 s\u00e9lective\u2009\u00bb a repr\u00e9sent\u00e9 \u00a077\u00a0% de la perte totale des paysages forestiers intacts (IFL en anglais) \u00a0d\u2019Afrique entre 2000 et 2013.<\/p>\n<h3><strong>L\u2019importance des paysages forestiers intacts <\/strong><\/h3>\n<p>Des millions de personnes vivent dans ces zones et d\u00e9pendent de ces for\u00eats qui abritent \u00e9galement un grand nombre d\u2019esp\u00e8ces v\u00e9g\u00e9tales et animales. En outre, la protection de ces zones foresti\u00e8res est vitale pour la lutte contre le changement climatique, car la d\u00e9forestation ferait dispara\u00eetre ces \u00e9normes puits de carbone. Ces \u00e9cosyst\u00e8mes forestiers sont \u00e9galement plus r\u00e9sistants aux perturbations naturelles et aux effets du changement climatique.<\/p>\n<h3><strong>Disparition \u00e0 grande vitesse<\/strong><\/h3>\n<p>Entre 2000 et 2013, l\u2019Afrique a perdu environ 101\u2009000 kilom\u00e8tres carr\u00e9s de paysages forestiers intacts, soit pr\u00e8s de 10\u00a0% de la surface totale des paysages forestiers intactes du continent (\u00e9quivalent \u00e0 une superficie plus grande que celle du Portugal). Cette disparition s\u2019est produite pour plus de 90\u00a0% dans le bassin du Congo. L\u2019\u00e9tude attire l\u2019attention sur le fait qu\u2019\u00e0 ce rythme, tous les pays du bassin du Congo, \u00e0 l\u2019exception de la R\u00e9publique D\u00e9mocratique du Congo, pourraient perdre l\u2019ensemble de leurs paysages forestiers intacts dans les 60 ann\u00e9es \u00e0 venir.<\/p>\n<h3><strong>La certification n\u2019a pas emp\u00each\u00e9 la disparition des paysages forestiers intacts<\/strong><\/h3>\n<p>Les chercheurs avancent que dans le bassin du Congo, contrairement aux id\u00e9es re\u00e7ues, la certification FSC des concessions foresti\u00e8res dont la gestion est dite responsable a eu un impact n\u00e9gligeable sur la pr\u00e9vention de la fragmentation des for\u00eats vierges. Ils ont en effet constat\u00e9 que dans le bassin du Congo, la vitesse de fragmentation \u00e9tait aussi \u00e9lev\u00e9e dans les concessions certifi\u00e9es FSC que dans les concessions non certifi\u00e9es, voire sup\u00e9rieure dans les premi\u00e8res. Au Cameroun, la disparition des paysages forestiers intacts au cours de cette p\u00e9riode a m\u00eame atteint le taux hallucinant de 84,5\u00a0% dans les concessions certifi\u00e9es FSC.<\/p>\n<h3><strong>Les chercheurs cartographient les for\u00eats<\/strong><\/h3>\n<p>Pour illustrer leurs conclusions, les chercheurs ont publi\u00e9 la carte d\u2019une zone correspondant \u00e0 une grande concession foresti\u00e8re en R\u00e9publique du Congo\u00a0: la concession d\u2019IFO (Industrie Foresti\u00e8re de Ouesso), filiale du groupe autrichien Danzer, une concession certifi\u00e9e de longue date par le <em>Forest Stewardship Council <\/em>(FSC). La carte montre que, malgr\u00e9 son label de durabilit\u00e9, l\u2019exploitation foresti\u00e8re y a port\u00e9 atteinte \u00e0 de vastes \u00e9tendues de for\u00eat vierge. IFO a cr\u00e9\u00e9 dans sa concession un vaste r\u00e9seau de routes qui, \u00e0 son tour, a stimul\u00e9 les nouvelles implantations et les activit\u00e9s agricoles. L\u2019an dernier, les chercheurs de l\u2019Universit\u00e9 du Maryland ont recueilli des preuves indiquant que cette concession avait connu l\u2019un des plus grands <a href=\"https:\/\/news.mongabay.com\/2016\/03\/massive-wildfire-rips-through-congo-rainforest-is-logging-to-blame\/\" target=\"_blank\" rel=\"noopener noreferrer\">incendies de for\u00eat<\/a> jamais observ\u00e9s dans les for\u00eats tropicales d\u2019Afrique centrale.<\/p>\n<p><img decoding=\"async\" src=\"https:\/\/www.greenpeace.org\/static\/planet4-belgium-stateless\/2018\/12\/e3197b11-e3197b11-133266_235799.jpg\" alt=\"\" \/><\/p>\n<h3><strong>Une gestion foresti\u00e8re pr\u00e9tendument durable<\/strong><\/h3>\n<p>La plupart des pays du bassin du Congo, soutenus par leurs bailleurs de fonds, investissent massivement dans la gestion pr\u00e9tendument durable des for\u00eats et dans la certification, deux piliers de leur politique de protection des for\u00eats et de r\u00e9duction des \u00e9missions de CO<sub>2<\/sub>. Par exemple, l\u2019Initiative pour la for\u00eat de l\u2019Afrique centrale (CAFI), fond\u00e9e en 2015, pr\u00e9pare encore de nouveaux projets visant \u00e0 investir des millions de dollars en RDC dans la gestion foresti\u00e8re pr\u00e9tendument durable, une strat\u00e9gie qui a jusqu\u2019ici donn\u00e9 tr\u00e8s peu de r\u00e9sultats positifs dans le bassin du Congo.<\/p>\n<h3><strong>Prot\u00e9ger les for\u00eats vierges avant qu\u2019il ne soit trop tard<\/strong><\/h3>\n<p>Les r\u00e9sultats de cette \u00e9tude sugg\u00e8rent fortement que les gouvernements du bassin du Congo ainsi que les pays donateurs qui soutiennent leur politique foresti\u00e8re reconsid\u00e8rent leur approche. Tant qu\u2019il en est encore temps, la protection des paysages forestiers intacts doit \u00eatre une priorit\u00e9 absolue. L\u2019\u00e9tude montre que la cr\u00e9ation de zones prot\u00e9g\u00e9es est une strat\u00e9gie beaucoup plus efficace pour pr\u00e9server ces for\u00eats.<\/p>\n<\/div>\n<\/div>\n","protected":false},"excerpt":{"rendered":"<p>Les r\u00e9sultats d\u2019une \u00e9tude de l\u2019Universit\u00e9 du Maryland (USA) publi\u00e9s vendredi dernier dans la revue scientifique \u00ab\u2009Science Advances\u2009\u00bb montrent que l\u2019exploitation foresti\u00e8re dite \u00a0\u00ab\u2009 s\u00e9lective\u2009\u00bb a repr\u00e9sent\u00e9 \u00a077\u00a0% de la perte totale des paysages forestiers intacts (IFL en anglais) \u00a0d\u2019Afrique entre 2000 et 2013.<\/p>\n","protected":false},"author":37,"featured_media":2515,"comment_status":"closed","ping_status":"closed","sticky":false,"template":"","format":"standard","meta":{"ep_exclude_from_search":false,"p4_og_title":"","p4_og_description":"","p4_og_image":"","p4_og_image_id":"","p4_seo_canonical_url":"","p4_campaign_name":"","p4_local_project":"","p4_basket_name":"","p4_department":"","footnotes":""},"categories":[105],"tags":[80],"p4-page-type":[116],"class_list":["post-741","post","type-post","status-publish","format-standard","has-post-thumbnail","hentry","category-preserver-la-beaute-de-notre-planete","tag-forets","p4-page-type-actualites-blog"],"_links":{"self":[{"href":"https:\/\/www.greenpeace.org\/belgium\/fr\/wp-json\/wp\/v2\/posts\/741","targetHints":{"allow":["GET"]}}],"collection":[{"href":"https:\/\/www.greenpeace.org\/belgium\/fr\/wp-json\/wp\/v2\/posts"}],"about":[{"href":"https:\/\/www.greenpeace.org\/belgium\/fr\/wp-json\/wp\/v2\/types\/post"}],"author":[{"embeddable":true,"href":"https:\/\/www.greenpeace.org\/belgium\/fr\/wp-json\/wp\/v2\/users\/37"}],"replies":[{"embeddable":true,"href":"https:\/\/www.greenpeace.org\/belgium\/fr\/wp-json\/wp\/v2\/comments?post=741"}],"version-history":[{"count":3,"href":"https:\/\/www.greenpeace.org\/belgium\/fr\/wp-json\/wp\/v2\/posts\/741\/revisions"}],"predecessor-version":[{"id":7745,"href":"https:\/\/www.greenpeace.org\/belgium\/fr\/wp-json\/wp\/v2\/posts\/741\/revisions\/7745"}],"wp:featuredmedia":[{"embeddable":true,"href":"https:\/\/www.greenpeace.org\/belgium\/fr\/wp-json\/wp\/v2\/media\/2515"}],"wp:attachment":[{"href":"https:\/\/www.greenpeace.org\/belgium\/fr\/wp-json\/wp\/v2\/media?parent=741"}],"wp:term":[{"taxonomy":"category","embeddable":true,"href":"https:\/\/www.greenpeace.org\/belgium\/fr\/wp-json\/wp\/v2\/categories?post=741"},{"taxonomy":"post_tag","embeddable":true,"href":"https:\/\/www.greenpeace.org\/belgium\/fr\/wp-json\/wp\/v2\/tags?post=741"},{"taxonomy":"p4-page-type","embeddable":true,"href":"https:\/\/www.greenpeace.org\/belgium\/fr\/wp-json\/wp\/v2\/p4-page-type?post=741"}],"curies":[{"name":"wp","href":"https:\/\/api.w.org\/{rel}","templated":true}]}}