{"id":7504,"date":"2019-11-05T17:28:37","date_gmt":"2019-11-05T15:28:37","guid":{"rendered":"https:\/\/www.greenpeace.org\/belgium\/?p=7504"},"modified":"2021-12-01T14:13:37","modified_gmt":"2021-12-01T13:13:37","slug":"des-dirigeants-bresiliens-en-belgique-pour-temoigner-de-la-destruction-de-leurs-forets","status":"publish","type":"post","link":"https:\/\/www.greenpeace.org\/belgium\/fr\/actualites-blog\/7504\/des-dirigeants-bresiliens-en-belgique-pour-temoigner-de-la-destruction-de-leurs-forets\/","title":{"rendered":"Des leaders indig\u00e8nes br\u00e9siliens en Belgique pour t\u00e9moigner de la destruction de leurs for\u00eats"},"content":{"rendered":"<p><b>Du 3 au 6 novembre, une d\u00e9l\u00e9gation de dirigeants autochtones br\u00e9siliens est en Belgique pour apporter leurs t\u00e9moignages sur les violations de leurs droits et sur la destruction de l&rsquo;Amazonie et du Cerrado. Ils demandent aux politiques et aux entreprises belges et europ\u00e9ennes d&rsquo;agir concr\u00e8tement pour pr\u00e9server ces \u00e9cosyst\u00e8mes extraordinaires. <\/b><!--more--><\/p>\n<p><span class=\"mid-button-fix\"><a class=\"cta-blog-button-mid\" href=\"https:\/\/www.greenpeace.org\/belgium\/fr\/agir\/suivez-lactualite-de-nos-campagnes\/\" target=\"_blank\" rel=\"noopener noreferrer\">Je m&rsquo;inscris \u00e0 la newsletter<\/a><\/span><\/p>\n<h3>Stop \u00e0 la d\u00e9forestation import\u00e9e<\/h3>\n<p><img loading=\"lazy\" decoding=\"async\" class=\"alignnone wp-image-7509 size-full\" src=\"https:\/\/www.greenpeace.org\/static\/planet4-belgium-stateless\/2019\/11\/9c0d9205-indigenous_people2.jpg\" alt=\"Des dirigeants br\u00e9siliens en Belgique pour t\u00e9moigner de la destruction de leurs for\u00eats\" width=\"999\" height=\"663\" srcset=\"https:\/\/www.greenpeace.org\/static\/planet4-belgium-stateless\/2019\/11\/9c0d9205-indigenous_people2.jpg 999w, https:\/\/www.greenpeace.org\/static\/planet4-belgium-stateless\/2019\/11\/9c0d9205-indigenous_people2-300x199.jpg 300w, https:\/\/www.greenpeace.org\/static\/planet4-belgium-stateless\/2019\/11\/9c0d9205-indigenous_people2-768x510.jpg 768w, https:\/\/www.greenpeace.org\/static\/planet4-belgium-stateless\/2019\/11\/9c0d9205-indigenous_people2-510x338.jpg 510w\" sizes=\"auto, (max-width: 999px) 100vw, 999px\" \/><\/p>\n<p>En tant que pays importateur de soja et de bois tropical, la Belgique a une grande responsabilit\u00e9 dans la lutte contre la <strong>d\u00e9forestation<\/strong> et les violations des droits de l\u2019homme au Br\u00e9sil. C\u2019est l\u00e0 l\u2019une des raisons de la visite de la d\u00e9l\u00e9gation br\u00e9silienne chez nous. Mais pas seulement. Ils demandent aussi \u00e0 nos politiciens de cesser l\u2019importation de l\u2019ensemble des produits qui sont li\u00e9s \u00e0 la <strong>d\u00e9forestation<\/strong> et aux violations des droits de l\u2019homme. Cela concerne le soja et le bois bien s\u00fbr mais aussi, le boeuf, le cuir ou encore, le sucre. En tant que pays membre de l\u2019UE, la Belgique doit plaider en faveur de la suspension de l\u2019accord commercial avec le Mercosur jusqu\u2019\u00e0 ce que l\u2019Amazonie et les \u00e9cosyst\u00e8mes du Br\u00e9sil soient prot\u00e9g\u00e9s.<\/p>\n<p><img loading=\"lazy\" decoding=\"async\" class=\"alignnone wp-image-7507 size-full\" src=\"https:\/\/www.greenpeace.org\/static\/planet4-belgium-stateless\/2019\/11\/aabdfb4f-indigenous_people4.jpg\" alt=\"Des dirigeants br\u00e9siliens en Belgique pour t\u00e9moigner de la destruction de leurs for\u00eats\" width=\"999\" height=\"663\" srcset=\"https:\/\/www.greenpeace.org\/static\/planet4-belgium-stateless\/2019\/11\/aabdfb4f-indigenous_people4.jpg 999w, https:\/\/www.greenpeace.org\/static\/planet4-belgium-stateless\/2019\/11\/aabdfb4f-indigenous_people4-300x199.jpg 300w, https:\/\/www.greenpeace.org\/static\/planet4-belgium-stateless\/2019\/11\/aabdfb4f-indigenous_people4-768x510.jpg 768w, https:\/\/www.greenpeace.org\/static\/planet4-belgium-stateless\/2019\/11\/aabdfb4f-indigenous_people4-510x338.jpg 510w\" sizes=\"auto, (max-width: 999px) 100vw, 999px\" \/><\/p>\n<p>Au Br\u00e9sil, la production de soja pour l\u2019alimentation animale a quadrupl\u00e9 au cours des deux derni\u00e8res d\u00e9cennies. Une \u00e9volution qui conduit \u00e0 une d\u00e9forestation \u00e0 grande \u00e9chelle, \u00e0 des violations des droits de l\u2019homme mais qui a \u00e9galement des cons\u00e9quences d\u00e9sastreuses sur le climat. De plus, depuis l\u2019entr\u00e9e en fonction du pr\u00e9sident Jair Bolsonaro, la population autochtone est de plus en plus confront\u00e9e \u00e0 la violence et aux menaces de mort. La <strong>d\u00e9forestation<\/strong> a affich\u00e9 un triste record cet \u00e9t\u00e9. Le nombre d\u2019incendies de for\u00eat a augment\u00e9 de 111% entre janvier et ao\u00fbt de cette ann\u00e9e.<\/p>\n<p>Avec comme message <a href=\"https:\/\/en.nenhumagotamais.org\/comitiva\">Sang autochtone: pas une goutte de plus<\/a>, les dirigeants indig\u00e8nes interpellent la Belgique et l&rsquo;Europe de fa\u00e7on g\u00e9n\u00e9rale pour qu\u2019elles agissent en faveur de la protection des for\u00eats au Br\u00e9sil.<\/p>\n<p><a class=\"cta-blog-button\" href=\"https:\/\/www.greenpeace.org\/belgium\/fr\/agir\/suivez-lactualite-de-nos-campagnes\/\" target=\"_blank\" rel=\"noopener noreferrer\">Je m&rsquo;inscris \u00e0 la newsletter<\/a><\/p>\n<table class=\"hideme\" style=\"width: 100%;\" width=\"100%\">\n<tbody>\n<tr style=\"width: 100%;\">\n<td class=\"icon\"><a href=\"https:\/\/www.facebook.com\/greenpeace.belgium\" target=\"_blank\" rel=\"noopener noreferrer\"><br \/>\n<img decoding=\"async\" title=\"Facebook\" src=\"https:\/\/www.greenpeace.org\/static\/planet4-belgium-stateless\/2019\/09\/09281872-fb.png\" alt=\"Facebook\" width=\"100%\" \/><br \/>\n<\/a><\/td>\n<td class=\"name\"><a href=\"https:\/\/www.facebook.com\/greenpeace.belgium\" target=\"_blank\" rel=\"noopener noreferrer\"><br \/>\nFacebook<br \/>\n<\/a><\/td>\n<td class=\"icon\"><a href=\"https:\/\/www.instagram.com\/greenpeace_be\/\" target=\"_blank\" rel=\"noopener noreferrer\"><br \/>\n<img decoding=\"async\" title=\"Instagram\" src=\"https:\/\/www.greenpeace.org\/static\/planet4-belgium-stateless\/2019\/09\/89871ad4-insta.png\" alt=\"Instagram\" width=\"100%\" \/><br \/>\n<\/a><\/td>\n<td class=\"name\"><a href=\"https:\/\/www.instagram.com\/greenpeace_be\/\" target=\"_blank\" rel=\"noopener noreferrer\"><br \/>\nInstagram<br \/>\n<\/a><\/td>\n<td class=\"icon\"><a href=\"https:\/\/twitter.com\/greenpeace_be\" target=\"_blank\" rel=\"noopener noreferrer\"><br \/>\n<img decoding=\"async\" title=\"Twitter\" src=\"https:\/\/www.greenpeace.org\/static\/planet4-belgium-stateless\/2019\/09\/aebb8c6a-tw.png\" alt=\"Twitter\" width=\"100%\" \/><br \/>\n<\/a><\/td>\n<td class=\"name\"><a href=\"https:\/\/twitter.com\/greenpeace_be\" target=\"_blank\" rel=\"noopener noreferrer\"><br \/>\nTwitter<br \/>\n<\/a><\/td>\n<td class=\"icon\"><a href=\"https:\/\/www.youtube.com\/user\/GreenpeaceBelgium\" target=\"_blank\" rel=\"noopener noreferrer\"><br \/>\n<img decoding=\"async\" title=\"YouTube\" src=\"https:\/\/www.greenpeace.org\/static\/planet4-belgium-stateless\/2019\/09\/4fd7759c-yt.png\" alt=\"YouTube\" width=\"100%\" \/><br \/>\n<\/a><\/td>\n<td class=\"name\"><a href=\"https:\/\/www.youtube.com\/user\/GreenpeaceBelgium\" target=\"_blank\" rel=\"noopener noreferrer\"><br \/>\nYouTube<br \/>\n<\/a><\/td>\n<\/tr>\n<\/tbody>\n<\/table>\n<div class=\"EmptyMessage\">Block content is empty. Check the block&rsquo;s settings or remove it.<\/div>","protected":false},"excerpt":{"rendered":"<p>Du 3 au 6 novembre, une d\u00e9l\u00e9gation de dirigeants autochtones br\u00e9siliens est en Belgique pour apporter leurs t\u00e9moignages sur les violations de leurs droits et sur la destruction de l&#8217;Amazonie&hellip;<\/p>\n","protected":false},"author":49,"featured_media":7505,"comment_status":"closed","ping_status":"closed","sticky":false,"template":"","format":"standard","meta":{"ep_exclude_from_search":false,"p4_og_title":"Des dirigeants indig\u00e8nes br\u00e9siliens t\u00e9moignent de la destruction de leurs for\u00eats","p4_og_description":"<p>Des dirigeants indig\u00e8nes br\u00e9siliens demandent \u00e0 la Belgique d'agir contre la d\u00e9forestation et les violations des droits de l\u2019homme au Br\u00e9sil. Agissez \u00e0 leurs c\u00f4t\u00e9s.<\/p>","p4_og_image":"","p4_og_image_id":"","p4_seo_canonical_url":"","p4_campaign_name":"not set","p4_local_project":"not set","p4_basket_name":"not set","p4_department":"","footnotes":""},"categories":[107,1],"tags":[80],"p4-page-type":[116],"class_list":["post-7504","post","type-post","status-publish","format-standard","has-post-thumbnail","hentry","category-ensemble-nous-sommes-la-solution","category-non-classifiee","tag-forets","p4-page-type-actualites-blog"],"_links":{"self":[{"href":"https:\/\/www.greenpeace.org\/belgium\/fr\/wp-json\/wp\/v2\/posts\/7504","targetHints":{"allow":["GET"]}}],"collection":[{"href":"https:\/\/www.greenpeace.org\/belgium\/fr\/wp-json\/wp\/v2\/posts"}],"about":[{"href":"https:\/\/www.greenpeace.org\/belgium\/fr\/wp-json\/wp\/v2\/types\/post"}],"author":[{"embeddable":true,"href":"https:\/\/www.greenpeace.org\/belgium\/fr\/wp-json\/wp\/v2\/users\/49"}],"replies":[{"embeddable":true,"href":"https:\/\/www.greenpeace.org\/belgium\/fr\/wp-json\/wp\/v2\/comments?post=7504"}],"version-history":[{"count":10,"href":"https:\/\/www.greenpeace.org\/belgium\/fr\/wp-json\/wp\/v2\/posts\/7504\/revisions"}],"predecessor-version":[{"id":25447,"href":"https:\/\/www.greenpeace.org\/belgium\/fr\/wp-json\/wp\/v2\/posts\/7504\/revisions\/25447"}],"wp:featuredmedia":[{"embeddable":true,"href":"https:\/\/www.greenpeace.org\/belgium\/fr\/wp-json\/wp\/v2\/media\/7505"}],"wp:attachment":[{"href":"https:\/\/www.greenpeace.org\/belgium\/fr\/wp-json\/wp\/v2\/media?parent=7504"}],"wp:term":[{"taxonomy":"category","embeddable":true,"href":"https:\/\/www.greenpeace.org\/belgium\/fr\/wp-json\/wp\/v2\/categories?post=7504"},{"taxonomy":"post_tag","embeddable":true,"href":"https:\/\/www.greenpeace.org\/belgium\/fr\/wp-json\/wp\/v2\/tags?post=7504"},{"taxonomy":"p4-page-type","embeddable":true,"href":"https:\/\/www.greenpeace.org\/belgium\/fr\/wp-json\/wp\/v2\/p4-page-type?post=7504"}],"curies":[{"name":"wp","href":"https:\/\/api.w.org\/{rel}","templated":true}]}}