{"id":751,"date":"2015-08-06T16:50:00","date_gmt":"2015-08-06T16:50:00","guid":{"rendered":"https:\/\/www.greenpeace.org\/belgium\/blog\/751\/bombes-atomiques-sur-hiroshima-et-nagasaki-plus-jamais-ca\/"},"modified":"2019-11-06T10:23:54","modified_gmt":"2019-11-06T08:23:54","slug":"bombes-atomiques-sur-hiroshima-et-nagasaki-plus-jamais-ca","status":"publish","type":"post","link":"https:\/\/www.greenpeace.org\/belgium\/fr\/actualites-blog\/751\/bombes-atomiques-sur-hiroshima-et-nagasaki-plus-jamais-ca\/","title":{"rendered":"Bombes atomiques sur Hiroshima et Nagasaki : plus jamais \u00e7a !"},"content":{"rendered":"<div class=\"post-content\">\n<div>\n<p><strong>I<\/strong><strong>l y a 70 ans exactement qu\u2019une bombe atomique a \u00e9t\u00e9 largu\u00e9e sur la ville japonaise d\u2019Hiroshima. Aujourd\u2019hui, nous nous souvenons des effets terribles des armes atomiques, mais \u00e9galement de toutes les vies qui ont \u00e9t\u00e9 d\u00e9truites par des accidents nucl\u00e9aires. En effet, l\u2019\u00e9nergie nucl\u00e9aire et les armes nucl\u00e9aires vont de pair. Depuis Hiroshima, nous nous battons pour le d\u00e9sarmement nucl\u00e9aire afin d\u2019assurer un avenir plus s\u00fbr et plus durable.<\/strong><\/p>\n<p>Il y a septante ans, les premi\u00e8res bombes atomiques ont \u00e9t\u00e9 largu\u00e9es sur les villes japonaises d\u2019Hiroshima et de Nagasaki (le 9 ao\u00fbt), et plus de 280.000\u00a0personnes ont \u00e9t\u00e9 tu\u00e9es. Les horreurs de ces bombardements sont ind\u00e9l\u00e9biles. Il y a dix ans exactement, j\u2019\u00e9tais \u00e0 Hiroshima, et je m\u2019entretenais avec les survivants de la bombe atomique. <em>\u00ab\u00a0Plus jamais \u00e7a\u00a0\u00bb<\/em>, disaient-ils, <em>\u00ab\u00a0nous devons tout faire pour \u00e9viter une r\u00e9p\u00e9tition de cette triste histoire\u00a0\u00bb.<\/em><\/p>\n<p><img decoding=\"async\" src=\"https:\/\/www.greenpeace.org\/static\/planet4-belgium-stateless\/2018\/12\/968c5d5d-968c5d5d-115955_193035.jpg\" alt=\"\" \/><\/p>\n<p>Et pourtant, apr\u00e8s la seconde guerre mondiale, la technologie des armes nucl\u00e9aires a \u00e9t\u00e9 int\u00e9gr\u00e9e dans le programme \u00ab\u00a0des atomes pour la paix\u00a0\u00bb du pr\u00e9sident am\u00e9ricain Eisenhower. La bombe atomique qui avait caus\u00e9 tant de souffrances au Japon a en r\u00e9alit\u00e9 donn\u00e9 naissance \u00e0 l\u2019\u00e9nergie nucl\u00e9aire que nous utilisons encore aujourd\u2019hui.<\/p>\n<p><strong>L\u2019\u00e9nergie nucl\u00e9aire est aussi dangereuse<\/strong><\/p>\n<p>Plus de 65 ans apr\u00e8s Hiroshima, en 2011, le nord du Japon a \u00e9t\u00e9 frapp\u00e9 par un tremblement de terre et un tsunami qui ont entra\u00een\u00e9 un grave accident \u00e0 la centrale nucl\u00e9aire de Fukushima Daiichi. Plus de cent mille personnes ont d\u00fb fuir la contamination radioactive. Beaucoup d\u2019entre elles ne peuvent pas encore rentrer chez elles \u2013 et ne pourront sans doute jamais le faire. La population reste quotidiennement confront\u00e9e aux effets de cette catastrophe nucl\u00e9aire jusqu\u2019\u00e0 plus de 60\u00a0km de la centrale.<\/p>\n<p>Et pourtant, le gouvernement japonais a d\u00e9cid\u00e9, il y a quelques semaines, de renvoyer 54.800 personnes vers les zones contamin\u00e9es autour de Fukushima. La r\u00e9gion est encore loin d\u2019\u00eatre s\u00fbre, comme l\u2019a confirm\u00e9 <a href=\"http:\/\/www.greenpeace.org\/belgium\/fr\/actualites-blogs\/blogs\/blog-climat\/population-fukushima-nouveau-victime-de-mauvaise-gestion-politique\/blog\/53651\/\">l\u2019\u00e9tude men\u00e9e par des experts en radiation de Greenpeace<\/a>. Les personnes concern\u00e9es n\u2019ont gu\u00e8re le choix, parce que leurs indemnit\u00e9s financi\u00e8res prendront fin en 2018.<\/p>\n<p><img decoding=\"async\" src=\"https:\/\/www.greenpeace.org\/static\/planet4-belgium-stateless\/2018\/12\/e36736cb-e36736cb-115954_193037.jpg\" alt=\"\" \/><\/p>\n<p><strong>Ne tirons-nous jamais les le\u00e7ons du pass\u00e9\u00a0?<\/strong><\/p>\n<p>Le gouvernement japonais ne semble pas vouloir tirer les le\u00e7ons d\u2019Hiroshima et de Fukushima. Il persiste obstin\u00e9ment \u00e0 promouvoir le red\u00e9marrage des centrales nucl\u00e9aires japonaises, m\u00eame si elles n\u2019ont plus fonctionn\u00e9 depuis pr\u00e8s de deux ans, et ceci sans provoquer de black-out. Il a \u00e9galement modifi\u00e9 la constitution japonaise pour que l\u2019arm\u00e9e japonaise puisse prendre part \u00e0 un conflit arm\u00e9, une premi\u00e8re depuis la seconde guerre mondiale.<\/p>\n<p>Les cons\u00e9quences de la guerre sont terribles, comme le sont celles des armes nucl\u00e9aires et de l\u2019\u00e9nergie nucl\u00e9aire. L\u2019histoire de Greenpeace est jalonn\u00e9e d\u2019actions contre les armes nucl\u00e9aires et l\u2019\u00e9nergie nucl\u00e9aire. En effet, l\u2019\u00e9nergie nucl\u00e9aire sans risque de prolif\u00e9ration d\u2019armes nucl\u00e9aires n\u2019existe pas. Il suffit de penser \u00e0 tous ces pays qui ont combin\u00e9 les deux\u00a0: les Etats-Unis, la France, la Chine, Isra\u00ebl, l\u2019Inde, la Cor\u00e9e du Nord\u2026 mais aussi la Belgique, qui stocke sur son sol des ogives nucl\u00e9aires depuis des d\u00e9cennies. Un monde sans armes nucl\u00e9aires est donc un monde sans \u00e9nergie nucl\u00e9aire.<\/p>\n<p>J\u2019ai \u00e9t\u00e9 t\u00e9moin des cons\u00e9quences de Fukushima et de Tchernobyl. En un jour comme aujourd\u2019hui, je pense \u00e0 tous ceux qui souffrent et ont souffert des bombardements et des catastrophes nucl\u00e9aires de ces 70 derni\u00e8res ann\u00e9es. Comment peut-on encore croire \u00e0 un avenir o\u00f9 l\u2019\u00e9nergie nucl\u00e9aire est pr\u00e9sente\u00a0? Les \u00e9nergies renouvelables, comme le solaire et l\u2019\u00e9olien, sont de v\u00e9ritables \u00ab\u00a0\u00e9nergies pacifiques\u00a0\u00bb. Et chaque jour, je me bats pour elles.<\/p>\n<\/div>\n<\/div>\n","protected":false},"excerpt":{"rendered":"<p>Il y a 70 ans exactement qu\u2019une bombe atomique a \u00e9t\u00e9 largu\u00e9e sur la ville japonaise d\u2019Hiroshima. Aujourd\u2019hui, nous nous souvenons des effets terribles des armes atomiques, mais \u00e9galement de toutes les vies qui ont \u00e9t\u00e9 d\u00e9truites par des accidents nucl\u00e9aires. En effet, l\u2019\u00e9nergie nucl\u00e9aire et les armes nucl\u00e9aires vont de pair. Depuis Hiroshima, nous nous battons pour le d\u00e9sarmement nucl\u00e9aire afin d\u2019assurer un avenir plus s\u00fbr et plus durable.<\/p>\n","protected":false},"author":38,"featured_media":752,"comment_status":"closed","ping_status":"closed","sticky":false,"template":"","format":"standard","meta":{"ep_exclude_from_search":false,"p4_og_title":"","p4_og_description":"","p4_og_image":"","p4_og_image_id":"","p4_seo_canonical_url":"","p4_campaign_name":"","p4_local_project":"","p4_basket_name":"","p4_department":"","footnotes":""},"categories":[106],"tags":[84],"p4-page-type":[116],"class_list":["post-751","post","type-post","status-publish","format-standard","has-post-thumbnail","hentry","category-il-est-encore-temps","tag-paix","p4-page-type-actualites-blog"],"_links":{"self":[{"href":"https:\/\/www.greenpeace.org\/belgium\/fr\/wp-json\/wp\/v2\/posts\/751","targetHints":{"allow":["GET"]}}],"collection":[{"href":"https:\/\/www.greenpeace.org\/belgium\/fr\/wp-json\/wp\/v2\/posts"}],"about":[{"href":"https:\/\/www.greenpeace.org\/belgium\/fr\/wp-json\/wp\/v2\/types\/post"}],"author":[{"embeddable":true,"href":"https:\/\/www.greenpeace.org\/belgium\/fr\/wp-json\/wp\/v2\/users\/38"}],"replies":[{"embeddable":true,"href":"https:\/\/www.greenpeace.org\/belgium\/fr\/wp-json\/wp\/v2\/comments?post=751"}],"version-history":[{"count":2,"href":"https:\/\/www.greenpeace.org\/belgium\/fr\/wp-json\/wp\/v2\/posts\/751\/revisions"}],"predecessor-version":[{"id":2717,"href":"https:\/\/www.greenpeace.org\/belgium\/fr\/wp-json\/wp\/v2\/posts\/751\/revisions\/2717"}],"wp:featuredmedia":[{"embeddable":true,"href":"https:\/\/www.greenpeace.org\/belgium\/fr\/wp-json\/wp\/v2\/media\/752"}],"wp:attachment":[{"href":"https:\/\/www.greenpeace.org\/belgium\/fr\/wp-json\/wp\/v2\/media?parent=751"}],"wp:term":[{"taxonomy":"category","embeddable":true,"href":"https:\/\/www.greenpeace.org\/belgium\/fr\/wp-json\/wp\/v2\/categories?post=751"},{"taxonomy":"post_tag","embeddable":true,"href":"https:\/\/www.greenpeace.org\/belgium\/fr\/wp-json\/wp\/v2\/tags?post=751"},{"taxonomy":"p4-page-type","embeddable":true,"href":"https:\/\/www.greenpeace.org\/belgium\/fr\/wp-json\/wp\/v2\/p4-page-type?post=751"}],"curies":[{"name":"wp","href":"https:\/\/api.w.org\/{rel}","templated":true}]}}