{"id":81201,"date":"2026-04-30T13:49:25","date_gmt":"2026-04-30T12:49:25","guid":{"rendered":"https:\/\/www.greenpeace.org\/belgium\/?p=81201"},"modified":"2026-04-30T13:54:59","modified_gmt":"2026-04-30T12:54:59","slug":"israel-arraisonne-la-flottille-global-sumud-dans-les-eaux-internationales-manifestations-a-bruxelles-gand-et-anvers","status":"publish","type":"post","link":"https:\/\/www.greenpeace.org\/belgium\/fr\/communique-de-presse\/81201\/israel-arraisonne-la-flottille-global-sumud-dans-les-eaux-internationales-manifestations-a-bruxelles-gand-et-anvers\/","title":{"rendered":"Isra\u00ebl arraisonne la flottille Global Sumud dans les eaux internationales : manifestations \u00e0 Bruxelles, Gand et Anvers"},"content":{"rendered":"\n<p><strong>\u00c0 des centaines de kilom\u00e8tres au large des c\u00f4tes de Gaza, les forces arm\u00e9es isra\u00e9liennes ont intercept\u00e9 et arraisonn\u00e9 des navires de la flottille Global Sumud. Elles ont perturb\u00e9 les lignes de communication et enlev\u00e9 180 civils, dont des Belges. Il s&rsquo;agit l\u00e0 d&rsquo;un nouveau pr\u00e9c\u00e9dent de piraterie dans les eaux internationales. Global Sumud Belgium et Greenpeace Belgique appellent le gouvernement belge \u00e0 faire respecter le droit international et \u00e0 exercer une pression diplomatique pour obtenir la lib\u00e9ration des personnes \u00e0 bord. Des manifestations sont organis\u00e9es aujourd\u2019hui \u00e0 Anvers, Bruxelles et Gand.&nbsp;<\/strong><\/p>\n\n<p>\u00ab <em>L\u2019attaque isra\u00e9lienne contre la flottille Global Sumud n\u2019est rien de moins qu\u2019un acte de piraterie flagrant en haute mer. En kidnappant des civils dans les eaux internationales et en sabotant les canaux de secours, Isra\u00ebl normalise un dangereux \u00e9tat d\u2019anarchie qui s\u2019\u00e9tend jusqu\u2019aux c\u00f4tes europ\u00e9ennes. Le silence assourdissant des dirigeants mondiaux n\u2019est pas de la neutralit\u00e9, mais de la complicit\u00e9 avec un r\u00e9gime qui se croit au-dessus de toutes les lois <\/em>\u00bb, d\u00e9clare Frederik de la Flottille Global Sumud.&nbsp;<\/p>\n\n<p>La Global Sumud Flotilla est un mouvement international en faveur d&rsquo;une action coordonn\u00e9e et non violente. Cette flotte de plus de 50 navires prend la mer pour mettre fin au blocus ill\u00e9gal de Gaza, d\u00e9noncer la complicit\u00e9 dans l&rsquo;occupation et manifester sa solidarit\u00e9 avec le peuple palestinien. Greenpeace apporte son soutien logistique \u00e0 la mission avec le navire Arctic Sunrise.<\/p>\n\n<p>\u00ab <em>Greenpeace est solidaire de la population de Gaza et des nombreuses personnes courageuses \u00e0 bord de la flottille qui mettent leur libert\u00e9 et leur s\u00e9curit\u00e9 en jeu. L&rsquo;aide humanitaire doit \u00eatre respect\u00e9e et prot\u00e9g\u00e9e \u00e0 tout moment et \u00e0 tout prix<\/em> \u00bb, d\u00e9clare Nadia Cornejo de Greenpeace Belgique. \u00ab <em>Nous r\u00e9it\u00e9rons notre appel aux dirigeants mondiaux pour qu\u2019ils agissent imm\u00e9diatement contre le g\u00e9nocide que commet Isra\u00ebl \u00e0 l\u2019encontre de la population palestinienne. L\u2019incapacit\u00e9 persistante de la communaut\u00e9 internationale \u00e0 faire respecter le droit international la rend complice des actes d\u2019Isra\u00ebl<\/em>. \u00bb<\/p>\n\n<p>Dans une lettre adress\u00e9e au ministre des Affaires \u00e9trang\u00e8res, Greenpeace et Global Sumud Belgium exigent le respect imm\u00e9diat du droit international, des pressions diplomatiques en faveur de la lib\u00e9ration des passagers enlev\u00e9s hier soir par l&rsquo;arm\u00e9e isra\u00e9lienne, ainsi que des garanties fermes quant \u00e0 la s\u00e9curit\u00e9 de la flotte dans ses efforts visant&nbsp; l\u2019ouverture d\u2019un couloir humanitaire pour acheminer l\u2019aide vers la population gazaouis.&nbsp; \u00c0 18h00, une lettre sera remise lors de l\u2019action devant le SPF Affaires \u00e9trang\u00e8res.<\/p>\n\n<p><strong>Infos pratiques :&nbsp;<\/strong><\/p>\n\n<p>Des manifestations ont lieu aujourd&rsquo;hui \u00e0 Bruxelles, Gand et Anvers :<\/p>\n\n<ul class=\"wp-block-list\">\n<li>Bruxelles : 18h00 &#8211; SPF Affaires \u00e9trang\u00e8res, Rue des Petits Carmes 15<\/li>\n\n\n\n<li>Gand : 19h &#8211; Stadshal&nbsp;<\/li>\n\n\n\n<li>Anvers : 20h &#8211; Astridplein<\/li>\n<\/ul>\n\n<p><\/p>\n","protected":false},"excerpt":{"rendered":"<p>\u00c0 des centaines de kilom\u00e8tres au large des c\u00f4tes de Gaza, les forces arm\u00e9es isra\u00e9liennes ont intercept\u00e9 et arraisonn\u00e9 des navires de la flottille Global Sumud. Elles ont perturb\u00e9 les lignes de communication et enlev\u00e9 180 civils, dont des Belges. Il s&rsquo;agit l\u00e0 d&rsquo;un nouveau pr\u00e9c\u00e9dent de piraterie dans les eaux internationales. <\/p>\n","protected":false},"author":50,"featured_media":81199,"comment_status":"closed","ping_status":"closed","sticky":false,"template":"","format":"standard","meta":{"ep_exclude_from_search":false,"p4_og_title":"Isra\u00ebl arraisonne la flottille Global Sumud dans les eaux internationales : manifestations \u00e0 Bruxelles, Gand et Anvers","p4_og_description":"\u00c0 des centaines de kilom\u00e8tres au large des c\u00f4tes de Gaza, les forces arm\u00e9es isra\u00e9liennes ont intercept\u00e9 et arraisonn\u00e9 des navires de la flottille Global Sumud. Elles ont perturb\u00e9 les lignes de communication et enlev\u00e9 180 civils, dont des Belges. Il s'agit l\u00e0 d'un nouveau pr\u00e9c\u00e9dent de piraterie dans les eaux internationales. ","p4_og_image":"https:\/\/www.greenpeace.org\/static\/planet4-belgium-stateless\/2026\/04\/0098a12a-as-flotilla.jpg","p4_og_image_id":"81199","p4_seo_canonical_url":"","p4_campaign_name":"","p4_local_project":"","p4_basket_name":"","p4_department":"","footnotes":""},"categories":[152,150,151],"tags":[84],"p4-page-type":[117],"class_list":["post-81201","post","type-post","status-publish","format-standard","has-post-thumbnail","hentry","category-a-la-une","category-actualites","category-presse","tag-paix","p4-page-type-communique-de-presse"],"_links":{"self":[{"href":"https:\/\/www.greenpeace.org\/belgium\/fr\/wp-json\/wp\/v2\/posts\/81201","targetHints":{"allow":["GET"]}}],"collection":[{"href":"https:\/\/www.greenpeace.org\/belgium\/fr\/wp-json\/wp\/v2\/posts"}],"about":[{"href":"https:\/\/www.greenpeace.org\/belgium\/fr\/wp-json\/wp\/v2\/types\/post"}],"author":[{"embeddable":true,"href":"https:\/\/www.greenpeace.org\/belgium\/fr\/wp-json\/wp\/v2\/users\/50"}],"replies":[{"embeddable":true,"href":"https:\/\/www.greenpeace.org\/belgium\/fr\/wp-json\/wp\/v2\/comments?post=81201"}],"version-history":[{"count":2,"href":"https:\/\/www.greenpeace.org\/belgium\/fr\/wp-json\/wp\/v2\/posts\/81201\/revisions"}],"predecessor-version":[{"id":81205,"href":"https:\/\/www.greenpeace.org\/belgium\/fr\/wp-json\/wp\/v2\/posts\/81201\/revisions\/81205"}],"wp:featuredmedia":[{"embeddable":true,"href":"https:\/\/www.greenpeace.org\/belgium\/fr\/wp-json\/wp\/v2\/media\/81199"}],"wp:attachment":[{"href":"https:\/\/www.greenpeace.org\/belgium\/fr\/wp-json\/wp\/v2\/media?parent=81201"}],"wp:term":[{"taxonomy":"category","embeddable":true,"href":"https:\/\/www.greenpeace.org\/belgium\/fr\/wp-json\/wp\/v2\/categories?post=81201"},{"taxonomy":"post_tag","embeddable":true,"href":"https:\/\/www.greenpeace.org\/belgium\/fr\/wp-json\/wp\/v2\/tags?post=81201"},{"taxonomy":"p4-page-type","embeddable":true,"href":"https:\/\/www.greenpeace.org\/belgium\/fr\/wp-json\/wp\/v2\/p4-page-type?post=81201"}],"curies":[{"name":"wp","href":"https:\/\/api.w.org\/{rel}","templated":true}]}}