{"id":81208,"date":"2026-04-30T11:01:00","date_gmt":"2026-04-30T10:01:00","guid":{"rendered":"https:\/\/www.greenpeace.org\/belgium\/?p=81208"},"modified":"2026-04-30T14:05:57","modified_gmt":"2026-04-30T13:05:57","slug":"letat-veut-investir-dans-les-vieilles-casseroles-nucleaires-dengie","status":"publish","type":"post","link":"https:\/\/www.greenpeace.org\/belgium\/fr\/communique-de-presse\/81208\/letat-veut-investir-dans-les-vieilles-casseroles-nucleaires-dengie\/","title":{"rendered":"L\u2019Etat veut investir dans les vieilles casseroles nucl\u00e9aires d&rsquo;Engie"},"content":{"rendered":"\n<p><strong>Les associations environnementales belges s\u2019offusquent de l\u2019annonce inattendue et sid\u00e9rante du lancement de n\u00e9gociations entre le gouvernement f\u00e9d\u00e9ral et Engie en vue de nationaliser les anciennes centrales nucl\u00e9aires. Une d\u00e9cision qui constitue une mauvaise nouvelle \u00e0 la fois pour la transition \u00e9nerg\u00e9tique, le climat, mais aussi pour le contribuable.<\/strong><\/p>\n\n<p>\u00ab <em>Le gouvernement De Wever pr\u00f4ne des \u00e9conomies dans presque tous les secteurs essentiels de notre soci\u00e9t\u00e9, mais se dit aujourd\u2019hui pr\u00eat \u00e0 injecter des milliards d\u2019argent public dans une technologie d\u00e9pass\u00e9e et risqu\u00e9e. Cela illustre l\u2019absence totale de vision \u00e9nerg\u00e9tique de ce gouvernement Arizona&nbsp; et leur dogmatisme nucl\u00e9aire. Le tout freinera la transition vers des \u00e9nergies renouvelables moins ch\u00e8res <\/em>\u00bb, r\u00e9agit Nadia Cornejo, porte-parole de Greenpeace Belgique.<\/p>\n\n<p>Alors que les acteurs \u00e9conomiques ne consid\u00e8rent plus le nucl\u00e9aire comme un investissement rentable, l&rsquo;\u00c9tat s\u2019appr\u00eate \u00e0 intervenir pour en absorber tous les co\u00fbts \u2014 y compris ceux relatifs \u00e0 cinq r\u00e9acteurs \u00e0 l\u2019arr\u00eat depuis des ann\u00e9es sans aucune perspective r\u00e9aliste de red\u00e9marrage en toute s\u00e9curit\u00e9. \u00ab<em> Ce n\u2019est pas la nationalisation d\u2019un secteur industriel, c\u2019est la reprise d\u2019un gouffre financier <\/em>\u00bb, ajoute Eva Joskin de Canopea .<\/p>\n\n<p>\u00ab <em>Le gouvernement f\u00e9d\u00e9ral entra\u00eene le pays toujours plus loin dans son d\u00e9lire nucl\u00e9aire. La lettre d\u2019intention avec Engie fait peser des risques budg\u00e9taires sans pr\u00e9c\u00e9dent et soul\u00e8ve de s\u00e9rieux conflits d\u2019int\u00e9r\u00eats. Ces n\u00e9gociations vont en outre cr\u00e9er, dans les mois \u00e0 venir, une \u00e9norme incertitude pour les investissements dans les \u00e9nergies renouvelables <\/em>\u00bb, souligne Eva Joskin.<\/p>\n\n<p>Les organisations environnementales soulignent qu&rsquo;un \u00e9ventuel accord ferait non seulement peser sur le contribuable belge les investissements colossaux in\u00e9vitables pour remettre ces centrales en service, mais aussi la facture de plusieurs milliards li\u00e9e au d\u00e9mant\u00e8lement des centrales restantes et au stockage des d\u00e9chets nucl\u00e9aires. Pour exploiter ensuite les centrales, le pays s\u2019en remettrait \u00e0 un partenaire priv\u00e9 encore inconnu, dans une position de n\u00e9gociation faible qui ferait encore augmenter les co\u00fbts et les risques.<\/p>\n\n<p>\u00ab <em>Le d\u00e9veloppement des \u00e9nergies renouvelables, de l\u2019interconnexion et de la flexibilit\u00e9 : voil\u00e0 l\u2019avenir ! Et c\u2019est sur cela que ce gouvernement devrait concentrer son \u00e9nergie et ses moyens. Mais apr\u00e8s le report r\u00e9p\u00e9t\u00e9 du d\u00e9veloppement de l\u2019\u00e9olien offshore, on assiste&nbsp; maintenant \u00e0 un r\u00e9el saut dans le vide. C\u2019est condamner&nbsp; notre avenir \u00e9nerg\u00e9tique<\/em> \u00bb, concluent les organisations environnementales.<\/p>\n","protected":false},"excerpt":{"rendered":"<p>Les associations environnementales belges s\u2019offusquent de l\u2019annonce inattendue et sid\u00e9rante du lancement de n\u00e9gociations entre le gouvernement f\u00e9d\u00e9ral et Engie en vue de nationaliser les anciennes centrales nucl\u00e9aires. Une d\u00e9cision qui constitue une mauvaise nouvelle \u00e0 la fois pour la transition \u00e9nerg\u00e9tique, le climat, mais aussi pour le contribuable.<\/p>\n","protected":false},"author":105,"featured_media":81209,"comment_status":"closed","ping_status":"closed","sticky":false,"template":"","format":"standard","meta":{"ep_exclude_from_search":false,"p4_og_title":"L\u2019Etat veut investir dans les vieilles casseroles nucl\u00e9aires d'Engie","p4_og_description":"Les associations environnementales belges s\u2019offusquent de l\u2019annonce inattendue et sid\u00e9rante du lancement de n\u00e9gociations entre le gouvernement f\u00e9d\u00e9ral et Engie en vue de nationaliser les anciennes centrales nucl\u00e9aires. Une d\u00e9cision qui constitue une mauvaise nouvelle \u00e0 la fois pour la transition \u00e9nerg\u00e9tique, le climat, mais aussi pour le contribuable.","p4_og_image":"https:\/\/www.greenpeace.org\/static\/planet4-belgium-stateless\/2026\/04\/c75f5505-gp0su854c_low-res-800px-1.jpg","p4_og_image_id":"81209","p4_seo_canonical_url":"","p4_campaign_name":"","p4_local_project":"","p4_basket_name":"","p4_department":"","footnotes":""},"categories":[152,150,151],"tags":[70],"p4-page-type":[117],"class_list":["post-81208","post","type-post","status-publish","format-standard","has-post-thumbnail","hentry","category-a-la-une","category-actualites","category-presse","tag-energie","p4-page-type-communique-de-presse"],"_links":{"self":[{"href":"https:\/\/www.greenpeace.org\/belgium\/fr\/wp-json\/wp\/v2\/posts\/81208","targetHints":{"allow":["GET"]}}],"collection":[{"href":"https:\/\/www.greenpeace.org\/belgium\/fr\/wp-json\/wp\/v2\/posts"}],"about":[{"href":"https:\/\/www.greenpeace.org\/belgium\/fr\/wp-json\/wp\/v2\/types\/post"}],"author":[{"embeddable":true,"href":"https:\/\/www.greenpeace.org\/belgium\/fr\/wp-json\/wp\/v2\/users\/105"}],"replies":[{"embeddable":true,"href":"https:\/\/www.greenpeace.org\/belgium\/fr\/wp-json\/wp\/v2\/comments?post=81208"}],"version-history":[{"count":1,"href":"https:\/\/www.greenpeace.org\/belgium\/fr\/wp-json\/wp\/v2\/posts\/81208\/revisions"}],"predecessor-version":[{"id":81211,"href":"https:\/\/www.greenpeace.org\/belgium\/fr\/wp-json\/wp\/v2\/posts\/81208\/revisions\/81211"}],"wp:featuredmedia":[{"embeddable":true,"href":"https:\/\/www.greenpeace.org\/belgium\/fr\/wp-json\/wp\/v2\/media\/81209"}],"wp:attachment":[{"href":"https:\/\/www.greenpeace.org\/belgium\/fr\/wp-json\/wp\/v2\/media?parent=81208"}],"wp:term":[{"taxonomy":"category","embeddable":true,"href":"https:\/\/www.greenpeace.org\/belgium\/fr\/wp-json\/wp\/v2\/categories?post=81208"},{"taxonomy":"post_tag","embeddable":true,"href":"https:\/\/www.greenpeace.org\/belgium\/fr\/wp-json\/wp\/v2\/tags?post=81208"},{"taxonomy":"p4-page-type","embeddable":true,"href":"https:\/\/www.greenpeace.org\/belgium\/fr\/wp-json\/wp\/v2\/p4-page-type?post=81208"}],"curies":[{"name":"wp","href":"https:\/\/api.w.org\/{rel}","templated":true}]}}