{"id":81747,"date":"2026-06-29T08:01:52","date_gmt":"2026-06-29T07:01:52","guid":{"rendered":"https:\/\/www.greenpeace.org\/belgium\/?p=81747"},"modified":"2026-06-29T08:01:57","modified_gmt":"2026-06-29T07:01:57","slug":"250e-anniversaire-des-etats-unis-greenpeace-deploie-une-immense-banderole-ciblant-trump","status":"publish","type":"post","link":"https:\/\/www.greenpeace.org\/belgium\/fr\/communique-de-presse\/81747\/250e-anniversaire-des-etats-unis-greenpeace-deploie-une-immense-banderole-ciblant-trump\/","title":{"rendered":"250\u00e8 anniversaire des Etats-Unis : Greenpeace d\u00e9ploie une immense banderole ciblant Trump"},"content":{"rendered":"\n<p class=\"wp-block-paragraph\"><strong>Bruxelles, le 28 juin 2026 \u2013 Des activistes de Greenpeace Belgique ont d\u00e9ploy\u00e9 une immense banderole sur la <em>Grand-Place<\/em>, en marge des c\u00e9l\u00e9brations du 250e anniversaire des \u00c9tats-Unis pr\u00e9vues plus tard dans la journ\u00e9e. <em>\u201cWar. Greed. Energy Crisis. What&rsquo;s there to celebrate?\u201d <\/em>pouvait-on lire sur la banderole qui s\u2019\u00e9tendait sur 600 m\u00e8tres carr\u00e9s.<\/strong><\/p>\n\n<figure class=\"wp-block-image size-large\"><img loading=\"lazy\" decoding=\"async\" width=\"1024\" height=\"768\" title=\"Massive Trump Banner Spoils US Celebration in Brussels\" src=\"https:\/\/www.greenpeace.org\/static\/planet4-belgium-stateless\/2026\/06\/e56fadee-gp0su9evs_medium-res-1200px-1024x768.jpg\" alt=\"\" class=\"wp-image-81748\" srcset=\"https:\/\/www.greenpeace.org\/static\/planet4-belgium-stateless\/2026\/06\/e56fadee-gp0su9evs_medium-res-1200px-1024x768.jpg 1024w, https:\/\/www.greenpeace.org\/static\/planet4-belgium-stateless\/2026\/06\/e56fadee-gp0su9evs_medium-res-1200px-300x225.jpg 300w, https:\/\/www.greenpeace.org\/static\/planet4-belgium-stateless\/2026\/06\/e56fadee-gp0su9evs_medium-res-1200px-768x576.jpg 768w, https:\/\/www.greenpeace.org\/static\/planet4-belgium-stateless\/2026\/06\/e56fadee-gp0su9evs_medium-res-1200px-453x340.jpg 453w, https:\/\/www.greenpeace.org\/static\/planet4-belgium-stateless\/2026\/06\/e56fadee-gp0su9evs_medium-res-1200px.jpg 1200w\" sizes=\"auto, (max-width: 1024px) 100vw, 1024px\" \/><figcaption><div class=\"credit icon-left\"> \u00a9 Greenpeace<\/div><\/figcaption><\/figure>\n\n<p class=\"wp-block-paragraph\">Dans un contexte de c\u00e9l\u00e9brations donn\u00e9es en l\u2019honneur des Etats-Unis, l\u2019action de Greenpeace d\u00e9nonce l\u2019agenda politique et \u00e9conomique de l\u2019administration Trump. M\u00eame si certains repr\u00e9sentants europ\u00e9ens, comme Ursula von der Leyen, ont refus\u00e9 de confirmer leur pr\u00e9sence, la f\u00eate devrait cet apr\u00e8s-midi se tenir en pr\u00e9sence de notre premier ministre Bart De Wever, du secr\u00e9taire g\u00e9n\u00e9ral de l\u2019OTAN Mark Rutte, et de nombreux invit\u00e9s de marque.&nbsp;<\/p>\n\n<p class=\"wp-block-paragraph\"><em>\u201cAlors qu\u2019une vague de chaleur historique et meurtri\u00e8re frappe notre pays, il est honteux que nos autorit\u00e9s d\u00e9roulent le tapis rouge \u00e0 une administration ouvertement climato-sceptique et organisent cette c\u00e9l\u00e9bration fastueuse\u201d<\/em> d\u00e9clare Nadia Cornejo, porte-parole de Greenpeace Belgique. \u201c<em>Trump d\u00e9stabilise la g\u00e9opolitique mondiale, ce qui nous menace tous et toutes. Il est urgent que nos responsables politiques, europ\u00e9ens comme belges, refusent de c\u00e9der \u00e0 ses intimidations, et veillent \u00e0 d\u00e9fendre les int\u00e9r\u00eats des citoyennes, des citoyens et de la plan\u00e8te contre ceux de Trump et de ses amis milliardaires\u201d.<\/em><\/p>\n\n<p class=\"wp-block-paragraph\">Dans un contexte d\u2019instabilit\u00e9 mondiale croissante aliment\u00e9e par la Maison Blanche, Greenpeace met en garde contre la politique \u00e9trang\u00e8re impr\u00e9visible de Trump et son programme de \u00ab domination \u00e9nerg\u00e9tique \u00bb, qui attisent les conflits, aggravent la crise \u00e9nerg\u00e9tique mondiale et affaiblissent la coop\u00e9ration internationale. L\u2019administration Trump multiplie les man\u0153uvres commerciales agressives pour affaiblir les institutions d\u00e9mocratiques et les protections environnementales europ\u00e9ennes.&nbsp;<\/p>\n\n<p class=\"wp-block-paragraph\"><em>\u201cAlors que la Belgique et l\u2019UE se d\u00e9tournent enfin du gaz fossile de la Russie de Poutine, les pays europ\u00e9ens augmentent rapidement notre dangereuse d\u00e9pendance au gaz de schiste import\u00e9 des \u00c9tats-Unis\u201d <\/em>conclut Nadia Cornejo. <em>\u201cContinuer \u00e0 caresser l\u2019administration Trump dans le sens du poil met en p\u00e9ril nos ambitions climatiques de l\u2019UE et notre ind\u00e9pendance face aux tyrans.\u201d<\/em><\/p>\n","protected":false},"excerpt":{"rendered":"<p>Des activistes de Greenpeace Belgique ont d\u00e9ploy\u00e9 une immense banderole sur la Grand-Place, en marge des c\u00e9l\u00e9brations du 250e anniversaire des \u00c9tats-Unis pr\u00e9vues plus tard dans la journ\u00e9e. \u201cWar. Greed. Energy Crisis. What&rsquo;s there to celebrate?\u201d pouvait-on lire sur la banderole qui s\u2019\u00e9tendait sur 600 m\u00e8tres carr\u00e9s.<\/p>\n","protected":false},"author":80,"featured_media":81748,"comment_status":"open","ping_status":"closed","sticky":false,"template":"","format":"standard","meta":{"ep_exclude_from_search":false,"p4_og_title":"Greenpeace d\u00e9ploie une immense banderole ciblant Trump","p4_og_description":"Des activistes de Greenpeace Belgique ont d\u00e9ploy\u00e9 une immense banderole sur la Grand-Place, en marge des c\u00e9l\u00e9brations du 250e anniversaire des \u00c9tats-Unis pr\u00e9vues plus tard dans la journ\u00e9e. \u201cWar. Greed. Energy Crisis. What's there to celebrate?\u201d pouvait-on lire sur la banderole qui s\u2019\u00e9tendait sur 600 m\u00e8tres carr\u00e9s.","p4_og_image":"https:\/\/www.greenpeace.org\/static\/planet4-belgium-stateless\/2026\/06\/e56fadee-gp0su9evs_medium-res-1200px.jpg","p4_og_image_id":"81748","p4_seo_canonical_url":"","p4_campaign_name":"","p4_local_project":"","p4_basket_name":"","p4_department":"","footnotes":""},"categories":[152,168,172,181,151],"tags":[],"p4-page-type":[117],"class_list":["post-81747","post","type-post","status-publish","format-standard","has-post-thumbnail","hentry","category-a-la-une","category-campagnes","category-energie","category-energies-fossiles","category-presse","p4-page-type-communique-de-presse"],"_links":{"self":[{"href":"https:\/\/www.greenpeace.org\/belgium\/fr\/wp-json\/wp\/v2\/posts\/81747","targetHints":{"allow":["GET"]}}],"collection":[{"href":"https:\/\/www.greenpeace.org\/belgium\/fr\/wp-json\/wp\/v2\/posts"}],"about":[{"href":"https:\/\/www.greenpeace.org\/belgium\/fr\/wp-json\/wp\/v2\/types\/post"}],"author":[{"embeddable":true,"href":"https:\/\/www.greenpeace.org\/belgium\/fr\/wp-json\/wp\/v2\/users\/80"}],"replies":[{"embeddable":true,"href":"https:\/\/www.greenpeace.org\/belgium\/fr\/wp-json\/wp\/v2\/comments?post=81747"}],"version-history":[{"count":1,"href":"https:\/\/www.greenpeace.org\/belgium\/fr\/wp-json\/wp\/v2\/posts\/81747\/revisions"}],"predecessor-version":[{"id":81750,"href":"https:\/\/www.greenpeace.org\/belgium\/fr\/wp-json\/wp\/v2\/posts\/81747\/revisions\/81750"}],"wp:featuredmedia":[{"embeddable":true,"href":"https:\/\/www.greenpeace.org\/belgium\/fr\/wp-json\/wp\/v2\/media\/81748"}],"wp:attachment":[{"href":"https:\/\/www.greenpeace.org\/belgium\/fr\/wp-json\/wp\/v2\/media?parent=81747"}],"wp:term":[{"taxonomy":"category","embeddable":true,"href":"https:\/\/www.greenpeace.org\/belgium\/fr\/wp-json\/wp\/v2\/categories?post=81747"},{"taxonomy":"post_tag","embeddable":true,"href":"https:\/\/www.greenpeace.org\/belgium\/fr\/wp-json\/wp\/v2\/tags?post=81747"},{"taxonomy":"p4-page-type","embeddable":true,"href":"https:\/\/www.greenpeace.org\/belgium\/fr\/wp-json\/wp\/v2\/p4-page-type?post=81747"}],"curies":[{"name":"wp","href":"https:\/\/api.w.org\/{rel}","templated":true}]}}