{"id":8218,"date":"2019-12-09T12:38:59","date_gmt":"2019-12-09T10:38:59","guid":{"rendered":"https:\/\/www.greenpeace.org\/belgium\/?p=8218"},"modified":"2021-12-01T14:13:12","modified_gmt":"2021-12-01T13:13:12","slug":"bruxelles-met-le-hola-au-tout-a-la-voiture","status":"publish","type":"post","link":"https:\/\/www.greenpeace.org\/belgium\/fr\/actualites-blog\/8218\/bruxelles-met-le-hola-au-tout-a-la-voiture\/","title":{"rendered":"Bruxelles met le hol\u00e0 au tout \u00e0 la voiture"},"content":{"rendered":"\n<p><strong>Bruxelles, capitale belge et europ\u00e9enne, a entam\u00e9 une mue d\u00e9terminante pour notre sant\u00e9 et la lutte contre le changement climatique. En effet, l\u2019\u00e8re de l\u2019automobilit\u00e9 toute puissante, aliment\u00e9e aux \u00e9nergies fossiles, semble avoir re\u00e7u son C4, pour laisser place \u00e0 une mobilit\u00e9 plus diversifi\u00e9e o\u00f9 les \u00e9nergies renouvelables et l\u2019huile de genou sont promises \u00e0 un bel avenir. <\/strong><\/p>\n\n<span class=\"mid-button-fix\"><a class=\"cta-blog-button-mid\" href=\"https:\/\/www.greenpeace.org\/belgium\/fr\/agir\/comment-ameliorer-les-transports-en-commun-en-belgique\/\" target=\"_blank\" rel=\"noopener noreferrer\">Je signe pour de meilleures alternatives \u00e0 la voiture<\/a><\/span>\n\n<h3 class=\"wp-block-heading\">Ciao les \u00e9nergies fossiles<\/h3>\n\n<p>R\u00e9cemment, le gouvernement bruxellois a adopt\u00e9 son <a href=\"https:\/\/environnement.brussels\/sites\/default\/files\/user_files\/pnec_rbc_fr.pdf\">Plan \u00c9nergie Climat<\/a>. Ce document confirme l\u2019interdiction de circulation dans la capitale aux v\u00e9hicules diesel en 2030 et aux v\u00e9hicules essence et LPG en 2035. Nous avions salu\u00e9 cette annonce importante, tout comme <a href=\"https:\/\/www.instagram.com\/p\/B4P4eo8lns0\/\">Leonardo DiCaprio<\/a>, mais constations que Bruxelles ne montre pas la m\u00eame ambition que d\u2019autres villes europ\u00e9ennes, comme le Grand Paris o\u00f9 les voitures diesel seront interdites de circulation en 2024 et les voitures essence en 2030. La d\u00e9cision bruxelloise s\u2019inscrit en effet dans un mouvement europ\u00e9en qui voit de <a href=\"https:\/\/greenpeace.carto.com\/u\/greenpeacemaps\/builder\/82736ea3-d8cc-4607-93c7-ee38fc438831\/embed\">nombreux pays et villes<\/a> limiter l\u2019automobilit\u00e9 thermique avec plus ou moins d\u2019ambition. <\/p>\n\n<figure class=\"wp-block-image size-large  caption-style-blue-overlay caption-alignment-center\"><img loading=\"lazy\" decoding=\"async\" width=\"999\" height=\"663\" src=\"https:\/\/www.greenpeace.org\/static\/planet4-belgium-stateless\/2019\/12\/38133f22-transport_brussels.jpg\" alt=\"\" class=\"wp-image-8224\" srcset=\"https:\/\/www.greenpeace.org\/static\/planet4-belgium-stateless\/2019\/12\/38133f22-transport_brussels.jpg 999w, https:\/\/www.greenpeace.org\/static\/planet4-belgium-stateless\/2019\/12\/38133f22-transport_brussels-300x199.jpg 300w, https:\/\/www.greenpeace.org\/static\/planet4-belgium-stateless\/2019\/12\/38133f22-transport_brussels-768x510.jpg 768w, https:\/\/www.greenpeace.org\/static\/planet4-belgium-stateless\/2019\/12\/38133f22-transport_brussels-510x338.jpg 510w\" sizes=\"auto, (max-width: 999px) 100vw, 999px\" \/><\/figure>\n\n<p>Accompagn\u00e9e de d\u00e9clarations sur une possible taxe kilom\u00e9trique et une r\u00e9vision de la fiscalit\u00e9 automobile, l\u2019annonce de la sortie des voitures diesel, essence et gaz a \u00e9t\u00e9 accueillie par certains comme une lubie des autorit\u00e9s, mais beaucoup l\u2019ont salu\u00e9e comme une \u00e9tape n\u00e9cessaire. Pourquoi n\u00e9cessaire ? Car la circulation automobile est la deuxi\u00e8me source d\u2019\u00e9missions de pollution de l\u2019air \u00e0 Bruxelles, une pollution qui engendre maladies et d\u00e9c\u00e8s pr\u00e9matur\u00e9s, et qui touche de plein fouet les plus faibles, comme les enfants. La particularit\u00e9 de cette pollution est qu\u2019elle est tr\u00e8s proche de nous (le trafic, les pots d\u2019\u00e9chappement), quotidienne, et qu\u2019elle touche tout le monde, y compris les automobilistes qui sont expos\u00e9s \u00e0 de grandes concentrations de polluants dans l\u2019habitacle de leur voiture. Par ailleurs, le secteur du transport, et particuli\u00e8rement le transport routier, grand \u00e9metteur de gaz \u00e0 effet de serre, porte une grande responsabilit\u00e9 dans le r\u00e9chauffement climatique qui nous affecte de plus en plus. <\/p>\n\n<h3 class=\"wp-block-heading\">Bruxelles sans voiture = retour \u00e0 la cal\u00e8che ?<\/h3>\n\n<p>Interdire la circulation des v\u00e9hicules thermiques &#8211; et non pas de tous les v\u00e9hicules &#8211; d\u2019ici 10-15 ans, cela veut-il dire que nous allons nous d\u00e9placer comme nos anc\u00eatres ? Bien s\u00fbr que non. Nous sommes surtout en train d\u2019assister \u00e0 la fin d\u2019une mobilit\u00e9 centr\u00e9e sur la voiture et d\u00e9pendante des \u00e9nergies fossiles. Ce syst\u00e8me de mobilit\u00e9 a d\u00e9termin\u00e9 beaucoup d\u2019aspects de notre vie et pas pour le meilleur : un am\u00e9nagement du territoire \u00e9tal\u00e9 qui renforce la b\u00e9tonisation, une monopolisation de l\u2019espace, un manque d\u2019activit\u00e9 physique, de nombreuses victimes de la route et la pollution de l\u2019air, un climat d\u00e9traqu\u00e9&#8230;<\/p>\n\n<p>Notre soci\u00e9t\u00e9 a donc beaucoup \u00e0 gagner en se tournant vers une mobilit\u00e9 qui fasse la part belle \u00e0 la marche, aux v\u00e9los (m\u00e9caniques, \u00e9lectriques, speed pedelecs), \u00e0 la micromobilit\u00e9, aux transports en commun et \u00e0 des <a href=\"https:\/\/www.greenpeace.org\/belgium\/fr\/blog\/1010\/la-voiture-electrique-rend-elle-notre-air-a-nouveau-pur\/\">v\u00e9hicules motoris\u00e9s \u00e9lectriques<\/a> partag\u00e9s, de taille raisonnable et aliment\u00e9s aux \u00e9nergies renouvelables. Ces solutions paraissent encore parfois irr\u00e9alistes, car leur potentiel n\u2019est pas encore exploit\u00e9 par les autorit\u00e9s et parce que d\u2019autres domaines connexes \u00e0 la mobilit\u00e9 doivent aussi \u00e9voluer, comme le syst\u00e8me \u00e9nerg\u00e9tique, l\u2019am\u00e9nagement du territoire, les rythmes de travail&#8230;<\/p>\n\n<p>Ces solutions sont souvent pr\u00e9sent\u00e9es comme id\u00e9ales en ville, mais bien pens\u00e9es, elles pourraient aussi avoir un grand impact sur la p\u00e9riph\u00e9rie des villes et la campagne. Ces changements repr\u00e9sentent certes un d\u00e9fi, mais surtout une occasion d\u2019am\u00e9liorer les choses et d\u2019\u00eatre plus <a href=\"https:\/\/www.greenpeace.org\/belgium\/fr\/blog\/7153\/la-transition-climatique-doit-etre-equitable\/\">inclusif<\/a>. Une occasion de d\u00e9finir une mobilit\u00e9 pour l\u2019humain au lieu de laisser un outil (les v\u00e9hicules motoris\u00e9s) et ses protagonistes (industrie automobile, p\u00e9troli\u00e8re) dicter notre mani\u00e8re de vivre et de (ne pas) bouger.<\/p>\n\n<a class=\"cta-blog-button\" href=\"https:\/\/www.greenpeace.org\/belgium\/fr\/agir\/comment-ameliorer-les-transports-en-commun-en-belgique\/\" target=\"_blank\" rel=\"noopener noreferrer\">Je signe pour de meilleures alternatives \u00e0 la voiture<\/a>\n\n<span class=\"shareSocialArea\">\n<a class=\"shareFacebook\" href=\"https:\/\/www.facebook.com\/sharer\/sharer.php?u=https%3A%2F%2Fwww.greenpeace.org%2Fbelgium%2Ffr%2Fblog%2F8218%2Fbruxelles-met-le-hola-au-tout-a-la-voiture%2F\" target=\"_blank\" rel=\"noopener noreferrer\">Je partage sur Facebook<\/a>\n<a class=\"shareTwitter\" href=\"https:\/\/twitter.com\/intent\/tweet?related=greenpeace_be&amp;url=https%3A%2F%2Fwww.greenpeace.org%2Fbelgium%2Ffr%2Fblog%2F8218%2Fbruxelles-met-le-hola-au-tout-a-la-voiture%2F&amp;text=Bruxelles%20met%20le%20hol%C3%A0%20au%20tout%20%C3%A0%20la%20voiture%20-%20A%20Bruxelles%2C%20l%E2%80%99%C3%A8re%20de%20l%E2%80%99automobilit%C3%A9%20toute%20puissante%2C%20aliment%C3%A9e%20aux%20%C3%A9nergies%20fossiles%2C%20semble%20avoir%20re%C3%A7u%20son%20C4%2C%20pour%20laisser%20place%20%C3%A0%20une%20mobilit%C3%A9%20plus%20diversifi%C3%A9e.%20via%20%40greenpeace_be&amp;original_referer=https%3A%2F%2Fwww.greenpeace.org%2Fbelgium%2Ffr%2Fblog%2F8218%2Fbruxelles-met-le-hola-au-tout-a-la-voiture%2F\" target=\"_blank\" rel=\"noopener noreferrer\">Je partage sur Twitter<\/a>\n<a class=\"shareWhatsapp\" href=\"https:\/\/api.whatsapp.com\/send?text=Bruxelles+met+le+hol%C3%A0+au+tout+%C3%A0+la+voiture+https%3A%2F%2Fwww.greenpeace.org%2Fbelgium%2Ffr%2Fblog%2F8218%2Fbruxelles-met-le-hola-au-tout-a-la-voiture%2F\" target=\"_blank\" rel=\"noopener noreferrer\">Je partage sur Whatsapp<\/a>\n<\/span>\n\n<table class=\"hideme\" style=\"width: 100%;\" width=\"100%\">\n<tbody>\n<tr style=\"width: 100%;\">\n<td class=\"icon\"><a href=\"https:\/\/www.facebook.com\/greenpeace.belgium\" target=\"_blank\" rel=\"noopener noreferrer\">\n<img decoding=\"async\" title=\"Facebook\" src=\"https:\/\/www.greenpeace.org\/static\/planet4-belgium-stateless\/2019\/09\/09281872-fb.png\" alt=\"Facebook\" width=\"100%\">\n<\/a><\/td>\n<td class=\"name\"><a href=\"https:\/\/www.facebook.com\/greenpeace.belgium\" target=\"_blank\" rel=\"noopener noreferrer\">\nFacebook\n<\/a><\/td>\n<td class=\"icon\"><a href=\"https:\/\/www.instagram.com\/greenpeace_be\/\" target=\"_blank\" rel=\"noopener noreferrer\">\n<img decoding=\"async\" title=\"Instagram\" src=\"https:\/\/www.greenpeace.org\/static\/planet4-belgium-stateless\/2019\/09\/89871ad4-insta.png\" alt=\"Instagram\" width=\"100%\">\n<\/a><\/td>\n<td class=\"name\"><a href=\"https:\/\/www.instagram.com\/greenpeace_be\/\" target=\"_blank\" rel=\"noopener noreferrer\">\nInstagram\n<\/a><\/td>\n<td class=\"icon\"><a href=\"https:\/\/twitter.com\/greenpeace_be\" target=\"_blank\" rel=\"noopener noreferrer\">\n<img decoding=\"async\" title=\"Twitter\" src=\"https:\/\/www.greenpeace.org\/static\/planet4-belgium-stateless\/2019\/09\/aebb8c6a-tw.png\" alt=\"Twitter\" width=\"100%\">\n<\/a><\/td>\n<td class=\"name\"><a href=\"https:\/\/twitter.com\/greenpeace_be\" target=\"_blank\" rel=\"noopener noreferrer\">\nTwitter\n<\/a><\/td>\n<td class=\"icon\"><a href=\"https:\/\/www.youtube.com\/user\/GreenpeaceBelgium\" target=\"_blank\" rel=\"noopener noreferrer\">\n<img decoding=\"async\" title=\"YouTube\" src=\"https:\/\/www.greenpeace.org\/static\/planet4-belgium-stateless\/2019\/09\/4fd7759c-yt.png\" alt=\"YouTube\" width=\"100%\">\n<\/a><\/td>\n<td class=\"name\"><a href=\"https:\/\/www.youtube.com\/user\/GreenpeaceBelgium\" target=\"_blank\" rel=\"noopener noreferrer\">\nYouTube\n<\/a><\/td>\n<\/tr>\n<\/tbody>\n<\/table>\n<div class=\"EmptyMessage\">Block content is empty. Check the block&rsquo;s settings or remove it.<\/div>","protected":false},"excerpt":{"rendered":"<p>Bruxelles, capitale belge et europ\u00e9enne, a entam\u00e9 une mue d\u00e9terminante pour notre sant\u00e9 et la lutte contre le changement climatique. En effet, l\u2019\u00e8re de l\u2019automobilit\u00e9 toute puissante, aliment\u00e9e aux \u00e9nergies&hellip;<\/p>\n","protected":false},"author":49,"featured_media":8228,"comment_status":"closed","ping_status":"closed","sticky":false,"template":"","format":"standard","meta":{"ep_exclude_from_search":false,"p4_og_title":"Bruxelles met le hol\u00e0 au tout \u00e0 la voiture","p4_og_description":"A Bruxelles, l\u2019\u00e8re de l\u2019automobilit\u00e9 toute puissante, aliment\u00e9e aux \u00e9nergies fossiles, semble avoir re\u00e7u son C4, pour laisser place \u00e0 une mobilit\u00e9 plus diversifi\u00e9e.","p4_og_image":"","p4_og_image_id":"","p4_seo_canonical_url":"","p4_campaign_name":"not set","p4_local_project":"","p4_basket_name":"not set","p4_department":"","footnotes":""},"categories":[107,1],"tags":[74,86],"p4-page-type":[116],"class_list":["post-8218","post","type-post","status-publish","format-standard","has-post-thumbnail","hentry","category-ensemble-nous-sommes-la-solution","category-non-classifiee","tag-mobilite","tag-climat","p4-page-type-actualites-blog"],"_links":{"self":[{"href":"https:\/\/www.greenpeace.org\/belgium\/fr\/wp-json\/wp\/v2\/posts\/8218","targetHints":{"allow":["GET"]}}],"collection":[{"href":"https:\/\/www.greenpeace.org\/belgium\/fr\/wp-json\/wp\/v2\/posts"}],"about":[{"href":"https:\/\/www.greenpeace.org\/belgium\/fr\/wp-json\/wp\/v2\/types\/post"}],"author":[{"embeddable":true,"href":"https:\/\/www.greenpeace.org\/belgium\/fr\/wp-json\/wp\/v2\/users\/49"}],"replies":[{"embeddable":true,"href":"https:\/\/www.greenpeace.org\/belgium\/fr\/wp-json\/wp\/v2\/comments?post=8218"}],"version-history":[{"count":7,"href":"https:\/\/www.greenpeace.org\/belgium\/fr\/wp-json\/wp\/v2\/posts\/8218\/revisions"}],"predecessor-version":[{"id":25435,"href":"https:\/\/www.greenpeace.org\/belgium\/fr\/wp-json\/wp\/v2\/posts\/8218\/revisions\/25435"}],"wp:featuredmedia":[{"embeddable":true,"href":"https:\/\/www.greenpeace.org\/belgium\/fr\/wp-json\/wp\/v2\/media\/8228"}],"wp:attachment":[{"href":"https:\/\/www.greenpeace.org\/belgium\/fr\/wp-json\/wp\/v2\/media?parent=8218"}],"wp:term":[{"taxonomy":"category","embeddable":true,"href":"https:\/\/www.greenpeace.org\/belgium\/fr\/wp-json\/wp\/v2\/categories?post=8218"},{"taxonomy":"post_tag","embeddable":true,"href":"https:\/\/www.greenpeace.org\/belgium\/fr\/wp-json\/wp\/v2\/tags?post=8218"},{"taxonomy":"p4-page-type","embeddable":true,"href":"https:\/\/www.greenpeace.org\/belgium\/fr\/wp-json\/wp\/v2\/p4-page-type?post=8218"}],"curies":[{"name":"wp","href":"https:\/\/api.w.org\/{rel}","templated":true}]}}