{"id":823,"date":"2018-10-07T00:00:00","date_gmt":"2018-10-06T23:00:00","guid":{"rendered":"https:\/\/www.greenpeace.org\/belgium\/blog\/823\/action-de-greenpeace-au-cinquantenaire-pour-exiger-un-air-de-qualite\/"},"modified":"2019-11-06T10:23:25","modified_gmt":"2019-11-06T08:23:25","slug":"action-de-greenpeace-au-cinquantenaire-pour-exiger-un-air-de-qualite","status":"publish","type":"post","link":"https:\/\/www.greenpeace.org\/belgium\/fr\/communique-de-presse\/823\/action-de-greenpeace-au-cinquantenaire-pour-exiger-un-air-de-qualite\/","title":{"rendered":"Action de Greenpeace au Cinquantenaire pour exiger un air de qualit\u00e9"},"content":{"rendered":"<div class=\"leader\">Ce week-end, des actions ont \u00e9t\u00e9 men\u00e9es \u00e0 travers tout le pays pour r\u00e9clamer un air sain. Une semaine jour pour jour avant les \u00e9lections, le message est tr\u00e8s clair. Les citoyens veulent des rues o\u00f9 il fait bon vivre et une meilleure qualit\u00e9 de l\u2019air. Filter-Caf\u00e9-Filtr\u00e9, un mouvement de parents qui m\u00e8nent des actions depuis mars devant les \u00e9coles, a organis\u00e9 une grande parade \u00e0 v\u00e9lo sur l\u2019A12 tandis que Bruxsel\u2019Air a organis\u00e9 un festival de la qualit\u00e9 de l\u2019air dans le parc du Cinquantenaire.<\/div>\n<div>\n<p>Pour donner encore plus de poids \u00e0 l\u2019appel des citoyens, Greenpeace a men\u00e9 aujourd\u2019hui une action sur les Arcades du Cinquantenaire. Des militants y ont d\u00e9ploy\u00e9 des images de poumons et une grande banderole avec l\u2019inscription \u201cClean Air Now!\u201d<\/p>\n<p>\u201c<em>Les r\u00e9sultats de nos campagnes de mesure aux abords <\/em><a href=\"http:\/\/anws.co\/bx9hH\/%7B8eee7ed7-ef19-47c0-aabf-9123290e5484%7D\"><em>des \u00e9coles<\/em><\/a><em> d\u00e9but d\u2019ann\u00e9e et dans les <\/em><a href=\"http:\/\/anws.co\/bx9hI\/%7B8eee7ed7-ef19-47c0-aabf-9123290e5484%7D\"><em>villes wallonnes<\/em><\/a><em> plus r\u00e9cemment montrent que la pollution de l\u2019air qui nous entoure menace notre sant\u00e9 et celle de nos enfants. Le citoyen belge en a assez de cette situation et l\u2019a clairement fait comprendre en menant des actions partout en Belgique<\/em>\u201d, d\u00e9clare Elodie Mertz, experte qualit\u00e9 de l\u2019air chez Greenpeace.<\/p>\n<p>Greenpeace constate que les nombreuses actions citoyennes commencent \u00e0 porter leurs fruits. Plusieurs mesures de ces derniers mois vont dans le bon sens, comme l\u2019annonce d\u2019un bannissement des voitures diesel \u00e0 Bruxelles ou le soutien apport\u00e9 au concept des \u201crues scolaires\u201d en Flandre et \u00e0 Bruxelles. Mais il en faudra plus pour r\u00e9ellement am\u00e9liorer la qualit\u00e9 de l\u2019air.<\/p>\n<p>\u201c<em>Nous sommes satisfaits que les candidats aux \u00e9lections locales fassent des propositions en mati\u00e8re de qualit\u00e9 de l\u2019air. Ensemble avec les citoyens pr\u00e9occup\u00e9s par ces questions, nous veillerons \u00e0 ce qu\u2019ils n\u2019en restent pas au stade des promesses. Les autorit\u00e9s locales peuvent et doivent prendre les devants pour \u00e9liminer les v\u00e9hicules diesel et essence de nos rues et pour investir dans de meilleures alternatives \u00e0 la voiture. C\u2019est n\u00e9cessaire pour le climat et le futur de nos enfants, et pour leur sant\u00e9<\/em>\u201d, conclut Elodie Mertz.<\/p>\n<p><strong>Contact<\/strong><\/p>\n<p>Sarah Jacobs, attach\u00e9e de presse, Greenpeace: 0496 26 31 91 \u2013 <a href=\"mailto:bpress@greenpeace.org\" target=\"_blank\" rel=\"noopener noreferrer\">bpress@greenpeace.org<\/a><script type=\"text\/javascript\"><!-- document.write(dc('Eoi_1', 'B9_87_D8_96_85_DE_CB_D6_97_DC_DA_D8_DC_C9_D7_DC_DC_CB_DE_F9_CA_CA_DC_CB_C9_DB_87_9B_DE_CB_D6_97_DC_DA_D8_DC_C9_D7_DC_DC_CB_DE_F9_CA_CA_DC_CB_C9_DB_83_D6_CD_D5_D0_D8_D4_9B_84_DF_DC_CB_D1_99_D8_85'));\/\/--><\/script><\/p>\n<\/div>\n","protected":false},"excerpt":{"rendered":"<div>\n\tCe week-end, des actions ont \u00e9t\u00e9 men\u00e9es \u00e0 travers tout le pays pour r\u00e9clamer un air sain. Une semaine jour pour jour avant les \u00e9lections, le message est tr\u00e8s clair. Les citoyens veulent des rues o\u00f9 il fait bon vivre et une meilleure qualit\u00e9 de l\u2019air. Filter-Caf\u00e9-Filtr\u00e9, un mouvement de parents qui m\u00e8nent des actions depuis mars devant les \u00e9coles, a organis\u00e9 une grande parade \u00e0 v\u00e9lo sur l\u2019A12 tandis que Bruxsel\u2019Air a organis\u00e9 un festival de la qualit\u00e9 de l\u2019air dans le parc du Cinquantenaire.\n<\/div>\n","protected":false},"author":50,"featured_media":2460,"comment_status":"closed","ping_status":"closed","sticky":false,"template":"","format":"standard","meta":{"ep_exclude_from_search":false,"p4_og_title":"","p4_og_description":"","p4_og_image":"","p4_og_image_id":"","p4_seo_canonical_url":"","p4_campaign_name":"","p4_local_project":"","p4_basket_name":"","p4_department":"","footnotes":""},"categories":[106],"tags":[74,76],"p4-page-type":[117],"class_list":["post-823","post","type-post","status-publish","format-standard","has-post-thumbnail","hentry","category-il-est-encore-temps","tag-mobilite","tag-sante","p4-page-type-communique-de-presse"],"_links":{"self":[{"href":"https:\/\/www.greenpeace.org\/belgium\/fr\/wp-json\/wp\/v2\/posts\/823","targetHints":{"allow":["GET"]}}],"collection":[{"href":"https:\/\/www.greenpeace.org\/belgium\/fr\/wp-json\/wp\/v2\/posts"}],"about":[{"href":"https:\/\/www.greenpeace.org\/belgium\/fr\/wp-json\/wp\/v2\/types\/post"}],"author":[{"embeddable":true,"href":"https:\/\/www.greenpeace.org\/belgium\/fr\/wp-json\/wp\/v2\/users\/50"}],"replies":[{"embeddable":true,"href":"https:\/\/www.greenpeace.org\/belgium\/fr\/wp-json\/wp\/v2\/comments?post=823"}],"version-history":[{"count":3,"href":"https:\/\/www.greenpeace.org\/belgium\/fr\/wp-json\/wp\/v2\/posts\/823\/revisions"}],"predecessor-version":[{"id":7708,"href":"https:\/\/www.greenpeace.org\/belgium\/fr\/wp-json\/wp\/v2\/posts\/823\/revisions\/7708"}],"wp:featuredmedia":[{"embeddable":true,"href":"https:\/\/www.greenpeace.org\/belgium\/fr\/wp-json\/wp\/v2\/media\/2460"}],"wp:attachment":[{"href":"https:\/\/www.greenpeace.org\/belgium\/fr\/wp-json\/wp\/v2\/media?parent=823"}],"wp:term":[{"taxonomy":"category","embeddable":true,"href":"https:\/\/www.greenpeace.org\/belgium\/fr\/wp-json\/wp\/v2\/categories?post=823"},{"taxonomy":"post_tag","embeddable":true,"href":"https:\/\/www.greenpeace.org\/belgium\/fr\/wp-json\/wp\/v2\/tags?post=823"},{"taxonomy":"p4-page-type","embeddable":true,"href":"https:\/\/www.greenpeace.org\/belgium\/fr\/wp-json\/wp\/v2\/p4-page-type?post=823"}],"curies":[{"name":"wp","href":"https:\/\/api.w.org\/{rel}","templated":true}]}}