{"id":82334,"date":"2026-09-03T09:20:34","date_gmt":"2026-09-03T08:20:34","guid":{"rendered":"https:\/\/www.greenpeace.org\/belgium\/?p=82334"},"modified":"2026-09-03T09:20:43","modified_gmt":"2026-09-03T08:20:43","slug":"feux-de-foret-un-joyau-perdu-dans-les-hautes-fagnes","status":"publish","type":"post","link":"https:\/\/www.greenpeace.org\/belgium\/fr\/actualites-blog\/82334\/feux-de-foret-un-joyau-perdu-dans-les-hautes-fagnes\/","title":{"rendered":"Feux de for\u00eat : un joyau perdu dans les Hautes Fagnes"},"content":{"rendered":"\n<p class=\"wp-block-paragraph\"><strong><strong>Alors que <\/strong><a href=\"https:\/\/www.greenpeace.org\/belgium\/fr\/actualites-blog\/81808\/les-feux-de-vegetation-a-belgique-ny-echappera-pas\/\"><strong>nous alertions<\/strong><\/a><strong>, au d\u00e9but de l\u2019\u00e9t\u00e9, sur le risque de voir l\u2019Europe confront\u00e9e \u00e0 une nouvelle p\u00e9riode de feux de for\u00eat violents, nous avons fait face \u00e0 un incendie historique. Le plus grand feu que la Belgique ait connu depuis 1911 a ravag\u00e9 les Hautes Fagnes. Partout en Europe, les incendies se sont multipli\u00e9s au cours de l\u2019\u00e9t\u00e9. Au total, alors que la saison n\u2019est pas finie, 580 000 hectares y sont d\u00e9j\u00e0 partis en fum\u00e9e cette ann\u00e9e.<\/strong><\/strong><\/p>\n\n<figure class=\"wp-block-image\"><img loading=\"lazy\" decoding=\"async\" width=\"1200\" height=\"800\" title=\"Fires in High Fens, Belgium\" src=\"https:\/\/www.greenpeace.org\/static\/planet4-belgium-stateless\/2026\/09\/4ac921f4-gp0sua48d.jpg\" alt=\"A massive fire broke out on Friday 14 August 2026 in the High Fens nature reserve (East of Belgium). Fueled by the dry vegetation, this peatland fire ravaged more than 3,000 hectares of nature.\" class=\"wp-image-82338\" srcset=\"https:\/\/www.greenpeace.org\/static\/planet4-belgium-stateless\/2026\/09\/4ac921f4-gp0sua48d.jpg 1200w, https:\/\/www.greenpeace.org\/static\/planet4-belgium-stateless\/2026\/09\/4ac921f4-gp0sua48d-300x200.jpg 300w, https:\/\/www.greenpeace.org\/static\/planet4-belgium-stateless\/2026\/09\/4ac921f4-gp0sua48d-1024x683.jpg 1024w, https:\/\/www.greenpeace.org\/static\/planet4-belgium-stateless\/2026\/09\/4ac921f4-gp0sua48d-768x512.jpg 768w, https:\/\/www.greenpeace.org\/static\/planet4-belgium-stateless\/2026\/09\/4ac921f4-gp0sua48d-510x340.jpg 510w\" sizes=\"auto, (max-width: 1200px) 100vw, 1200px\" \/><figcaption aria-hidden=\"true\" class=\"wp-element-caption\">L&rsquo;incendie dans les Hautes Fagnes, qui a ravag\u00e9 plus de 3000 hectares de nature.<div class=\"credit icon-left\"> \u00a9 Eric De Mildt \/ Greenpeace<\/div><\/figcaption><\/figure>\n\n<p class=\"wp-block-paragraph\">Chez nous, ce sont donc notamment les tourbi\u00e8res qui se sont embras\u00e9es dans le parc naturel des Hautes Fagnes, <a href=\"https:\/\/www.rtbf.be\/article\/des-cartes-precises-predisaient-les-risques-aurait-on-pu-eviter-l-incendie-dans-les-hautes-fagnes-11771939\">dans un sc\u00e9nario<\/a> que plusieurs scientifiques de l\u2019UGent et de l\u2019ULi\u00e8ge avaient pourtant d\u00e9j\u00e0 identifi\u00e9 comme tr\u00e8s probable. Ces \u00e9cosyst\u00e8mes particuliers couvrent entre 3 et 5 % du territoire belge. Ils jouent un r\u00f4le essentiel dans l\u2019\u00e9quilibre de nos milieux naturels, mais aussi dans la lutte contre le changement climatique.&nbsp;<\/p>\n\n<p class=\"wp-block-paragraph\">Les tourbi\u00e8res sont des zones humides o\u00f9 s\u2019accumulent, au fil des si\u00e8cles, des mati\u00e8res v\u00e9g\u00e9tales partiellement d\u00e9compos\u00e9es. Cette accumulation forme la tourbe, une mati\u00e8re particuli\u00e8rement riche en carbone. \u00c0 l\u2019\u00e9chelle mondiale, les tourbi\u00e8res ne couvrent qu\u2019environ 3 % des terres \u00e9merg\u00e9es, mais elles constituent le plus grand r\u00e9servoir naturel de carbone des sols. Elles stockent \u00e0 elles seules pr\u00e8s de 30 % du carbone pr\u00e9sent dans les sols, soit environ deux fois plus que l\u2019ensemble des for\u00eats du monde.&nbsp;<\/p>\n\n<p class=\"wp-block-paragraph\">Leur r\u00f4le ne s\u2019arr\u00eate pas l\u00e0. Les tourbi\u00e8res contribuent \u00e0 limiter les risques d\u2019inondation, \u00e0 filtrer et purifier l\u2019eau, \u00e0 pr\u00e9server la qualit\u00e9 de l\u2019air et \u00e0 offrir un habitat indispensable \u00e0 de nombreuses esp\u00e8ces, notamment des oiseaux, des amphibiens et des insectes.<\/p>\n\n<p class=\"wp-block-paragraph\">Les tourbi\u00e8res hautes des Hautes Fagnes constituent un milieu et biotope naturel exceptionnel, fa\u00e7onn\u00e9 au fil des si\u00e8cles par des conditions hydrologiques et climatiques particuli\u00e8res. La couche de tourbe peut mesurer jusqu\u2019\u00e0 huit m\u00e8tres d&rsquo;\u00e9paisseur et l\u2019acc\u00e8s y est strictement r\u00e9glement\u00e9.<\/p>\n\n<div class=\"wp-block-buttons is-layout-flex wp-block-buttons-is-layout-flex\">\n<div class=\"wp-block-button\"><a class=\"wp-block-button__link wp-element-button\" href=\"https:\/\/klimaatcoalitie-coalitionclimat.be\/fr\/marche-climat\/\" target=\"_blank\" rel=\"noreferrer noopener\">Je rejoins le mouvement : je participe \u00e0 la marche climat le 11 octobre<\/a><\/div>\n<\/div>\n\n<h2 class=\"wp-block-heading\"><strong>Des \u00e9cosyst\u00e8mes mill\u00e9naires\u2026 qui peuvent s\u2019embraser<\/strong><\/h2>\n\n<p class=\"wp-block-paragraph\">Une tourbi\u00e8re se forme tr\u00e8s lentement. Les plantes adapt\u00e9es aux milieux gorg\u00e9s d\u2019eau s\u2019y accumulent et leur d\u00e9composition, ralentie par l\u2019absence d\u2019oxyg\u00e8ne, produit progressivement de la tourbe. En Europe, la formation de nombreuses tourbi\u00e8res remonte \u00e0 environ 10 000 ans, \u00e0 la fin de la derni\u00e8re p\u00e9riode glaciaire.<\/p>\n\n<p class=\"wp-block-paragraph\">La tourbe est une mati\u00e8re compos\u00e9e majoritairement d\u2019eau, mais qui peut contenir jusqu\u2019\u00e0 50 % de carbone. Lorsqu\u2019elle est s\u00e8che, elle devient extr\u00eamement inflammable et peut br\u00fbler comme du charbon. Ce ph\u00e9nom\u00e8ne n\u2019est pas nouveau. Pendant des si\u00e8cles, la tourbe a notamment \u00e9t\u00e9 utilis\u00e9e comme combustible, ce qui a conduit \u00e0 l\u2019exploitation et \u00e0 la d\u00e9gradation de nombreuses tourbi\u00e8res.<\/p>\n\n<p class=\"wp-block-paragraph\">Aujourd\u2019hui, ces \u00e9cosyst\u00e8mes sont particuli\u00e8rement fragilis\u00e9s. Dans l\u2019Union europ\u00e9enne, plus de la moiti\u00e9 des tourbi\u00e8res sont consid\u00e9r\u00e9es comme \u00e9tant en mauvais \u00e9tat. Drain\u00e9es pour l\u2019agriculture, la sylviculture ou l\u2019exploitation de la tourbe, elles ont perdu leur humidit\u00e9 naturelle. En s\u2019ass\u00e9chant, elles lib\u00e8rent d\u2019importantes quantit\u00e9s de CO\u2082 dans l\u2019atmosph\u00e8re et deviennent beaucoup plus vuln\u00e9rables aux incendies, particuli\u00e8rement lors des p\u00e9riodes de s\u00e9cheresse et de fortes chaleurs comme celle que nous avons connue cet \u00e9t\u00e9.<\/p>\n\n<figure class=\"wp-block-image\"><img loading=\"lazy\" decoding=\"async\" width=\"1200\" height=\"675\" title=\"Aftermath of Fires in High Fens, Belgium\" src=\"https:\/\/www.greenpeace.org\/static\/planet4-belgium-stateless\/2026\/09\/ddf6a49e-gp0sua4af.jpg\" alt=\"A massive fire broke out on Friday 14 August 2026 in the High Fens nature reserve (East of Belgium). Fueled by the dry vegetation, this peatland fire ravaged more than 3,000 hectares of nature.\" class=\"wp-image-82342\" srcset=\"https:\/\/www.greenpeace.org\/static\/planet4-belgium-stateless\/2026\/09\/ddf6a49e-gp0sua4af.jpg 1200w, https:\/\/www.greenpeace.org\/static\/planet4-belgium-stateless\/2026\/09\/ddf6a49e-gp0sua4af-300x169.jpg 300w, https:\/\/www.greenpeace.org\/static\/planet4-belgium-stateless\/2026\/09\/ddf6a49e-gp0sua4af-1024x576.jpg 1024w, https:\/\/www.greenpeace.org\/static\/planet4-belgium-stateless\/2026\/09\/ddf6a49e-gp0sua4af-768x432.jpg 768w, https:\/\/www.greenpeace.org\/static\/planet4-belgium-stateless\/2026\/09\/ddf6a49e-gp0sua4af-510x287.jpg 510w\" sizes=\"auto, (max-width: 1200px) 100vw, 1200px\" \/><figcaption aria-hidden=\"true\" class=\"wp-element-caption\">L&rsquo;incendie dans les Hautes Fagnes, qui a ravag\u00e9 plus de 3000 hectares de nature.<div class=\"credit icon-left\"> \u00a9 Greenpeace \/ Kenneth Lowyck<\/div><\/figcaption><\/figure>\n\n<p class=\"wp-block-paragraph\">Et lorsqu\u2019une tourbi\u00e8re dispara\u00eet, nous perdons un \u00e9cosyst\u00e8me qui a mis des milliers d\u2019ann\u00e9es \u00e0 se constituer. Il faut en effet environ mille ans pour former un seul m\u00e8tre de tourbe, soit \u00e0 peine un millim\u00e8tre par an.<br><br>Autrefois tr\u00e8s \u00e9tendues, les tourbi\u00e8res hautes des fagnes ont perdu 90 % de leur superficie suite au drainage et exploitation de la tourbe. Et les 10 % restantes demeurent fragiles. Raison pour laquelle, afin de conserver la flore et la faune des Hautes Fagnes, une superficie de 4.500 ha a \u00e9t\u00e9 class\u00e9e en r\u00e9serve naturelle depuis 1957 et que des programmes de restauration de la nature se sont attel\u00e9s \u00e0 leur r\u00e9habilitation.&nbsp;<\/p>\n\n<h2 class=\"wp-block-heading\"><strong>Restaurer nos tourbi\u00e8res : une urgence climatique et \u00e9cologique<\/strong><\/h2>\n\n<p class=\"wp-block-paragraph\">La restauration de ces \u00e9cosyst\u00e8mes est donc essentielle. La loi europ\u00e9enne sur la restauration de la nature, adopt\u00e9e dans la foul\u00e9e des accords de Kunming-Montr\u00e9al, fixe notamment l\u2019objectif de restaurer 30 % des \u00e9cosyst\u00e8mes d\u00e9grad\u00e9s d\u2019ici 2030. La Belgique a donc non seulement une responsabilit\u00e9 \u00e9cologique, mais aussi des engagements \u00e0 respecter.<\/p>\n\n<p class=\"wp-block-paragraph\">Restaurer une tourbi\u00e8re signifie avant tout lui rendre son eau. Cela peut sembler simple, mais sur le terrain, c\u2019est un travail complexe qui demande du temps, des comp\u00e9tences et des moyens. Plusieurs projets de restauration sont d\u00e9j\u00e0 en cours en Belgique. En collaboration avec les propri\u00e9taires fonciers locaux, des associations de protection de la nature (Natuurpunt et Natagora) travaillent \u00e0 la restauration de tourbi\u00e8res dans sept zones allant de 1 \u00e0 250 hectares. L\u2019objectif est notamment de d\u00e9montrer tout le potentiel de ces milieux en mati\u00e8re de stockage du carbone.<\/p>\n\n<p class=\"wp-block-paragraph\">Les techniques utilis\u00e9es varient selon les caract\u00e9ristiques de chaque site : interventions manuelles, restauration de l\u2019hydrologie ou encore plantation de sphaignes, ces mousses qui jouent un r\u00f4le essentiel dans la formation et le maintien des tourbi\u00e8res.<\/p>\n\n<p class=\"wp-block-paragraph\">Ces initiatives s\u2019appuient \u00e9galement sur le travail d\u2019institutions scientifiques. Ensemble, elles d\u00e9veloppent et testent de nouvelles m\u00e9thodes permettant de mieux mesurer et anticiper les \u00e9missions et la s\u00e9questration de carbone dans les tourbi\u00e8res. Des technologies comme les drones et les satellites peuvent notamment contribuer \u00e0 suivre l\u2019\u00e9volution de ces \u00e9cosyst\u00e8mes.<\/p>\n\n<figure class=\"wp-block-image\"><img loading=\"lazy\" decoding=\"async\" width=\"1200\" height=\"800\" title=\"Protest against Cutting of Urban Forest in Kolmenveld in Belgium\" src=\"https:\/\/www.greenpeace.org\/static\/planet4-belgium-stateless\/2026\/09\/6430e441-gp0sty9wf.jpg\" alt=\"Greenpeace Belgium activists are blocking the cutting of the urban forest Kolmenveld in Tessenderlo, Limburg. The 5.5-hectare patch of urban nature is under threat due to a real estate project.\" class=\"wp-image-82345\" srcset=\"https:\/\/www.greenpeace.org\/static\/planet4-belgium-stateless\/2026\/09\/6430e441-gp0sty9wf.jpg 1200w, https:\/\/www.greenpeace.org\/static\/planet4-belgium-stateless\/2026\/09\/6430e441-gp0sty9wf-300x200.jpg 300w, https:\/\/www.greenpeace.org\/static\/planet4-belgium-stateless\/2026\/09\/6430e441-gp0sty9wf-1024x683.jpg 1024w, https:\/\/www.greenpeace.org\/static\/planet4-belgium-stateless\/2026\/09\/6430e441-gp0sty9wf-768x512.jpg 768w, https:\/\/www.greenpeace.org\/static\/planet4-belgium-stateless\/2026\/09\/6430e441-gp0sty9wf-510x340.jpg 510w\" sizes=\"auto, (max-width: 1200px) 100vw, 1200px\" \/><figcaption><div class=\"credit icon-left\"> \u00a9 Tim Dirven \/ Greenpeace<\/div><\/figcaption><\/figure>\n\n<h2 class=\"wp-block-heading\"><strong>Restaurer plut\u00f4t que laisser dispara\u00eetre<\/strong><\/h2>\n\n<p class=\"wp-block-paragraph\">Mais ces efforts restent insuffisants si les moyens n\u00e9cessaires ne suivent pas. <a href=\"https:\/\/www.greenpeace.org\/belgium\/fr\/communique-de-presse\/81621\/plus-de-40-000-personnes-rappellent-au-gouvernement-wallon-que-la-restauration-de-la-nature-est-une-priorite-politique\/\">Les choix politiques de nos gouvernements <\/a>ne vont malheureusement pas dans cette direction. <a href=\"https:\/\/www.dhnet.be\/regions\/mons\/2026\/03\/02\/le-departement-nature-et-foret-dnf-tire-la-sonnette-quant-au-manque-de-personnel-a-mons-cette-situation-pourrait-avoir-des-repercussions-MKX7IY2UX5GLRIP6VIGA4SWYHU\/\">Le D\u00e9partement de la Nature et des For\u00eats (DNF)<\/a> a lui-m\u00eame tir\u00e9 la sonnette d\u2019alarme sur le manque de personnel et de moyens, avec pour cons\u00e9quence la mise en pause de plusieurs projets de restauration de la nature.<\/p>\n\n<p class=\"wp-block-paragraph\">Nous ne pouvons pas nous r\u00e9signer \u00e0 voir dispara\u00eetre l\u2019un des joyaux de notre biodiversit\u00e9.<\/p>\n\n<p class=\"wp-block-paragraph\">L\u2019incendie des Hautes Fagnes doit \u00eatre un \u00e9lectrochoc. Il nous rappelle que la protection de la nature n\u2019est pas un luxe : elle est une condition essentielle pour nous adapter aux bouleversements climatiques qui s\u2019acc\u00e9l\u00e8rent.<\/p>\n\n<p class=\"wp-block-paragraph\">Les solutions existent. Nous devons maintenant leur donner les moyens de se d\u00e9ployer :<\/p>\n\n<ul class=\"wp-block-list\">\n<li><strong>Investir massivement dans la d\u00e9carbonation<\/strong>, pour sortir des \u00e9nergies fossiles et r\u00e9duire les \u00e9missions qui alimentent le d\u00e9r\u00e8glement climatique.<\/li>\n\n\n\n<li><strong>Investir dans la restauration de la nature<\/strong> et les \u00e9cosyst\u00e8mes capables de stocker du carbone, de prot\u00e9ger l\u2019eau et d\u2019accueillir la biodiversit\u00e9.<\/li>\n\n\n\n<li><strong>Donner aux services publics et aux associations les moyens d\u2019agir<\/strong>, afin que les projets de restauration ne soient pas abandonn\u00e9s faute de personnel ou de financement.<\/li>\n<\/ul>\n\n<p class=\"wp-block-paragraph\">Prot\u00e9ger et restaurer les tourbi\u00e8res, c\u2019est pr\u00e9server une biodiversit\u00e9 unique. C\u2019est aussi prot\u00e9ger nos sols, notre eau et notre climat. Et surtout, c\u2019est \u00e9viter que les paysages qui ont mis des milliers d\u2019ann\u00e9es \u00e0 se former ne disparaissent en quelques jours sous les flammes.<\/p>\n\n<div class=\"wp-block-buttons is-layout-flex wp-block-buttons-is-layout-flex\">\n<div class=\"wp-block-button\"><a class=\"wp-block-button__link wp-element-button\" href=\"https:\/\/klimaatcoalitie-coalitionclimat.be\/fr\/marche-climat\/\" target=\"_blank\" rel=\"noreferrer noopener\">Je rejoins le mouvement : je participe \u00e0 la marche climat le 11 octobre<\/a><\/div>\n<\/div>\n\n<p class=\"wp-block-paragraph\"><\/p>\n\n<p class=\"wp-block-paragraph\"><\/p>\n","protected":false},"excerpt":{"rendered":"<p>Alors que nous alertions, au d\u00e9but de l\u2019\u00e9t\u00e9, sur le risque de voir l\u2019Europe confront\u00e9e \u00e0 une nouvelle p\u00e9riode de feux de for\u00eat violents, nous avons fait face \u00e0 un incendie historique. Le plus grand feu que la Belgique ait connu depuis 1911 a ravag\u00e9 les Hautes Fagnes. Partout en Europe, les incendies se sont multipli\u00e9s au cours de l\u2019\u00e9t\u00e9. Au total, alors que la saison n\u2019est pas finie, 580 000 hectares y sont d\u00e9j\u00e0 partis en fum\u00e9e cette ann\u00e9e.<\/p>\n","protected":false},"author":80,"featured_media":82338,"comment_status":"closed","ping_status":"closed","sticky":false,"template":"","format":"standard","meta":{"ep_exclude_from_search":false,"p4_og_title":"Feux de for\u00eat : un joyau perdu dans les Hautes Fagnes","p4_og_description":"Alors que nous alertions, au d\u00e9but de l\u2019\u00e9t\u00e9, sur le risque de voir l\u2019Europe confront\u00e9e \u00e0 une nouvelle p\u00e9riode de feux de for\u00eat violents, nous avons fait face \u00e0 un incendie historique. Le plus grand feu que la Belgique ait connu depuis 1911 a ravag\u00e9 les Hautes Fagnes. Partout en Europe, les incendies se sont multipli\u00e9s au cours de l\u2019\u00e9t\u00e9. Au total, alors que la saison n\u2019est pas finie, 580 000 hectares y sont d\u00e9j\u00e0 partis en fum\u00e9e cette ann\u00e9e.","p4_og_image":"https:\/\/www.greenpeace.org\/static\/planet4-belgium-stateless\/2026\/09\/4ac921f4-gp0sua48d.jpg","p4_og_image_id":"82338","p4_seo_canonical_url":"","p4_campaign_name":"not set","p4_local_project":"not set","p4_basket_name":"not set","p4_department":"","footnotes":""},"categories":[152,150,171,168,169,175],"tags":[],"p4-page-type":[116],"class_list":["post-82334","post","type-post","status-publish","format-standard","has-post-thumbnail","hentry","category-a-la-une","category-actualites","category-biodiversite","category-campagnes","category-climat","category-forets","p4-page-type-actualites-blog"],"_links":{"self":[{"href":"https:\/\/www.greenpeace.org\/belgium\/fr\/wp-json\/wp\/v2\/posts\/82334","targetHints":{"allow":["GET"]}}],"collection":[{"href":"https:\/\/www.greenpeace.org\/belgium\/fr\/wp-json\/wp\/v2\/posts"}],"about":[{"href":"https:\/\/www.greenpeace.org\/belgium\/fr\/wp-json\/wp\/v2\/types\/post"}],"author":[{"embeddable":true,"href":"https:\/\/www.greenpeace.org\/belgium\/fr\/wp-json\/wp\/v2\/users\/80"}],"replies":[{"embeddable":true,"href":"https:\/\/www.greenpeace.org\/belgium\/fr\/wp-json\/wp\/v2\/comments?post=82334"}],"version-history":[{"count":2,"href":"https:\/\/www.greenpeace.org\/belgium\/fr\/wp-json\/wp\/v2\/posts\/82334\/revisions"}],"predecessor-version":[{"id":82347,"href":"https:\/\/www.greenpeace.org\/belgium\/fr\/wp-json\/wp\/v2\/posts\/82334\/revisions\/82347"}],"wp:featuredmedia":[{"embeddable":true,"href":"https:\/\/www.greenpeace.org\/belgium\/fr\/wp-json\/wp\/v2\/media\/82338"}],"wp:attachment":[{"href":"https:\/\/www.greenpeace.org\/belgium\/fr\/wp-json\/wp\/v2\/media?parent=82334"}],"wp:term":[{"taxonomy":"category","embeddable":true,"href":"https:\/\/www.greenpeace.org\/belgium\/fr\/wp-json\/wp\/v2\/categories?post=82334"},{"taxonomy":"post_tag","embeddable":true,"href":"https:\/\/www.greenpeace.org\/belgium\/fr\/wp-json\/wp\/v2\/tags?post=82334"},{"taxonomy":"p4-page-type","embeddable":true,"href":"https:\/\/www.greenpeace.org\/belgium\/fr\/wp-json\/wp\/v2\/p4-page-type?post=82334"}],"curies":[{"name":"wp","href":"https:\/\/api.w.org\/{rel}","templated":true}]}}