{"id":82354,"date":"2026-09-04T12:17:56","date_gmt":"2026-09-04T11:17:56","guid":{"rendered":"https:\/\/www.greenpeace.org\/belgium\/?p=82354"},"modified":"2026-09-04T12:18:07","modified_gmt":"2026-09-04T11:18:07","slug":"plan-de-restauration-de-la-nature-la-belgique-manque-lecheance-europeenne","status":"publish","type":"post","link":"https:\/\/www.greenpeace.org\/belgium\/fr\/communique-de-presse\/82354\/plan-de-restauration-de-la-nature-la-belgique-manque-lecheance-europeenne\/","title":{"rendered":"Plan de restauration de la nature : la Belgique manque l&rsquo;\u00e9ch\u00e9ance europ\u00e9enne"},"content":{"rendered":"\n<p class=\"wp-block-paragraph\"><strong>La surmortalit\u00e9 la plus \u00e9lev\u00e9e d&rsquo;Europe pendant la canicule de juin. Plus de 3 000 hectares partis en fum\u00e9e dans les Hautes-Fagnes. Et, le 1er septembre, une \u00e9ch\u00e9ance europ\u00e9enne manqu\u00e9e : la Belgique n&rsquo;a pas transmis son projet de plan national de restauration de la nature, notamment \u00e0 cause du s\u00e9rieux retard sur la partie wallonne. \u00a0Les associations environnementales d\u00e9noncent \u201cune indiff\u00e9rence politique qui co\u00fbte des vies et des milliards \u00e0 notre pays\u201d.<\/strong><\/p>\n\n<h2 class=\"wp-block-heading\"><strong>Un \u00e9t\u00e9 qui confirme l&rsquo;urgence<\/strong><\/h2>\n\n<p class=\"wp-block-paragraph\">Ce retard survient au terme d&rsquo;un \u00e9t\u00e9 qui restera comme l&rsquo;un des plus destructeurs de l&rsquo;histoire r\u00e9cente du pays. Selon Sciensano, la vague de chaleur du 18 juin au 1er juillet a provoqu\u00e9 une surmortalit\u00e9 (1) la plus \u00e9lev\u00e9e d&rsquo;Europe, et 76 % en Wallonie , sans compter les innombrables animaux sauvages morts de chaleur ou de soif, les centres de revalidation (CREAVES) ayant d\u00fb refuser des prises en charge faute de capacit\u00e9. Puis sont venus les incendies des Hautes Fagnes, dernier \u00e9pisode en date d&rsquo;un \u00e9t\u00e9 o\u00f9 s\u00e9cheresse extr\u00eame, canicules \u00e0 r\u00e9p\u00e9tition et feux de for\u00eat ne sont plus des accidents isol\u00e9s, mais le visage r\u00e9gulier de nos \u00e9t\u00e9s. Et la facture s&rsquo;alourdit : selon l&rsquo;assureur-cr\u00e9dit Allianz relay\u00e9e par la F\u00e9d\u00e9ration des entreprises de Belgique, les vagues de chaleur extr\u00eame pourraient d\u00e9grader les soldes budg\u00e9taires d&rsquo;environ 0,5 % du PIB par an. (2),<\/p>\n\n<p class=\"wp-block-paragraph\">\u00ab<em> Pendant que les Belges meurent de la chaleur et que notre nature part en flammes, les gouvernements laissent de c\u00f4t\u00e9 la solution la plus puissante et la moins ch\u00e8re pour nous rendre plus r\u00e9silients face aux extr\u00eames climatiques : la restauration de la nature. Que la Belgique n\u2019ait toujours ni plan, ni budget pour le financer, est totalement irresponsable. C&rsquo;est aussi une question de s\u00e9curit\u00e9. <\/em>\u00bb, d\u00e9nonce Alexia Vandenbergh, Responsable Politique Nature et For\u00eat chez Natagora.<\/p>\n\n<h2 class=\"wp-block-heading\"><strong>La nature, une question de survie\u00a0 face au d\u00e9r\u00e8glement climatique<\/strong><\/h2>\n\n<p class=\"wp-block-paragraph\">La r\u00e9duction de nos \u00e9missions de gaz \u00e0 effet de serre reste essentielle. Mais nous devons \u00e9galement renforcer notre r\u00e9silience face aux cons\u00e9quences de la crise climatique. For\u00eats, zones humides, prairies, arbres en ville : ces \u00e9cosyst\u00e8mes rafra\u00eechissent l\u2019air, stockent l&rsquo;eau et le carbone, limitent les inondations et prot\u00e8gent la biodiversit\u00e9. Leur pouvoir est mesurable : en pleine canicule de juin, un \u00e9cart de pr\u00e8s de 23 \u00b0C a \u00e9t\u00e9 relev\u00e9 entre le centre de Bruxelles et la for\u00eat de Soignes, \u00e0 quelques kilom\u00e8tres \u00e0 peine (3). C\u2019est l&rsquo;exact inverse de l&rsquo;effet d&rsquo;\u00eelot de chaleur urbain.<\/p>\n\n<p class=\"wp-block-paragraph\">\u00ab <em>On en est arriv\u00e9s \u00e0 un point o\u00f9 restaurer la nature est devenu une question de vie ou de mort, pas seulement pour demain, mais pour le vivant d&rsquo;aujourd&rsquo;hui : la faune, la flore, et nous-m\u00eames. Plus de 40 000 citoyens l&rsquo;ont d\u00e9j\u00e0 dit en signant notre p\u00e9tition \u00ab\u00a0Pour le retour du vivant<\/em>\u00ab\u00a0, insiste Laurence Dr\u00e8ze, charg\u00e9e de politiques de biodiversit\u00e9 au WWF.<\/p>\n\n<h2 class=\"wp-block-heading\"><strong>L&rsquo;outil existe, il ne manque que la volont\u00e9<\/strong><\/h2>\n\n<p class=\"wp-block-paragraph\">Le r\u00e8glement europ\u00e9en sur la restauration de la nature offre des r\u00e9ponses concr\u00e8tes aux d\u00e9fis wallons : restaurer les \u00e9cosyst\u00e8mes agricoles, reverdir et rafraichir les villes, redonner de la place aux zones humides, reconnecter les espaces naturels. Les constats sont pos\u00e9s, les solutions sont pr\u00eates : il n&rsquo;y a plus aucune excuse pour tergiverser. Les associations environnementales exigent des ministres comp\u00e9tents qu&rsquo;ils fassent de ce plan une priorit\u00e9 absolue, sans d\u00e9lai suppl\u00e9mentaire, et qu&rsquo;ils l&rsquo;assortissent, dans les discussions budg\u00e9taires \u00e0 venir, des moyens financiers n\u00e9cessaires, y compris pour la restauration des Hautes-Fagnes, et ce, pour qu&rsquo;il soit enfin \u00e0 la hauteur des enjeux.<\/p>\n\n<p class=\"wp-block-paragraph\"><strong><em>\u00c0 propos de la Coalition belge pour la biodiversit\u00e9 :<\/em><\/strong><\/p>\n\n<p class=\"wp-block-paragraph\"><em>La Coalition belge pour la biodiversit\u00e9 est un partenariat entre le WWF, BOS+, Greenpeace, Natagora, Natuurpunt, Canopea, Bond Beter Leefmilieu, Vogelbescherming Vlaanderen et la Ligue Royale Belge Pour la Protection des Oiseaux. La mission de la coalition est d&rsquo;inverser la perte de biodiversit\u00e9 en Belgique et dans ses zones d&rsquo;influence par un plaidoyer commun aupr\u00e8s des d\u00e9cideurs politiques f\u00e9d\u00e9raux et r\u00e9gionaux belges.\u00a0<\/em><br><\/p>\n","protected":false},"excerpt":{"rendered":"<p>La surmortalit\u00e9 la plus \u00e9lev\u00e9e d&rsquo;Europe pendant la canicule de juin. Plus de 3 000 hectares partis en fum\u00e9e dans les Hautes-Fagnes. Et, le 1er septembre, une \u00e9ch\u00e9ance europ\u00e9enne manqu\u00e9e : la Belgique n&rsquo;a pas transmis son projet de plan national de restauration de la nature, notamment \u00e0 cause du s\u00e9rieux retard sur la partie wallonne.  Les associations environnementales d\u00e9noncent \u201cune indiff\u00e9rence politique qui co\u00fbte des vies et des milliards \u00e0 notre pays\u201d. <\/p>\n","protected":false},"author":105,"featured_media":22049,"comment_status":"closed","ping_status":"closed","sticky":false,"template":"","format":"standard","meta":{"ep_exclude_from_search":false,"p4_og_title":"Plan de restauration de la nature : la Belgique manque l'\u00e9ch\u00e9ance europ\u00e9enne","p4_og_description":"La surmortalit\u00e9 la plus \u00e9lev\u00e9e d'Europe pendant la canicule de juin. Plus de 3 000 hectares partis en fum\u00e9e dans les Hautes-Fagnes. Et, le 1er septembre, une \u00e9ch\u00e9ance europ\u00e9enne manqu\u00e9e : la Belgique n'a pas transmis son projet de plan national de restauration de la nature, notamment \u00e0 cause du s\u00e9rieux retard sur la partie wallonne. \u00a0Les associations environnementales d\u00e9noncent \u201cune indiff\u00e9rence politique qui co\u00fbte des vies et des milliards \u00e0 notre pays\u201d.","p4_og_image":"https:\/\/www.greenpeace.org\/static\/planet4-belgium-stateless\/2021\/05\/46d6a27f-dave-hoefler-scaled.jpg","p4_og_image_id":"22049","p4_seo_canonical_url":"","p4_campaign_name":"","p4_local_project":"","p4_basket_name":"","p4_department":"","footnotes":""},"categories":[171,168],"tags":[],"p4-page-type":[117],"class_list":["post-82354","post","type-post","status-publish","format-standard","has-post-thumbnail","hentry","category-biodiversite","category-campagnes","p4-page-type-communique-de-presse"],"_links":{"self":[{"href":"https:\/\/www.greenpeace.org\/belgium\/fr\/wp-json\/wp\/v2\/posts\/82354","targetHints":{"allow":["GET"]}}],"collection":[{"href":"https:\/\/www.greenpeace.org\/belgium\/fr\/wp-json\/wp\/v2\/posts"}],"about":[{"href":"https:\/\/www.greenpeace.org\/belgium\/fr\/wp-json\/wp\/v2\/types\/post"}],"author":[{"embeddable":true,"href":"https:\/\/www.greenpeace.org\/belgium\/fr\/wp-json\/wp\/v2\/users\/105"}],"replies":[{"embeddable":true,"href":"https:\/\/www.greenpeace.org\/belgium\/fr\/wp-json\/wp\/v2\/comments?post=82354"}],"version-history":[{"count":1,"href":"https:\/\/www.greenpeace.org\/belgium\/fr\/wp-json\/wp\/v2\/posts\/82354\/revisions"}],"predecessor-version":[{"id":82355,"href":"https:\/\/www.greenpeace.org\/belgium\/fr\/wp-json\/wp\/v2\/posts\/82354\/revisions\/82355"}],"wp:featuredmedia":[{"embeddable":true,"href":"https:\/\/www.greenpeace.org\/belgium\/fr\/wp-json\/wp\/v2\/media\/22049"}],"wp:attachment":[{"href":"https:\/\/www.greenpeace.org\/belgium\/fr\/wp-json\/wp\/v2\/media?parent=82354"}],"wp:term":[{"taxonomy":"category","embeddable":true,"href":"https:\/\/www.greenpeace.org\/belgium\/fr\/wp-json\/wp\/v2\/categories?post=82354"},{"taxonomy":"post_tag","embeddable":true,"href":"https:\/\/www.greenpeace.org\/belgium\/fr\/wp-json\/wp\/v2\/tags?post=82354"},{"taxonomy":"p4-page-type","embeddable":true,"href":"https:\/\/www.greenpeace.org\/belgium\/fr\/wp-json\/wp\/v2\/p4-page-type?post=82354"}],"curies":[{"name":"wp","href":"https:\/\/api.w.org\/{rel}","templated":true}]}}