{"id":8275,"date":"2019-12-12T11:02:14","date_gmt":"2019-12-12T09:02:14","guid":{"rendered":"https:\/\/www.greenpeace.org\/belgium\/?p=8275"},"modified":"2019-12-12T12:06:16","modified_gmt":"2019-12-12T10:06:16","slug":"sommet-sur-le-climat-action-choc-de-greenpeace","status":"publish","type":"post","link":"https:\/\/www.greenpeace.org\/belgium\/fr\/communique-de-presse\/8275\/sommet-sur-le-climat-action-choc-de-greenpeace\/","title":{"rendered":"Sommet sur le climat : action choc de Greenpeace"},"content":{"rendered":"\n<p><strong>A l\u2019aube de ce sommet sur le climat, des dizaines de militants venus de diff\u00e9rents pays d\u2019Europe attirent l\u2019attention sur l\u2019importance de traiter l\u2019urgence climatique au sein de la politique europ\u00e9enne. L\u2019action intervient au lendemain de la publication du Green Deal europ\u00e9en qui est ambitieux mais qui ne va pas suffisamment loin. Par cette action, Greenpeace fait passer un message clair : notre maison est en feu ! Il est urgent de prendre les mesures d\u00e9cisives en mati\u00e8re de politique climatique.<\/strong> <\/p>\n\n<figure class=\"wp-block-image size-large  caption-style-blue-overlay caption-alignment-center\"><img loading=\"lazy\" decoding=\"async\" width=\"999\" height=\"663\" src=\"https:\/\/www.greenpeace.org\/static\/planet4-belgium-stateless\/2019\/12\/3111a7b5-europe_fire_2.jpg\" alt=\"\" class=\"wp-image-8276\" srcset=\"https:\/\/www.greenpeace.org\/static\/planet4-belgium-stateless\/2019\/12\/3111a7b5-europe_fire_2.jpg 999w, https:\/\/www.greenpeace.org\/static\/planet4-belgium-stateless\/2019\/12\/3111a7b5-europe_fire_2-300x199.jpg 300w, https:\/\/www.greenpeace.org\/static\/planet4-belgium-stateless\/2019\/12\/3111a7b5-europe_fire_2-768x510.jpg 768w, https:\/\/www.greenpeace.org\/static\/planet4-belgium-stateless\/2019\/12\/3111a7b5-europe_fire_2-510x338.jpg 510w\" sizes=\"auto, (max-width: 999px) 100vw, 999px\" \/><\/figure>\n\n<p>Les 62 militants &#8211; venus d&rsquo;Allemagne, de France, du Royaume-Uni, de Belgique, de Slovaquie et de Suisse &#8211; ont couvert le b\u00e2timent du Conseil europ\u00e9en de banni\u00e8res g\u00e9antes affichant des flammes rouges et jaunes. Cette image de brasier virtuel, sur fond de sir\u00e8ne et de fum\u00e9e, envoie des signaux de d\u00e9tresse : \u00ab Urgence climatique \u00bb et \u00ab Retardateurs climatiques \u00e0 l\u2019int\u00e9rieur \u00bb<\/p>\n\n<p>\u201c<em>Notre maison est en feu et nos politiciens ne font rien pour \u00e9teindre l&rsquo;incendie<\/em>\u201d, d\u00e9clare Juliette Boulet de Greenpeace Belgique. \u201c<em>Les chefs d&rsquo;\u00c9tat et de gouvernement r\u00e9unis aujourd&rsquo;hui \u00e0 Bruxelles discuteront des objectifs climatiques pour 2050. Mais d&rsquo;ici l\u00e0, ils auront quitt\u00e9 leur si\u00e8ge depuis longtemps. Nous ne pouvons pas les laisser s&rsquo;en tirer avec ce genre de vague promesse pour un avenir lointain.<\/em>\u201d<\/p>\n\n<p>Selon l&rsquo;accord de Paris sur le climat, les gouvernements doivent soumettre leur <a href=\"https:\/\/unfccc.int\/resource\/docs\/2015\/cop21\/eng\/10a03.pdf#page=13\">plan climat 2030<\/a> d&rsquo;ici la fin de l&rsquo;ann\u00e9e prochaine. Par ces plans, les gouvernements doivent s\u2019engager \u00e0 ne pas d\u00e9passer le r\u00e9chauffement climatique de maximum 2\u00b0C, et de pr\u00e9f\u00e9rence \u00e0 1,5\u00b0C. Cependant, un <a href=\"https:\/\/climateactiontracker.org\/countries\/eu\/\">r\u00e9cent rapport <\/a>montre que les promesses de l&rsquo;UE actuellement sur la table ne sont pas \u00e0 la hauteur, car elles entra\u00eeneront un r\u00e9chauffement d\u2019au moins 3\u00b0C.<\/p>\n\n<p>Greenpeace appelle l&rsquo;UE \u00e0 r\u00e9duire ses \u00e9missions d&rsquo;au moins 65% d&rsquo;ici 2030. \u201c<em>Ce qui compte, ce sont les mesures que les d\u00e9cideurs europ\u00e9ens prennent aujourd\u2019hui&nbsp; pour s\u2019aligner d\u2019ici 2030 sur ce que nous disent les scientifiques. Concr\u00e8tement, cela veut dire : mettre fin \u00e0 la position dominante des soci\u00e9t\u00e9s p\u00e9troli\u00e8res, charbonni\u00e8res et gazi\u00e8res et investir dans des transports respectueux du climat. Mais cela veut dire \u00e9galement, prot\u00e9ger nos for\u00eats et nos oc\u00e9ans contre, entre autres, la d\u00e9forestation, la pollution chimique, l&rsquo;essor de l&rsquo;\u00e9levage industriel et la surp\u00eache<\/em>\u201d, selon Juliette Boulet.<br><\/p>\n\n<p><strong>Position honteuse de la Belgique<\/strong><\/p>\n\n<p>Dans le <a href=\"https:\/\/www.climate-change-performance-index.org\/\">ranking climatique international<\/a> pr\u00e9sent\u00e9 hier lors du Sommet \u00e0 Madrid, la Belgique arrive cette ann\u00e9e \u00e0 la 35\u00e8me place. C\u2019est honteux. Notre pays se trouve loin derri\u00e8re la moyenne europ\u00e9enne et m\u00eame derri\u00e8re des pays comme la Chine ou l\u2019Inde. <\/p>\n\n<p>\u201c<em>Nous figurons parmi les plus mauvais \u00e9l\u00e8ves de la classe europ\u00e9enne. Cela fait mal, pour un pays fondateur de l\u2019UE, avec aujourd\u2019hui son ancien Premier Ministre \u00e0 la t\u00eate du Conseil europ\u00e9en. Si la Wallonie et Bruxelles ont pris des engagements \u00e0 la hausse pour se rapprocher des ambitions de Paris<\/em> (Ndlr: -55% pour la Wallonie et -40% pour Bruxelles) <em>nous attendons encore des actes concrets qui nous installent effectivement dans cette trajectoire<\/em>. <em>Quant \u00e0 la Flandre, la publication r\u00e9cente de sa contribution manque totalement d\u2019ambition. Il est d\u00e8s lors essentiel que le f\u00e9d\u00e9ral pr\u00e9sente avant le 31 d\u00e9cembre un plan climat int\u00e9gr\u00e9\u201d, <\/em>conclut Juliette Boulet. <\/p>\n\n<p><strong>Note:<\/strong><br>[1] Plus d&rsquo;informations sur le contexte politique et le calendrier peuvent \u00eatre trouv\u00e9es dans ce <a href=\"https:\/\/www.greenpeace.org\/eu-unit\/issues\/climate-energy\/2475\/our-house-is-on-fire-time-for-the-eu-to-step-up\/\">point de presse<\/a>.<\/p>\n\n<p><strong>Contact:<\/strong><br>Service de presse Greenpeace Belgique: +32 496 26 31 91 &#8211; <a href=\"mailto:bpress@greenpeace.org\">bpress@greenpeace.org<\/a><\/p>\n\n<p>Photos et vid\u00e9os disponibles<a href=\"https:\/\/media.greenpeace.org\/collection\/27MZIFJ8H3SVT\"> ici<\/a><\/p>\n","protected":false},"excerpt":{"rendered":"<p>A l\u2019aube de ce sommet sur le climat, des dizaines de militants venus de diff\u00e9rents pays d\u2019Europe attirent l\u2019attention sur l\u2019importance de traiter l\u2019urgence climatique au sein de la politique&hellip;<\/p>\n","protected":false},"author":49,"featured_media":8276,"comment_status":"closed","ping_status":"closed","sticky":false,"template":"","format":"standard","meta":{"ep_exclude_from_search":false,"p4_og_title":"Sommet sur le climat : action choc de Greenpeace","p4_og_description":"Greenpeace m\u00e8ne une action choc pour fait passer un message clair : notre maison, la plan\u00e8te, est en feu !","p4_og_image":"","p4_og_image_id":"","p4_seo_canonical_url":"","p4_campaign_name":"not set","p4_local_project":"","p4_basket_name":"not set","p4_department":"","footnotes":""},"categories":[1],"tags":[86],"p4-page-type":[117],"class_list":["post-8275","post","type-post","status-publish","format-standard","has-post-thumbnail","hentry","category-non-classifiee","tag-climat","p4-page-type-communique-de-presse"],"_links":{"self":[{"href":"https:\/\/www.greenpeace.org\/belgium\/fr\/wp-json\/wp\/v2\/posts\/8275","targetHints":{"allow":["GET"]}}],"collection":[{"href":"https:\/\/www.greenpeace.org\/belgium\/fr\/wp-json\/wp\/v2\/posts"}],"about":[{"href":"https:\/\/www.greenpeace.org\/belgium\/fr\/wp-json\/wp\/v2\/types\/post"}],"author":[{"embeddable":true,"href":"https:\/\/www.greenpeace.org\/belgium\/fr\/wp-json\/wp\/v2\/users\/49"}],"replies":[{"embeddable":true,"href":"https:\/\/www.greenpeace.org\/belgium\/fr\/wp-json\/wp\/v2\/comments?post=8275"}],"version-history":[{"count":2,"href":"https:\/\/www.greenpeace.org\/belgium\/fr\/wp-json\/wp\/v2\/posts\/8275\/revisions"}],"predecessor-version":[{"id":8298,"href":"https:\/\/www.greenpeace.org\/belgium\/fr\/wp-json\/wp\/v2\/posts\/8275\/revisions\/8298"}],"wp:featuredmedia":[{"embeddable":true,"href":"https:\/\/www.greenpeace.org\/belgium\/fr\/wp-json\/wp\/v2\/media\/8276"}],"wp:attachment":[{"href":"https:\/\/www.greenpeace.org\/belgium\/fr\/wp-json\/wp\/v2\/media?parent=8275"}],"wp:term":[{"taxonomy":"category","embeddable":true,"href":"https:\/\/www.greenpeace.org\/belgium\/fr\/wp-json\/wp\/v2\/categories?post=8275"},{"taxonomy":"post_tag","embeddable":true,"href":"https:\/\/www.greenpeace.org\/belgium\/fr\/wp-json\/wp\/v2\/tags?post=8275"},{"taxonomy":"p4-page-type","embeddable":true,"href":"https:\/\/www.greenpeace.org\/belgium\/fr\/wp-json\/wp\/v2\/p4-page-type?post=8275"}],"curies":[{"name":"wp","href":"https:\/\/api.w.org\/{rel}","templated":true}]}}