{"id":8286,"date":"2019-12-12T11:18:31","date_gmt":"2019-12-12T09:18:31","guid":{"rendered":"https:\/\/www.greenpeace.org\/belgium\/?p=8286"},"modified":"2019-12-13T16:40:12","modified_gmt":"2019-12-13T14:40:12","slug":"action-en-cours-au-sommet-europeen-notre-maison-est-en-feu","status":"publish","type":"post","link":"https:\/\/www.greenpeace.org\/belgium\/fr\/actualites-blog\/8286\/action-en-cours-au-sommet-europeen-notre-maison-est-en-feu\/","title":{"rendered":"Action au Sommet europ\u00e9en : \u00ab\u00a0Notre maison est en feu\u00a0\u00bb"},"content":{"rendered":"\n<p><strong>Notre maison, c\u2019est-\u00e0-dire la plan\u00e8te, est en feu. Pourtant, nos politiciens ne font pour ainsi dire rien pour \u00e9teindre l\u2019incendie. Pour Greenpeace, il est plus qu\u2019important de placer l\u2019urgence climatique au c\u0153ur de la politique europ\u00e9enne. Elle l\u2019a fait symboliquement aujourd\u2019hui, avec un camion de pompiers, des sir\u00e8nes, de la fum\u00e9e et surtout, des banni\u00e8res g\u00e9antes symbolisant un brasier virtuel.  <\/strong><\/p>\n\t\t\t<section\n\t\t\tclass=\"boxout  \"\n\t\t\t\n\t\t>\n\t\t\t<a\n\t\t\t\tdata-ga-category=\"Take Action Boxout\"\n\t\t\t\tdata-ga-action=\"Image\"\n\t\t\t\tdata-ga-label=\"n\/a\"\n\t\t\t\tclass=\"cover-card-overlay\"\n\t\t\t\thref=\"https:\/\/act.greenpeace.org\/page\/53253\/petition\/1?locale=fr-BE\" target=\"_blank\"\n\t\t\t><\/a>\n\t\t\t\t\t\t\t<img\n\t\t\t\t\t\tsrc=\"https:\/\/www.greenpeace.org\/static\/planet4-belgium-stateless\/2019\/12\/24c0a850-europe_fire_2.jpg\"\n\t\t\t\t\t\tsrcset=\"https:\/\/www.greenpeace.org\/static\/planet4-belgium-stateless\/2019\/12\/24c0a850-europe_fire_2-300x199.jpg 300w, https:\/\/www.greenpeace.org\/static\/planet4-belgium-stateless\/2019\/12\/24c0a850-europe_fire_2-768x510.jpg 768w, https:\/\/www.greenpeace.org\/static\/planet4-belgium-stateless\/2019\/12\/24c0a850-europe_fire_2-510x338.jpg 510w, https:\/\/www.greenpeace.org\/static\/planet4-belgium-stateless\/2019\/12\/24c0a850-europe_fire_2.jpg 999w\"\n\t\t\t\t\t\tsizes=\"(min-width: 1000px) 358px, (min-width: 780px) 313px, 88px\"\n\t\t\t\t\t\talt=\"\" title=\"\"\n\t\t\t\t\/>\n            \t\t\t<div class=\"boxout-content\">\n\t\t\t\t\t\t\t\t\t<a\n\t\t\t\t\t\tclass=\"boxout-heading medium\"\n\t\t\t\t\t\tdata-ga-category=\"Take Action Boxout\"\n\t\t\t\t\t\tdata-ga-action=\"Title\"\n\t\t\t\t\t\tdata-ga-label=\"n\/a\"\n\t\t\t\t\t\thref=\"https:\/\/act.greenpeace.org\/page\/53253\/petition\/1?locale=fr-BE\"\n\t\t\t\t\t\ttarget=\"_blank\"\n\t\t\t\t\t>\n\t\t\t\t\t\tLa plan\u00e8te est en feu\n\t\t\t\t\t<\/a>\n\t\t\t\t\t\t\t\t                                    <a\n                        class=\"btn btn-primary\"\n                        data-ga-category=\"Take Action Boxout\"\n                        data-ga-action=\"Call to Action\"\n                        data-ga-label=\"n\/a\"\n                        href=\"https:\/\/act.greenpeace.org\/page\/53253\/petition\/1?locale=fr-BE\"\n                        target=\"_blank\"\n                    >\n                        Je signe la p\u00e9tition\n                    <\/a>\n                \t\t\t<\/div>\n\t\t\t\t\t<\/section>\n\t\n<span class=\"mid-button-fix\"><a class=\"cta-blog-button-mid\" href=\"https:\/\/act.greenpeace.org\/page\/53253\/petition\/1?locale=fr-BE\" target=\"_blank\" rel=\"noopener noreferrer\">Je signe la p\u00e9tition<\/a><\/span>\n\n<p>Les chefs de gouvernement r\u00e9unis \u00e0 Bruxelles discuteront des objectifs climatiques pour 2050. Mais d&rsquo;ici l\u00e0, les chefs d&rsquo;\u00c9tat et de gouvernement auront d\u00e9j\u00e0 quitt\u00e9 leur si\u00e8ge depuis longtemps<em>. <\/em>&nbsp;Nous ne pouvons pas les laisser s&rsquo;en tirer avec une vague promesse pour un avenir lointain.<\/p>\n\n<figure class=\"wp-block-image size-large  caption-style-blue-overlay caption-alignment-center\"><img loading=\"lazy\" decoding=\"async\" width=\"999\" height=\"663\" src=\"https:\/\/www.greenpeace.org\/static\/planet4-belgium-stateless\/2019\/12\/24c0a850-europe_fire_2.jpg\" alt=\"\" class=\"wp-image-8280\" srcset=\"https:\/\/www.greenpeace.org\/static\/planet4-belgium-stateless\/2019\/12\/24c0a850-europe_fire_2.jpg 999w, https:\/\/www.greenpeace.org\/static\/planet4-belgium-stateless\/2019\/12\/24c0a850-europe_fire_2-300x199.jpg 300w, https:\/\/www.greenpeace.org\/static\/planet4-belgium-stateless\/2019\/12\/24c0a850-europe_fire_2-768x510.jpg 768w, https:\/\/www.greenpeace.org\/static\/planet4-belgium-stateless\/2019\/12\/24c0a850-europe_fire_2-510x338.jpg 510w\" sizes=\"auto, (max-width: 999px) 100vw, 999px\" \/><\/figure>\n\n<p>C&rsquo;est pourquoi des dizaines de militants venus d&rsquo;Allemagne, de France, du Royaume-Uni, de Slovaquie, de Suisse et bien s\u00fbr de Belgique ont couvert le b\u00e2timent du Conseil europ\u00e9en t\u00f4t ce matin avec des flammes virtuelles rouges et jaunes.<\/p>\n\n<p>Selon l&rsquo;accord de Paris sur le climat, les gouvernements doivent soumettre leur plan climat pour 2030 d&rsquo;ici la fin de l&rsquo;ann\u00e9e prochaine. Ces plans doivent limiter le r\u00e9chauffement climatique \u00e0 un maximum de 2\u00b0C (et de pr\u00e9f\u00e9rence \u00e0 1,5\u00b0C). Mais un r\u00e9cent rapport montre que les promesses de l&rsquo;UE qui sont actuellement sur la table sont bien en-dessous de l\u2019objectif; elles conduisent en r\u00e9alit\u00e9 \u00e0 un r\u00e9chauffement d&rsquo;au moins 3\u00b0C.<\/p>\n\n<figure class=\"wp-block-image size-large  caption-style-blue-overlay caption-alignment-center\"><img loading=\"lazy\" decoding=\"async\" width=\"999\" height=\"663\" src=\"https:\/\/www.greenpeace.org\/static\/planet4-belgium-stateless\/2019\/12\/140e40c6-europe_fire_3.jpg\" alt=\"\" class=\"wp-image-8287\" srcset=\"https:\/\/www.greenpeace.org\/static\/planet4-belgium-stateless\/2019\/12\/140e40c6-europe_fire_3.jpg 999w, https:\/\/www.greenpeace.org\/static\/planet4-belgium-stateless\/2019\/12\/140e40c6-europe_fire_3-300x199.jpg 300w, https:\/\/www.greenpeace.org\/static\/planet4-belgium-stateless\/2019\/12\/140e40c6-europe_fire_3-768x510.jpg 768w, https:\/\/www.greenpeace.org\/static\/planet4-belgium-stateless\/2019\/12\/140e40c6-europe_fire_3-510x338.jpg 510w\" sizes=\"auto, (max-width: 999px) 100vw, 999px\" \/><\/figure>\n\n<p>Nous demandons \u00e0 nos politiciens de faire preuve de d\u00e9termination d\u2019ici 2030 pour aligner les \u00e9missions de l&rsquo;UE sur ce que les climatologues nous disent. Cet objectif peut \u00eatre atteint en mettant fin \u00e0 la position dominante des soci\u00e9t\u00e9s p\u00e9troli\u00e8res, charbonni\u00e8res et gazi\u00e8res; mais \u00e9galement en investissant pleinement dans des transports respectueux du climat. Cela veut dire \u00e9galement, prot\u00e9ger nos for\u00eats et nos oc\u00e9ans contre, entre autres, la d\u00e9forestation, la pollution chimique, l&rsquo;essor de l&rsquo;\u00e9levage intensif et la surp\u00eache.<\/p>\n\n<a class=\"cta-blog-button\" href=\"https:\/\/act.greenpeace.org\/page\/53253\/petition\/1?locale=fr-BE\" target=\"_blank\" rel=\"noopener noreferrer\">Je signe la p\u00e9tition<\/a>\n\n<span class=\"shareSocialArea\">\n<a class=\"shareFacebook\" href=\"https:\/\/www.facebook.com\/sharer\/sharer.php?u=https:\/\/www.greenpeace.org\/belgium\/fr\/blog\/8286\/action-en-cours-au-sommet-europeen-notre-maison-est-en-feu\/\" target=\"_blank\" rel=\"noopener noreferrer\">Je partage sur Facebook<\/a>\n<a class=\"shareTwitter\" href=\"https:\/\/twitter.com\/share?url=https:\/\/www.greenpeace.org\/belgium\/fr\/blog\/8286\/action-en-cours-au-sommet-europeen-notre-maison-est-en-feu\/&amp;text=Action%20au%20Sommet%20europ%C3%A9en%20:\" target=\"_blank\" rel=\"noopener noreferrer\">Je partage sur Twitter<\/a>\n<a class=\"shareWhatsapp\" href=\"https:\/\/api.whatsapp.com\/send?text=Action+en+cours+au+Sommet+europ%C3%A9en+%3A+%C2%AB+Notre+maison+est+en+feu+%C2%BB+https%3A%2F%2Fwww.greenpeace.org%2Fbelgium%2Ffr%2Fblog%2F8286%2Faction-en-cours-au-sommet-europeen-notre-maison-est-en-feu%2F\" target=\"_blank\" rel=\"noopener noreferrer\">Je partage sur Whatsapp<\/a>\n<\/span>\n\n<table class=\"hideme\" style=\"width: 100%;\" width=\"100%\">\n<tbody>\n<tr style=\"width: 100%;\">\n<td class=\"icon\"><a href=\"https:\/\/www.facebook.com\/greenpeace.belgium\" target=\"_blank\" rel=\"noopener noreferrer\">\n<img decoding=\"async\" title=\"Facebook\" src=\"https:\/\/www.greenpeace.org\/static\/planet4-belgium-stateless\/2019\/09\/09281872-fb.png\" alt=\"Facebook\" width=\"100%\">\n<\/a><\/td>\n<td class=\"name\"><a href=\"https:\/\/www.facebook.com\/greenpeace.belgium\" target=\"_blank\" rel=\"noopener noreferrer\">\nFacebook\n<\/a><\/td>\n<td class=\"icon\"><a href=\"https:\/\/www.instagram.com\/greenpeace_be\/\" target=\"_blank\" rel=\"noopener noreferrer\">\n<img decoding=\"async\" title=\"Instagram\" src=\"https:\/\/www.greenpeace.org\/static\/planet4-belgium-stateless\/2019\/09\/89871ad4-insta.png\" alt=\"Instagram\" width=\"100%\">\n<\/a><\/td>\n<td class=\"name\"><a href=\"https:\/\/www.instagram.com\/greenpeace_be\/\" target=\"_blank\" rel=\"noopener noreferrer\">\nInstagram\n<\/a><\/td>\n<td class=\"icon\"><a href=\"https:\/\/twitter.com\/greenpeace_be\" target=\"_blank\" rel=\"noopener noreferrer\">\n<img decoding=\"async\" title=\"Twitter\" src=\"https:\/\/www.greenpeace.org\/static\/planet4-belgium-stateless\/2019\/09\/aebb8c6a-tw.png\" alt=\"Twitter\" width=\"100%\">\n<\/a><\/td>\n<td class=\"name\"><a href=\"https:\/\/twitter.com\/greenpeace_be\" target=\"_blank\" rel=\"noopener noreferrer\">\nTwitter\n<\/a><\/td>\n<td class=\"icon\"><a href=\"https:\/\/www.youtube.com\/user\/GreenpeaceBelgium\" target=\"_blank\" rel=\"noopener noreferrer\">\n<img decoding=\"async\" title=\"YouTube\" src=\"https:\/\/www.greenpeace.org\/static\/planet4-belgium-stateless\/2019\/09\/4fd7759c-yt.png\" alt=\"YouTube\" width=\"100%\">\n<\/a><\/td>\n<td class=\"name\"><a href=\"https:\/\/www.youtube.com\/user\/GreenpeaceBelgium\" target=\"_blank\" rel=\"noopener noreferrer\">\nYouTube\n<\/a><\/td>\n<\/tr>\n<\/tbody>\n<\/table>\n","protected":false},"excerpt":{"rendered":"<p>Notre maison, c\u2019est-\u00e0-dire la plan\u00e8te, est en feu. Pourtant, nos politiciens ne font pour ainsi dire rien pour \u00e9teindre l\u2019incendie. Pour Greenpeace, il est plus qu\u2019important de placer l\u2019urgence climatique&hellip;<\/p>\n","protected":false},"author":49,"featured_media":8280,"comment_status":"closed","ping_status":"closed","sticky":false,"template":"","format":"standard","meta":{"ep_exclude_from_search":false,"p4_og_title":"Action au Sommet europ\u00e9en : \"Notre maison est en feu\"","p4_og_description":"Greenpeace m\u00e8ne action pour montrer qu'il est plus qu\u2019important de placer l\u2019urgence climatique au c\u0153ur de la politique europ\u00e9enne.","p4_og_image":"","p4_og_image_id":"","p4_seo_canonical_url":"","p4_campaign_name":"not set","p4_local_project":"","p4_basket_name":"not set","p4_department":"","footnotes":""},"categories":[106],"tags":[86],"p4-page-type":[116],"class_list":["post-8286","post","type-post","status-publish","format-standard","has-post-thumbnail","hentry","category-il-est-encore-temps","tag-climat","p4-page-type-actualites-blog"],"_links":{"self":[{"href":"https:\/\/www.greenpeace.org\/belgium\/fr\/wp-json\/wp\/v2\/posts\/8286","targetHints":{"allow":["GET"]}}],"collection":[{"href":"https:\/\/www.greenpeace.org\/belgium\/fr\/wp-json\/wp\/v2\/posts"}],"about":[{"href":"https:\/\/www.greenpeace.org\/belgium\/fr\/wp-json\/wp\/v2\/types\/post"}],"author":[{"embeddable":true,"href":"https:\/\/www.greenpeace.org\/belgium\/fr\/wp-json\/wp\/v2\/users\/49"}],"replies":[{"embeddable":true,"href":"https:\/\/www.greenpeace.org\/belgium\/fr\/wp-json\/wp\/v2\/comments?post=8286"}],"version-history":[{"count":3,"href":"https:\/\/www.greenpeace.org\/belgium\/fr\/wp-json\/wp\/v2\/posts\/8286\/revisions"}],"predecessor-version":[{"id":8313,"href":"https:\/\/www.greenpeace.org\/belgium\/fr\/wp-json\/wp\/v2\/posts\/8286\/revisions\/8313"}],"wp:featuredmedia":[{"embeddable":true,"href":"https:\/\/www.greenpeace.org\/belgium\/fr\/wp-json\/wp\/v2\/media\/8280"}],"wp:attachment":[{"href":"https:\/\/www.greenpeace.org\/belgium\/fr\/wp-json\/wp\/v2\/media?parent=8286"}],"wp:term":[{"taxonomy":"category","embeddable":true,"href":"https:\/\/www.greenpeace.org\/belgium\/fr\/wp-json\/wp\/v2\/categories?post=8286"},{"taxonomy":"post_tag","embeddable":true,"href":"https:\/\/www.greenpeace.org\/belgium\/fr\/wp-json\/wp\/v2\/tags?post=8286"},{"taxonomy":"p4-page-type","embeddable":true,"href":"https:\/\/www.greenpeace.org\/belgium\/fr\/wp-json\/wp\/v2\/p4-page-type?post=8286"}],"curies":[{"name":"wp","href":"https:\/\/api.w.org\/{rel}","templated":true}]}}