{"id":829,"date":"2018-09-15T07:11:00","date_gmt":"2018-09-15T07:11:00","guid":{"rendered":"https:\/\/www.greenpeace.org\/belgium\/blog\/829\/quelle-ville-belge-est-la-plus-performante-en-mobilite-durable\/"},"modified":"2021-12-01T14:18:32","modified_gmt":"2021-12-01T13:18:32","slug":"quelle-ville-belge-est-la-plus-performante-en-mobilite-durable","status":"publish","type":"post","link":"https:\/\/www.greenpeace.org\/belgium\/fr\/actualites-blog\/829\/quelle-ville-belge-est-la-plus-performante-en-mobilite-durable\/","title":{"rendered":"Quelle ville belge est la plus performante en mobilit\u00e9 durable ?"},"content":{"rendered":"<div class=\"post-content\">\n<div>\n<p><strong>Greenpeace publie un nouveau rapport qui compare 5 villes belges en fonction de leur performance en mati\u00e8re de mobilit\u00e9 durable. Gand, Bruxelles et Anvers sont en haut du classement, tandis que Li\u00e8ge et Charleroi ferment la marche.<\/strong><\/p>\n<p><a href=\"https:\/\/www.cleanairnow.be\/city-ranking-fr\/\"><strong>Consultez le classement<\/strong><\/a><\/p>\n<p>Greenpeace a fait appel \u00e0 l\u2019Institut Wuppertal pour \u00e9tudier la <strong><a href=\"https:\/\/www.greenpeace.org\/belgium\/fr\/tag\/mobilite\/\">mobilit\u00e9<\/a> durable<\/strong> des 5 villes belges les plus dens\u00e9ment peupl\u00e9es. Pour ce faire, les chercheurs ont utilis\u00e9 21 indicateurs r\u00e9partis dans les 5 cat\u00e9gories suivantes : les transports publics, la s\u00e9curit\u00e9 routi\u00e8re, la qualit\u00e9 de l\u2019air, la gestion de la mobilit\u00e9 et la <strong>mobilit\u00e9 active<\/strong> (marche et v\u00e9lo).<\/p>\n<p><a href=\"https:\/\/www.cleanairnow.be\/city-ranking-fr\/\"><img decoding=\"async\" src=\"https:\/\/www.greenpeace.org\/static\/planet4-belgium-stateless\/2018\/12\/b0e12426-b0e12426-143748_261160.jpg\" alt=\"\" \/><\/a><\/p>\n<h3>Gand est premi\u00e8re, suivie par Bruxelles et Anvers !<\/h3>\n<p>Premi\u00e8re, Gand a obtenu un bon score gr\u00e2ce \u00e0 son plan de circulation, le nombre \u00e9lev\u00e9 de d\u00e9placements en v\u00e9lo et une bonne politique de stationnement. Plus inattendue en deuxi\u00e8me place : Bruxelles ! La capitale s\u2019assure des bons points dans la cat\u00e9gorie des transports en commun, et gr\u00e2ce \u00e0 sa zone \u00e0 basses \u00e9missions. Sur la troisi\u00e8me marche du podium, Anvers a marqu\u00e9 des points dans la cat\u00e9gorie s\u00e9curit\u00e9 routi\u00e8re et gr\u00e2ce \u00e0 sa zone \u00e0 basses \u00e9missions.<\/p>\n<h3>Li\u00e8ge et Charleroi ferment la marche<\/h3>\n<p>Malheureusement, sans grande surprise, Li\u00e8ge et Charleroi ferment la marche. Ces deux villes sont loin derri\u00e8re \u00e0 cause de leur d\u00e9pendance \u00e0 la voiture priv\u00e9e et leur manque d\u2019investissement dans les transports en commun, le v\u00e9lo et la marche.<\/p>\n<h3>\u00c0 l\u2019\u00e9chelle europ\u00e9enne<\/h3>\n<p>Bien qu\u2019elle ait \u00e9t\u00e9 adapt\u00e9e, une m\u00e9thodologie similaire avait d\u00e9j\u00e0 \u00e9t\u00e9 utilis\u00e9e lors d\u2019une pr\u00e9c\u00e9dente \u00e9tude r\u00e9alis\u00e9e par l\u2019Institut Wuppertal pour Greenpeace. Cela avait donn\u00e9 lieu \u00e0 un rapport publi\u00e9 en mai 2018 : \u201c<a href=\"https:\/\/www.greenpeace.org\/static\/planet4-belgium-stateless\/2018\/12\/f0b77ee6-f0b77ee6-living_moving_breathing_-_greenpeace_city_ranking_report_-_final.pdf\">Living. Moving. Breathing. Ranking of European Cities in Sustainable Transport<\/a>\u201d.<\/p>\n<p>Les plus attentifs remarqueront que Bruxelles, \u00e0 la tra\u00eene dans le classement europ\u00e9en, est soudainement propuls\u00e9e en haut du classement belge. En r\u00e9alit\u00e9, m\u00eame les villes belges les plus performantes en mati\u00e8re de <strong>mobilit\u00e9 durable<\/strong>, comme Gand, Bruxelles et Anvers, ont une grande marge de progression par rapport \u00e0 leurs cons\u0153urs europ\u00e9ennes comme Copenhague, Amsterdam, Zurich, Oslo\u2026<\/p>\n<h3>Le d\u00e9fi climatique<\/h3>\n<p>La sortie de ce rapport \u00e0 quelques semaines des \u00e9lections communales n\u2019est pas un hasard. Les villes ont un grand r\u00f4le \u00e0 jouer pour r\u00e9pondre au <a href=\"https:\/\/www.greenpeace.org\/belgium\/fr\/tag\/climat\/\">d\u00e9fi climatique<\/a>. Greenpeace appelle toutes les villes \u00e0 \u00e9liminer durant la prochaine d\u00e9cennie les voitures roulant aux \u00e9nergies fossiles. Cela peut se faire gr\u00e2ce \u00e0 l\u2019introduction de zones \u00e0 ultra-basses \u00e9missions, o\u00f9 les voitures diesel seront progressivement interdites, suivies par les voitures \u00e0 l\u2019essence. Cela aurait un impact positif sur la qualit\u00e9 de l\u2019air dans les villes et participerait au respect des engagements climatiques que la Belgique a pris dans l\u2019Accord de Paris.<\/p>\n<\/div>\n<\/div>\n<div class=\"EmptyMessage\">Block content is empty. Check the block&rsquo;s settings or remove it.<\/div>","protected":false},"excerpt":{"rendered":"<p>Greenpeace publie un nouveau rapport qui compare 5 villes belges en fonction de leur performance en mati\u00e8re de mobilit\u00e9 durable. Gand, Bruxelles et Anvers sont en haut du classement, tandis que Li\u00e8ge et Charleroi ferment la marche.<\/p>\n","protected":false},"author":29,"featured_media":2483,"comment_status":"closed","ping_status":"closed","sticky":false,"template":"","format":"standard","meta":{"ep_exclude_from_search":false,"p4_og_title":"Quelle ville belge est la plus performante en mobilit\u00e9 durable ?","p4_og_description":"<p>Gand, Bruxelles et Anvers sont en haut du classement, tandis que Li\u00e8ge et Charleroi ferment la marche.<\/p>","p4_og_image":"","p4_og_image_id":"","p4_seo_canonical_url":"","p4_campaign_name":"not set","p4_local_project":"","p4_basket_name":"not set","p4_department":"","footnotes":""},"categories":[106],"tags":[74,83],"p4-page-type":[116],"class_list":["post-829","post","type-post","status-publish","format-standard","has-post-thumbnail","hentry","category-il-est-encore-temps","tag-mobilite","tag-politique","p4-page-type-actualites-blog"],"_links":{"self":[{"href":"https:\/\/www.greenpeace.org\/belgium\/fr\/wp-json\/wp\/v2\/posts\/829","targetHints":{"allow":["GET"]}}],"collection":[{"href":"https:\/\/www.greenpeace.org\/belgium\/fr\/wp-json\/wp\/v2\/posts"}],"about":[{"href":"https:\/\/www.greenpeace.org\/belgium\/fr\/wp-json\/wp\/v2\/types\/post"}],"author":[{"embeddable":true,"href":"https:\/\/www.greenpeace.org\/belgium\/fr\/wp-json\/wp\/v2\/users\/29"}],"replies":[{"embeddable":true,"href":"https:\/\/www.greenpeace.org\/belgium\/fr\/wp-json\/wp\/v2\/comments?post=829"}],"version-history":[{"count":4,"href":"https:\/\/www.greenpeace.org\/belgium\/fr\/wp-json\/wp\/v2\/posts\/829\/revisions"}],"predecessor-version":[{"id":25600,"href":"https:\/\/www.greenpeace.org\/belgium\/fr\/wp-json\/wp\/v2\/posts\/829\/revisions\/25600"}],"wp:featuredmedia":[{"embeddable":true,"href":"https:\/\/www.greenpeace.org\/belgium\/fr\/wp-json\/wp\/v2\/media\/2483"}],"wp:attachment":[{"href":"https:\/\/www.greenpeace.org\/belgium\/fr\/wp-json\/wp\/v2\/media?parent=829"}],"wp:term":[{"taxonomy":"category","embeddable":true,"href":"https:\/\/www.greenpeace.org\/belgium\/fr\/wp-json\/wp\/v2\/categories?post=829"},{"taxonomy":"post_tag","embeddable":true,"href":"https:\/\/www.greenpeace.org\/belgium\/fr\/wp-json\/wp\/v2\/tags?post=829"},{"taxonomy":"p4-page-type","embeddable":true,"href":"https:\/\/www.greenpeace.org\/belgium\/fr\/wp-json\/wp\/v2\/p4-page-type?post=829"}],"curies":[{"name":"wp","href":"https:\/\/api.w.org\/{rel}","templated":true}]}}