{"id":8362,"date":"2019-12-16T16:38:30","date_gmt":"2019-12-16T14:38:30","guid":{"rendered":"https:\/\/www.greenpeace.org\/belgium\/?p=8362"},"modified":"2021-12-01T14:12:57","modified_gmt":"2021-12-01T13:12:57","slug":"2019-sacheve-continuez-a-nous-soutenir-en-2020","status":"publish","type":"post","link":"https:\/\/www.greenpeace.org\/belgium\/fr\/actualites-blog\/8362\/2019-sacheve-continuez-a-nous-soutenir-en-2020\/","title":{"rendered":"2019 s\u2019ach\u00e8ve. Continuez \u00e0 nous soutenir en 2020 !"},"content":{"rendered":"\n<p><strong>2019 a \u00e9t\u00e9 marqu\u00e9 par les nombreux mouvements de protestation pour l\u2019environnement : vagues d\u2019indignations face \u00e0 l\u2019Amazonie en feu, mobilisations pour le climat, r\u00e9actions massives suite aux pollutions p\u00e9troli\u00e8res en mer du Nord&#8230; Merci \u00e0 toutes celles et tous ceux qui, d\u2019une fa\u00e7on ou d\u2019une autre, ont agi pour la pr\u00e9servation de la plan\u00e8te. Pr\u00eat.e pour un petit tour d\u2019horizon de quelques moments forts de 2019 ? <\/strong><\/p>\n\n<span class=\"mid-button-fix\"><a class=\"cta-blog-button-mid\" href=\"https:\/\/act.greenpeace.org\/page\/35703\/donate\/1?locale=fr-BE\" target=\"_blank\" rel=\"noopener noreferrer\">Je soutiens Greenpeace<\/a><\/span>\n\n<h3 class=\"wp-block-heading\">\u00c7a chauffe pour le climat<\/h3>\n\n<p>2019 a indubitablement \u00e9t\u00e9 l\u2019ann\u00e9e du climat. Ici et ailleurs, jeunes et moins jeunes sont descendus dans les rues pour demander aux politiciens d\u2019agir pour le climat.&nbsp;<\/p>\n\n<figure class=\"wp-block-image size-large  caption-style-blue-overlay caption-alignment-center\"><img loading=\"lazy\" decoding=\"async\" width=\"999\" height=\"663\" src=\"https:\/\/www.greenpeace.org\/static\/planet4-belgium-stateless\/2019\/12\/e85cc012-cop25_3.jpg\" alt=\"\" class=\"wp-image-8363\" srcset=\"https:\/\/www.greenpeace.org\/static\/planet4-belgium-stateless\/2019\/12\/e85cc012-cop25_3.jpg 999w, https:\/\/www.greenpeace.org\/static\/planet4-belgium-stateless\/2019\/12\/e85cc012-cop25_3-300x199.jpg 300w, https:\/\/www.greenpeace.org\/static\/planet4-belgium-stateless\/2019\/12\/e85cc012-cop25_3-768x510.jpg 768w, https:\/\/www.greenpeace.org\/static\/planet4-belgium-stateless\/2019\/12\/e85cc012-cop25_3-510x338.jpg 510w\" sizes=\"auto, (max-width: 999px) 100vw, 999px\" \/><\/figure>\n\n<p>Chez nous, vous avez \u00e9t\u00e9 quelque <a href=\"https:\/\/www.greenpeace.org\/belgium\/fr\/blog\/2979\/70-000-citoyens-plus-chauds-que-le-climat\/\">70.000<\/a> \u00e0 marcher dans les rues de Bruxelles en janvier dernier pour r\u00e9clamer une politique climatique ambitieuse. De plus petites marches se sont ensuite succ\u00e9d\u00e9 jusqu\u2019\u00e0 la veille des \u00e9lections. Le 24 mai, sur le <a href=\"https:\/\/www.greenpeace.org\/belgium\/fr\/communique-de-presse\/5261\/festival-de-musique-apres-la-derniere-marche-pour-le-climat-avant-les-elections\/\">site bruxellois de Tour &amp; Taxis<\/a>, vous \u00e9tiez nombreux \u00e0 participer \u00e0 une f\u00eate pour cl\u00f4turer ces longs mois d\u2019implication et d\u2019engagement. MERCI !<\/p>\n\n<p>En cette fin d\u2019ann\u00e9e, il reste encore pas mal d\u2019incertitudes. Aucun parti n\u2019a encore affich\u00e9 une r\u00e9elle volont\u00e9 de monter dans un attelage f\u00e9d\u00e9ral pour constituer un gouvernement dont le climat serait une des priorit\u00e9s essentielles. Nous avions pr\u00e9venu : si la politique climatique ne s\u2019av\u00e8re pas suffisante apr\u00e8s les \u00e9lections f\u00e9d\u00e9rales, de nouvelles actions seront mises en place. C\u2019est ainsi qu\u2019une <a href=\"https:\/\/www.greenpeace.org\/belgium\/fr\/blog\/7968\/ensemble-formons-une-chaine-humaine-pour-le-climat\/\">cha\u00eene humaine<\/a> a \u00e9t\u00e9 organis\u00e9e \u00e0 Bruxelles le 8 d\u00e9cembre dernier. Peut-\u00eatre y \u00e9tiez-vous ?&nbsp;<\/p>\n\n<p>Nous avons \u00e9galement men\u00e9 une action pour d\u00e9noncer l\u2019<a href=\"https:\/\/www.greenpeace.org\/belgium\/fr\/blog\/8286\/action-en-cours-au-sommet-europeen-notre-maison-est-en-feu\/\">inaction europ\u00e9enne<\/a> face \u00e0 l\u2019urgence climatique. <\/p>\n\n<figure class=\"wp-block-image size-large  caption-style-blue-overlay caption-alignment-center\"><img loading=\"lazy\" decoding=\"async\" width=\"999\" height=\"663\" src=\"https:\/\/www.greenpeace.org\/static\/planet4-belgium-stateless\/2019\/12\/24c0a850-europe_fire_2.jpg\" alt=\"\" class=\"wp-image-8280\" srcset=\"https:\/\/www.greenpeace.org\/static\/planet4-belgium-stateless\/2019\/12\/24c0a850-europe_fire_2.jpg 999w, https:\/\/www.greenpeace.org\/static\/planet4-belgium-stateless\/2019\/12\/24c0a850-europe_fire_2-300x199.jpg 300w, https:\/\/www.greenpeace.org\/static\/planet4-belgium-stateless\/2019\/12\/24c0a850-europe_fire_2-768x510.jpg 768w, https:\/\/www.greenpeace.org\/static\/planet4-belgium-stateless\/2019\/12\/24c0a850-europe_fire_2-510x338.jpg 510w\" sizes=\"auto, (max-width: 999px) 100vw, 999px\" \/><\/figure>\n\n<h3 class=\"wp-block-heading\">Le flop de la COP<\/h3>\n\n<p>Parall\u00e8lement \u00e0 cette derni\u00e8re action se tenait \u00e0 Madrid la <a href=\"https:\/\/www.greenpeace.org\/belgium\/fr\/blog\/8345\/resultats-inacceptables-a-la-cop-25\/?utm_campaign=climate-emergency&amp;utm_source=facebook.com&amp;utm_medium=post&amp;utm_content=single-image&amp;utm_term=cop25\">COP 25<\/a>. Le r\u00e9sultat a \u00e9t\u00e9 tr\u00e8s douloureux. Les voix progressistes, de plus en plus nombreuses, ont \u00e9t\u00e9 balay\u00e9es par la puissante machine du lobbying de l\u2019industrie fossile qui consid\u00e8re qu\u2019un accord climatique ambitieux est une menace pour son profit.<\/p>\n\n<figure class=\"wp-block-image size-large  caption-style-blue-overlay caption-alignment-center\"><img loading=\"lazy\" decoding=\"async\" width=\"999\" height=\"663\" src=\"https:\/\/www.greenpeace.org\/static\/planet4-belgium-stateless\/2019\/12\/5c1fb361-cop25.jpg\" alt=\"\" class=\"wp-image-8366\" srcset=\"https:\/\/www.greenpeace.org\/static\/planet4-belgium-stateless\/2019\/12\/5c1fb361-cop25.jpg 999w, https:\/\/www.greenpeace.org\/static\/planet4-belgium-stateless\/2019\/12\/5c1fb361-cop25-300x199.jpg 300w, https:\/\/www.greenpeace.org\/static\/planet4-belgium-stateless\/2019\/12\/5c1fb361-cop25-768x510.jpg 768w, https:\/\/www.greenpeace.org\/static\/planet4-belgium-stateless\/2019\/12\/5c1fb361-cop25-510x338.jpg 510w\" sizes=\"auto, (max-width: 999px) 100vw, 999px\" \/><\/figure>\n\n<p>Notre pays doit, lui aussi, travailler d&rsquo;urgence et de mani\u00e8re coh\u00e9rente pour relever ses ambitions. Alors que les gouvernements wallon et bruxellois adoptent une attitude plus positive, le gouvernement flamand refuse obstin\u00e9ment de montrer toute ambition climatique.&nbsp;<\/p>\n\n<h3 class=\"wp-block-heading\">L\u2019Amazonie en feu<\/h3>\n\n<figure class=\"wp-block-image size-large  caption-style-blue-overlay caption-alignment-center\"><img loading=\"lazy\" decoding=\"async\" width=\"999\" height=\"663\" src=\"https:\/\/www.greenpeace.org\/static\/planet4-belgium-stateless\/2019\/09\/ad1aa2e7-amazon_what_you_can_do.jpg\" alt=\"\" class=\"wp-image-6697\" srcset=\"https:\/\/www.greenpeace.org\/static\/planet4-belgium-stateless\/2019\/09\/ad1aa2e7-amazon_what_you_can_do.jpg 999w, https:\/\/www.greenpeace.org\/static\/planet4-belgium-stateless\/2019\/09\/ad1aa2e7-amazon_what_you_can_do-300x199.jpg 300w, https:\/\/www.greenpeace.org\/static\/planet4-belgium-stateless\/2019\/09\/ad1aa2e7-amazon_what_you_can_do-768x510.jpg 768w, https:\/\/www.greenpeace.org\/static\/planet4-belgium-stateless\/2019\/09\/ad1aa2e7-amazon_what_you_can_do-510x338.jpg 510w\" sizes=\"auto, (max-width: 999px) 100vw, 999px\" \/><\/figure>\n\n<p>2019 a aussi \u00e9t\u00e9 marqu\u00e9 par les terribles feux de for\u00eat qui ont ravag\u00e9 l\u2019Amazonie et son \u00e9cosyst\u00e8me voisin, le Cerrado, une zone de savane riche en biodiversit\u00e9. Au Br\u00e9sil, le nombre d\u2019<a href=\"https:\/\/www.greenpeace.org\/belgium\/fr\/blog\/6428\/lamazonie-en-proie-aux-flammes\/\">incendies<\/a> recens\u00e9s entre janvier et ao\u00fbt a plus que doubl\u00e9 par rapport \u00e0 la m\u00eame \u00e9poque en 2018. Avec des impacts terribles sur la biodiversit\u00e9 et les peuples indig\u00e8nes. <\/p>\n\n<p>Vous avez \u00e9t\u00e9 plus de 25.000 \u00e0 signer notre p\u00e9tition appelant \u00e0 la protection des for\u00eats au Br\u00e9sil. Merci ! Cette p\u00e9tition a \u00e9t\u00e9 remise en novembre dernier par des <a href=\"https:\/\/www.greenpeace.org\/belgium\/fr\/blog\/7504\/des-dirigeants-bresiliens-en-belgique-pour-temoigner-de-la-destruction-de-leurs-forets\/\">leaders indig\u00e8nes<\/a> \u00e0 plusieurs repr\u00e9sentants politiques. Ces leaders \u00e9taient chez nous pour t\u00e9moigner, aux parlements europ\u00e9en et f\u00e9d\u00e9ral, de la destruction de l\u2019Amazonie et du Cerrado et des violations de leurs droits qui en d\u00e9coulent. Ils ont aussi lanc\u00e9 un appel poignant \u00e0 la Belgique, et \u00e0 l\u2019Europe, pour qu\u2019elles cessent l\u2019importation de l\u2019ensemble des produits qui sont li\u00e9s \u00e0 la d\u00e9forestation et aux violations des droits de l\u2019homme. Cela concerne notamment le soja. Le soja import\u00e9 chez nous, notamment pour servir de nourriture animale, entra\u00eene bien des d\u00e9g\u00e2ts \u00e0 l\u2019Amazonie et dans le Cerrado, o\u00f9 il est cultiv\u00e9. <\/p>\n\n<figure class=\"wp-block-image size-large  caption-style-blue-overlay caption-alignment-center\"><img loading=\"lazy\" decoding=\"async\" width=\"999\" height=\"663\" src=\"https:\/\/www.greenpeace.org\/static\/planet4-belgium-stateless\/2019\/11\/11438e6d-indigenous_people5.jpg\" alt=\"\" class=\"wp-image-7505\" srcset=\"https:\/\/www.greenpeace.org\/static\/planet4-belgium-stateless\/2019\/11\/11438e6d-indigenous_people5.jpg 999w, https:\/\/www.greenpeace.org\/static\/planet4-belgium-stateless\/2019\/11\/11438e6d-indigenous_people5-300x199.jpg 300w, https:\/\/www.greenpeace.org\/static\/planet4-belgium-stateless\/2019\/11\/11438e6d-indigenous_people5-768x510.jpg 768w, https:\/\/www.greenpeace.org\/static\/planet4-belgium-stateless\/2019\/11\/11438e6d-indigenous_people5-510x338.jpg 510w\" sizes=\"auto, (max-width: 999px) 100vw, 999px\" \/><\/figure>\n\n<h3 class=\"wp-block-heading\">Actions en mer du Nord <\/h3>\n\n<p>Autre moment fort de 2019 : l\u2019<a href=\"https:\/\/www.greenpeace.org\/belgium\/fr\/blog\/7294\/le-rainbow-warrior-en-action-contre-shell\/\">action men\u00e9e par le Rainbow Warrior au large de l\u2019Ecosse<\/a>, o\u00f9 le g\u00e9ant p\u00e9trolier Shell entend abandonner, en pleine mer, d\u2019anciennes fondations de plates-formes p\u00e9troli\u00e8res, contenant 11.000 tonnes de p\u00e9trole, au lieu de les d\u00e9manteler et de r\u00e9cup\u00e9rer les restes d\u2019hydrocarbures. C\u2019est tout simplement inadmissible.<\/p>\n\n<figure class=\"wp-block-image size-large  caption-style-blue-overlay caption-alignment-center\"><img loading=\"lazy\" decoding=\"async\" width=\"999\" height=\"663\" src=\"https:\/\/www.greenpeace.org\/static\/planet4-belgium-stateless\/2019\/10\/305fed47-shell_action1.jpg\" alt=\"\" class=\"wp-image-7295\" srcset=\"https:\/\/www.greenpeace.org\/static\/planet4-belgium-stateless\/2019\/10\/305fed47-shell_action1.jpg 999w, https:\/\/www.greenpeace.org\/static\/planet4-belgium-stateless\/2019\/10\/305fed47-shell_action1-300x199.jpg 300w, https:\/\/www.greenpeace.org\/static\/planet4-belgium-stateless\/2019\/10\/305fed47-shell_action1-768x510.jpg 768w, https:\/\/www.greenpeace.org\/static\/planet4-belgium-stateless\/2019\/10\/305fed47-shell_action1-510x338.jpg 510w\" sizes=\"auto, (max-width: 999px) 100vw, 999px\" \/><\/figure>\n\n<p>Quelques jours avant cette action, le Rainbow Warrior \u00e9tait en Belgique o\u00f9 il faisait une escale dans le cadre de sa tourn\u00e9e europ\u00e9enne pour attirer l\u2019attention sur la probl\u00e9matique urgente du climat. Peut-\u00eatre avez-vous eu l\u2019occasion de le visiter lors de son passage en Belgique, \u00e0 Ostende et \u00e0 Anvers ? <\/p>\n\n<figure class=\"wp-block-image size-large  caption-style-blue-overlay caption-alignment-center\"><img loading=\"lazy\" decoding=\"async\" width=\"999\" height=\"663\" src=\"https:\/\/www.greenpeace.org\/static\/planet4-belgium-stateless\/2019\/10\/ac87d882-openboot6.jpg\" alt=\"\" class=\"wp-image-7182\" srcset=\"https:\/\/www.greenpeace.org\/static\/planet4-belgium-stateless\/2019\/10\/ac87d882-openboot6.jpg 999w, https:\/\/www.greenpeace.org\/static\/planet4-belgium-stateless\/2019\/10\/ac87d882-openboot6-300x199.jpg 300w, https:\/\/www.greenpeace.org\/static\/planet4-belgium-stateless\/2019\/10\/ac87d882-openboot6-768x510.jpg 768w, https:\/\/www.greenpeace.org\/static\/planet4-belgium-stateless\/2019\/10\/ac87d882-openboot6-510x338.jpg 510w\" sizes=\"auto, (max-width: 999px) 100vw, 999px\" \/><\/figure>\n\n<p>Au total, plus de 7.000 personnes sont mont\u00e9es \u00e0 bord lors de nos <a href=\"https:\/\/www.greenpeace.org\/belgium\/fr\/blog\/7181\/le-rainbow-warrior-etait-en-belgique\/\">portes ouvertes<\/a>. Les visiteurs ont appris \u00e0 mieux conna\u00eetre l\u2019histoire de ce bateau mythique. Nous sommes ravis d\u2019avoir fait la connaissance de tous les visiteurs qui, pour certains, nous soutiennent depuis tr\u00e8s longtemps ! <\/p>\n\n<p>Continuez \u00e0 \u00eatre \u00e0 nos c\u00f4t\u00e9s pour de nouvelles actions en 2020 et au-del\u00e0 !<\/p>\n\n<a class=\"cta-blog-button\" href=\"https:\/\/act.greenpeace.org\/page\/35703\/donate\/1?locale=fr-BE\" target=\"_blank\" rel=\"noopener noreferrer\">Je soutiens Greenpeace<\/a>\n\n<span class=\"shareSocialArea\">\n<a class=\"shareFacebook\" href=\"https:\/\/www.facebook.com\/sharer\/sharer.php?u=https:\/\/www.greenpeace.org\/belgium\/fr\/blog\/8362\/2019-sacheve-continuez-a-nous-soutenir-en-2020\/\" target=\"_blank\" rel=\"noopener noreferrer\">Je partage sur Facebook<\/a>\n<a class=\"shareTwitter\" href=\"https:\/\/twitter.com\/share?url=https:\/\/www.greenpeace.org\/belgium\/fr\/blog\/8362\/2019-sacheve-continuez-a-nous-soutenir-en-2020\/&amp;text=2019%20s%E2%80%99ach%C3%A8ve.%20Continuez%20%C3%A0%20nous%20soutenir%20en%202020%20!%20-%20Pr%C3%AAt.e%20pour%20un%20petit%20tour%20d%E2%80%99horizon%20de%20quelques%20moments%20forts%20de%202019%20?%20%20via%20@greenpeace_be&amp;related=greenpeace_be\" target=\"_blank\" rel=\"noopener noreferrer\">Je partage sur Twitter<\/a>\n<a class=\"shareWhatsapp\" href=\"https:\/\/api.whatsapp.com\/send?text=2019+s%E2%80%99ach%C3%A8ve.+Continuez+%C3%A0+nous+soutenir+en+2020+%21+https%3A%2F%2Fwww.greenpeace.org%2Fbelgium%2Ffr%2Fblog%2F8362%2F2019-sacheve-continuez-a-nous-soutenir-en-2020%2F\" target=\"_blank\" rel=\"noopener noreferrer\">Je partage sur Whatsapp<\/a>\n<\/span>\n\n<table class=\"hideme\" style=\"width: 100%;\" width=\"100%\">\n<tbody>\n<tr style=\"width: 100%;\">\n<td class=\"icon\"><a href=\"https:\/\/www.facebook.com\/greenpeace.belgium\" target=\"_blank\" rel=\"noopener noreferrer\">\n<img decoding=\"async\" title=\"Facebook\" src=\"https:\/\/www.greenpeace.org\/static\/planet4-belgium-stateless\/2019\/09\/09281872-fb.png\" alt=\"Facebook\" width=\"100%\">\n<\/a><\/td>\n<td class=\"name\"><a href=\"https:\/\/www.facebook.com\/greenpeace.belgium\" target=\"_blank\" rel=\"noopener noreferrer\">\nFacebook\n<\/a><\/td>\n<td class=\"icon\"><a href=\"https:\/\/www.instagram.com\/greenpeace_be\/\" target=\"_blank\" rel=\"noopener noreferrer\">\n<img decoding=\"async\" title=\"Instagram\" src=\"https:\/\/www.greenpeace.org\/static\/planet4-belgium-stateless\/2019\/09\/89871ad4-insta.png\" alt=\"Instagram\" width=\"100%\">\n<\/a><\/td>\n<td class=\"name\"><a href=\"https:\/\/www.instagram.com\/greenpeace_be\/\" target=\"_blank\" rel=\"noopener noreferrer\">\nInstagram\n<\/a><\/td>\n<td class=\"icon\"><a href=\"https:\/\/twitter.com\/greenpeace_be\" target=\"_blank\" rel=\"noopener noreferrer\">\n<img decoding=\"async\" title=\"Twitter\" src=\"https:\/\/www.greenpeace.org\/static\/planet4-belgium-stateless\/2019\/09\/aebb8c6a-tw.png\" alt=\"Twitter\" width=\"100%\">\n<\/a><\/td>\n<td class=\"name\"><a href=\"https:\/\/twitter.com\/greenpeace_be\" target=\"_blank\" rel=\"noopener noreferrer\">\nTwitter\n<\/a><\/td>\n<td class=\"icon\"><a href=\"https:\/\/www.youtube.com\/user\/GreenpeaceBelgium\" target=\"_blank\" rel=\"noopener noreferrer\">\n<img decoding=\"async\" title=\"YouTube\" src=\"https:\/\/www.greenpeace.org\/static\/planet4-belgium-stateless\/2019\/09\/4fd7759c-yt.png\" alt=\"YouTube\" width=\"100%\">\n<\/a><\/td>\n<td class=\"name\"><a href=\"https:\/\/www.youtube.com\/user\/GreenpeaceBelgium\" target=\"_blank\" rel=\"noopener noreferrer\">\nYouTube\n<\/a><\/td>\n<\/tr>\n<\/tbody>\n<\/table>\n<div class=\"EmptyMessage\">Block content is empty. Check the block&rsquo;s settings or remove it.<\/div>","protected":false},"excerpt":{"rendered":"<p>2019 a \u00e9t\u00e9 marqu\u00e9 par les nombreux mouvements de protestation pour l\u2019environnement : vagues d\u2019indignations face \u00e0 l\u2019Amazonie en feu, mobilisations pour le climat, r\u00e9actions massives suite aux pollutions p\u00e9troli\u00e8res&hellip;<\/p>\n","protected":false},"author":49,"featured_media":8366,"comment_status":"closed","ping_status":"closed","sticky":false,"template":"","format":"standard","meta":{"ep_exclude_from_search":false,"p4_og_title":"2019 s\u2019ach\u00e8ve. Continuez \u00e0 nous soutenir en 2020 !","p4_og_description":"Pr\u00eat.e pour un petit tour d\u2019horizon de quelques moments forts de 2019 ? ","p4_og_image":"","p4_og_image_id":"","p4_seo_canonical_url":"","p4_campaign_name":"not set","p4_local_project":"","p4_basket_name":"not set","p4_department":"","footnotes":""},"categories":[107,1],"tags":[80,82,86],"p4-page-type":[116],"class_list":["post-8362","post","type-post","status-publish","format-standard","has-post-thumbnail","hentry","category-ensemble-nous-sommes-la-solution","category-non-classifiee","tag-forets","tag-oceans","tag-climat","p4-page-type-actualites-blog"],"_links":{"self":[{"href":"https:\/\/www.greenpeace.org\/belgium\/fr\/wp-json\/wp\/v2\/posts\/8362","targetHints":{"allow":["GET"]}}],"collection":[{"href":"https:\/\/www.greenpeace.org\/belgium\/fr\/wp-json\/wp\/v2\/posts"}],"about":[{"href":"https:\/\/www.greenpeace.org\/belgium\/fr\/wp-json\/wp\/v2\/types\/post"}],"author":[{"embeddable":true,"href":"https:\/\/www.greenpeace.org\/belgium\/fr\/wp-json\/wp\/v2\/users\/49"}],"replies":[{"embeddable":true,"href":"https:\/\/www.greenpeace.org\/belgium\/fr\/wp-json\/wp\/v2\/comments?post=8362"}],"version-history":[{"count":6,"href":"https:\/\/www.greenpeace.org\/belgium\/fr\/wp-json\/wp\/v2\/posts\/8362\/revisions"}],"predecessor-version":[{"id":25427,"href":"https:\/\/www.greenpeace.org\/belgium\/fr\/wp-json\/wp\/v2\/posts\/8362\/revisions\/25427"}],"wp:featuredmedia":[{"embeddable":true,"href":"https:\/\/www.greenpeace.org\/belgium\/fr\/wp-json\/wp\/v2\/media\/8366"}],"wp:attachment":[{"href":"https:\/\/www.greenpeace.org\/belgium\/fr\/wp-json\/wp\/v2\/media?parent=8362"}],"wp:term":[{"taxonomy":"category","embeddable":true,"href":"https:\/\/www.greenpeace.org\/belgium\/fr\/wp-json\/wp\/v2\/categories?post=8362"},{"taxonomy":"post_tag","embeddable":true,"href":"https:\/\/www.greenpeace.org\/belgium\/fr\/wp-json\/wp\/v2\/tags?post=8362"},{"taxonomy":"p4-page-type","embeddable":true,"href":"https:\/\/www.greenpeace.org\/belgium\/fr\/wp-json\/wp\/v2\/p4-page-type?post=8362"}],"curies":[{"name":"wp","href":"https:\/\/api.w.org\/{rel}","templated":true}]}}