{"id":8498,"date":"2020-01-07T17:00:00","date_gmt":"2020-01-07T15:00:00","guid":{"rendered":"https:\/\/www.greenpeace.org\/belgium\/?p=8498"},"modified":"2020-01-09T12:23:14","modified_gmt":"2020-01-09T10:23:14","slug":"laustralie-en-feu","status":"publish","type":"post","link":"https:\/\/www.greenpeace.org\/belgium\/fr\/actualites-blog\/8498\/laustralie-en-feu\/","title":{"rendered":"Pourquoi l&rsquo;Australie br\u00fble-t-elle ?"},"content":{"rendered":"\t\t\t<section\n\t\t\tclass=\"boxout  \"\n\t\t\t\n\t\t>\n\t\t\t<a\n\t\t\t\tdata-ga-category=\"Take Action Boxout\"\n\t\t\t\tdata-ga-action=\"Image\"\n\t\t\t\tdata-ga-label=\"n\/a\"\n\t\t\t\tclass=\"cover-card-overlay\"\n\t\t\t\thref=\"https:\/\/act.greenpeace.org\/page\/54188\/petition\/1?locale=fr-BE\" target=\"_blank\"\n\t\t\t><\/a>\n\t\t\t\t\t\t\t<img\n\t\t\t\t\t\tsrc=\"https:\/\/www.greenpeace.org\/static\/planet4-belgium-stateless\/2020\/01\/5ad9b5ca-australia_fires_getty2.jpg\"\n\t\t\t\t\t\tsrcset=\"https:\/\/www.greenpeace.org\/static\/planet4-belgium-stateless\/2020\/01\/5ad9b5ca-australia_fires_getty2-300x199.jpg 300w, https:\/\/www.greenpeace.org\/static\/planet4-belgium-stateless\/2020\/01\/5ad9b5ca-australia_fires_getty2-768x510.jpg 768w, https:\/\/www.greenpeace.org\/static\/planet4-belgium-stateless\/2020\/01\/5ad9b5ca-australia_fires_getty2-510x338.jpg 510w, https:\/\/www.greenpeace.org\/static\/planet4-belgium-stateless\/2020\/01\/5ad9b5ca-australia_fires_getty2.jpg 999w\"\n\t\t\t\t\t\tsizes=\"(min-width: 1000px) 358px, (min-width: 780px) 313px, 88px\"\n\t\t\t\t\t\talt=\"\" title=\"\"\n\t\t\t\t\/>\n            \t\t\t<div class=\"boxout-content\">\n\t\t\t\t\t\t\t\t\t<a\n\t\t\t\t\t\tclass=\"boxout-heading medium\"\n\t\t\t\t\t\tdata-ga-category=\"Take Action Boxout\"\n\t\t\t\t\t\tdata-ga-action=\"Title\"\n\t\t\t\t\t\tdata-ga-label=\"n\/a\"\n\t\t\t\t\t\thref=\"https:\/\/act.greenpeace.org\/page\/54188\/petition\/1?locale=fr-BE\"\n\t\t\t\t\t\ttarget=\"_blank\"\n\t\t\t\t\t>\n\t\t\t\t\t\tL&rsquo;Australie en proie aux flammes\n\t\t\t\t\t<\/a>\n\t\t\t\t\t\t\t\t                                    <a\n                        class=\"btn btn-primary\"\n                        data-ga-category=\"Take Action Boxout\"\n                        data-ga-action=\"Call to Action\"\n                        data-ga-label=\"n\/a\"\n                        href=\"https:\/\/act.greenpeace.org\/page\/54188\/petition\/1?locale=fr-BE\"\n                        target=\"_blank\"\n                    >\n                        Agissez !\n                    <\/a>\n                \t\t\t<\/div>\n\t\t\t\t\t<\/section>\n\t\n<p><strong>C\u2019est une nouvelle catastrophe naturelle et humaine \u00e0 laquelle nous assistons. Les feux d\u00e9vastent l\u2019Australie. Des gens meurent, des maisons br\u00fblent, la nature se perd. D\u00e9but 2020, le feu a d\u00e9j\u00e0 r\u00e9duit en cendres pr\u00e8s de 6 millions d&rsquo;hectares. Plus de 500 millions d\u2019animaux seraient morts et des dizaines d&rsquo;esp\u00e8ces menac\u00e9es ont \u00e9t\u00e9 gravement touch\u00e9es. C&rsquo;est le r\u00e9chauffement climatique dans sa forme la plus d\u00e9vastatrice. Et ce n&rsquo;est pas encore fini.&nbsp;  <\/strong><\/p>\n\n<figure class=\"wp-block-image size-large  caption-style-blue-overlay caption-alignment-center\"><img loading=\"lazy\" decoding=\"async\" width=\"999\" height=\"663\" src=\"https:\/\/www.greenpeace.org\/static\/planet4-belgium-stateless\/2020\/01\/b0fb1a1d-australia_fires_getty.jpg\" alt=\"\" class=\"wp-image-8528\" srcset=\"https:\/\/www.greenpeace.org\/static\/planet4-belgium-stateless\/2020\/01\/b0fb1a1d-australia_fires_getty.jpg 999w, https:\/\/www.greenpeace.org\/static\/planet4-belgium-stateless\/2020\/01\/b0fb1a1d-australia_fires_getty-300x199.jpg 300w, https:\/\/www.greenpeace.org\/static\/planet4-belgium-stateless\/2020\/01\/b0fb1a1d-australia_fires_getty-768x510.jpg 768w, https:\/\/www.greenpeace.org\/static\/planet4-belgium-stateless\/2020\/01\/b0fb1a1d-australia_fires_getty-510x338.jpg 510w\" sizes=\"auto, (max-width: 999px) 100vw, 999px\" \/><\/figure>\n\n<span class=\"mid-button-fix\"><a class=\"cta-blog-button-mid\" href=\"https:\/\/act.greenpeace.org\/page\/54188\/petition\/1?locale=fr-BE\" target=\"_blank\" rel=\"noopener noreferrer\">Je demande au gouvernement australien d\u2019agir !<\/a><\/span>\n\n<h3 class=\"wp-block-heading\">Les changements climatiques aggravent les feux de for\u00eat et de brousse<\/h3>\n\n<p>Vous n\u2019avez pas pu \u00e9chapper \u00e0 ces images horribles de feux de brousse d\u00e9vastant l\u2019Australie. Selon le premier ministre australien, Scott Morrison, ces feux font partie int\u00e9grante de la vie des Australiens. Or, avec les changements climatiques, les p\u00e9riodes de s\u00e9cheresses s&rsquo;aggravent, les feux commencent plus t\u00f4t, durent plus longtemps et sont plus extr\u00eames. Ils sont aussi plus impr\u00e9visibles. <\/p>\n\n<h3 class=\"wp-block-heading\">Feux de for\u00eat : le gouvernement australien doit r\u00e9agir !<\/h3>\n\n<figure class=\"wp-block-image size-large  caption-style-blue-overlay caption-alignment-center\"><img loading=\"lazy\" decoding=\"async\" width=\"999\" height=\"663\" src=\"https:\/\/www.greenpeace.org\/static\/planet4-belgium-stateless\/2020\/01\/f64aac39-australia_fires.jpg\" alt=\"\" class=\"wp-image-8499\" srcset=\"https:\/\/www.greenpeace.org\/static\/planet4-belgium-stateless\/2020\/01\/f64aac39-australia_fires.jpg 999w, https:\/\/www.greenpeace.org\/static\/planet4-belgium-stateless\/2020\/01\/f64aac39-australia_fires-300x199.jpg 300w, https:\/\/www.greenpeace.org\/static\/planet4-belgium-stateless\/2020\/01\/f64aac39-australia_fires-768x510.jpg 768w, https:\/\/www.greenpeace.org\/static\/planet4-belgium-stateless\/2020\/01\/f64aac39-australia_fires-510x338.jpg 510w\" sizes=\"auto, (max-width: 999px) 100vw, 999px\" \/><\/figure>\n\n<p>Greenpeace demande au premier ministre Scott Morrison de prendre la crise climatique au s\u00e9rieux et de prot\u00e9ger la nature et les familles australiennes en r\u00e9duisant de toute urgence les \u00e9missions de gaz \u00e0 effet de serre de l&rsquo;Australie, qui sont en hausse depuis quatre ans.<\/p>\n\n<p>Concr\u00e8tement, il doit prendre des mesures pour lutter contre les changements climatiques, en commen\u00e7ant par maintenir les combustibles fossiles dans le sol. A ce jour, le charbon est l\u2019un des plus principaux moteurs du changement climatique en Australie. Il doit aussi augmenter la capacit\u00e9 et le financement des services de lutte contre les incendies. <\/p>\n\n<h3 class=\"wp-block-heading\">La plan\u00e8te enti\u00e8re est en feu<\/h3>\n\n<p>De fa\u00e7on g\u00e9n\u00e9rale, la crise climatique provoque des vagues de chaleur de plus en plus intenses et fr\u00e9quentes, augmentant les risques d\u2019incendies de grande ampleur en Australie mais aussi, durant la derni\u00e8re saison s\u00e8che, en Amazonie, en Indon\u00e9sie et en Sib\u00e9rie. <\/p>\n\n<p><strong>Le moment est venu d&rsquo;affronter la crise climatique qui est \u00e0 l&rsquo;origine de ces incendies catastrophiques et records.<\/strong><\/p>\n\n<p><strong>Rejoignez les millions de personnes dans le monde entier qui appellent l\u2019Australie \u00e0 r\u00e9agir de toute urgence pour faire face \u00e0 la crise climatique actuelle. <\/strong><\/p>\n\n<a class=\"cta-blog-button\" href=\"https:\/\/act.greenpeace.org\/page\/54188\/petition\/1?locale=fr-BE\" target=\"_blank\" rel=\"noopener noreferrer\">J\u2019envoie un message au premier ministre australien<\/a>\n\n<span class=\"shareSocialArea\">\n<a class=\"shareFacebook\" href=\"https:\/\/www.facebook.com\/sharer\/sharer.php?u=https:\/\/www.greenpeace.org\/belgium\/fr\/blog\/8498\/laustralie-en-feu\/\" target=\"_blank\" rel=\"noopener noreferrer\">Je partage sur Facebook<\/a>\n<a class=\"shareTwitter\" href=\"https:\/\/twitter.com\/share?url=https:\/\/www.greenpeace.org\/belgium\/fr\/blog\/8498\/laustralie-en-feu\/&amp;text=L%E2%80%99Australie%20en%20feu%20-%20Les%20feux%20d%C3%A9vastent%20l%E2%80%99Australie.%20C%27est%20le%20r%C3%A9chauffement%20climatique%20dans%20sa%20forme%20la%20plus%20d%C3%A9vastatrice.%20via%20@greenpeace_be&amp;related=greenpeace_be\" target=\"_blank\" rel=\"noopener noreferrer\">Je partage sur Twitter<\/a>\n<a class=\"shareWhatsapp\" href=\"https:\/\/api.whatsapp.com\/send?text=L%E2%80%99Australie+est+en+feu+https%3A%2F%2Fwww.greenpeace.org%2Fbelgium%2Ffr%2Fblog%2F8498%2Flaustralie-en-feu%2F\" target=\"_blank\" rel=\"noopener noreferrer\">Je partage sur Whatsapp<\/a>\n<\/span>\n\n<table class=\"hideme\" style=\"width: 100%;\" width=\"100%\">\n<tbody>\n<tr style=\"width: 100%;\">\n<td class=\"icon\"><a href=\"https:\/\/www.facebook.com\/greenpeace.belgium\" target=\"_blank\" rel=\"noopener noreferrer\">\n<img decoding=\"async\" title=\"Facebook\" src=\"https:\/\/www.greenpeace.org\/static\/planet4-belgium-stateless\/2019\/09\/09281872-fb.png\" alt=\"Facebook\" width=\"100%\">\n<\/a><\/td>\n<td class=\"name\"><a href=\"https:\/\/www.facebook.com\/greenpeace.belgium\" target=\"_blank\" rel=\"noopener noreferrer\">\nFacebook\n<\/a><\/td>\n<td class=\"icon\"><a href=\"https:\/\/www.instagram.com\/greenpeace_be\/\" target=\"_blank\" rel=\"noopener noreferrer\">\n<img decoding=\"async\" title=\"Instagram\" src=\"https:\/\/www.greenpeace.org\/static\/planet4-belgium-stateless\/2019\/09\/89871ad4-insta.png\" alt=\"Instagram\" width=\"100%\">\n<\/a><\/td>\n<td class=\"name\"><a href=\"https:\/\/www.instagram.com\/greenpeace_be\/\" target=\"_blank\" rel=\"noopener noreferrer\">\nInstagram\n<\/a><\/td>\n<td class=\"icon\"><a href=\"https:\/\/twitter.com\/greenpeace_be\" target=\"_blank\" rel=\"noopener noreferrer\">\n<img decoding=\"async\" title=\"Twitter\" src=\"https:\/\/www.greenpeace.org\/static\/planet4-belgium-stateless\/2019\/09\/aebb8c6a-tw.png\" alt=\"Twitter\" width=\"100%\">\n<\/a><\/td>\n<td class=\"name\"><a href=\"https:\/\/twitter.com\/greenpeace_be\" target=\"_blank\" rel=\"noopener noreferrer\">\nTwitter\n<\/a><\/td>\n<td class=\"icon\"><a href=\"https:\/\/www.youtube.com\/user\/GreenpeaceBelgium\" target=\"_blank\" rel=\"noopener noreferrer\">\n<img decoding=\"async\" title=\"YouTube\" src=\"https:\/\/www.greenpeace.org\/static\/planet4-belgium-stateless\/2019\/09\/4fd7759c-yt.png\" alt=\"YouTube\" width=\"100%\">\n<\/a><\/td>\n<td class=\"name\"><a href=\"https:\/\/www.youtube.com\/user\/GreenpeaceBelgium\" target=\"_blank\" rel=\"noopener noreferrer\">\nYouTube\n<\/a><\/td>\n<\/tr>\n<\/tbody>\n<\/table>\n","protected":false},"excerpt":{"rendered":"<p>C\u2019est une nouvelle catastrophe naturelle et humaine \u00e0 laquelle nous assistons. Les feux d\u00e9vastent l\u2019Australie. Des gens meurent, des maisons br\u00fblent, la nature se perd. D\u00e9but 2020, le feu a&hellip;<\/p>\n","protected":false},"author":49,"featured_media":8528,"comment_status":"closed","ping_status":"closed","sticky":false,"template":"","format":"standard","meta":{"ep_exclude_from_search":false,"p4_og_title":"Pourquoi l'Australie br\u00fble-t-elle ?","p4_og_description":"<p>Les feux d\u00e9vastent l\u2019Australie. C'est le r\u00e9chauffement climatique dans sa forme la plus d\u00e9vastatrice.<\/p>","p4_og_image":"https:\/\/www.greenpeace.org\/static\/planet4-belgium-stateless\/2020\/01\/446906bf-australia_fires_animal2.jpg","p4_og_image_id":"8583","p4_seo_canonical_url":"","p4_campaign_name":"not set","p4_local_project":"","p4_basket_name":"not set","p4_department":"","footnotes":""},"categories":[106],"tags":[80,86],"p4-page-type":[116],"class_list":["post-8498","post","type-post","status-publish","format-standard","has-post-thumbnail","hentry","category-il-est-encore-temps","tag-forets","tag-climat","p4-page-type-actualites-blog"],"_links":{"self":[{"href":"https:\/\/www.greenpeace.org\/belgium\/fr\/wp-json\/wp\/v2\/posts\/8498","targetHints":{"allow":["GET"]}}],"collection":[{"href":"https:\/\/www.greenpeace.org\/belgium\/fr\/wp-json\/wp\/v2\/posts"}],"about":[{"href":"https:\/\/www.greenpeace.org\/belgium\/fr\/wp-json\/wp\/v2\/types\/post"}],"author":[{"embeddable":true,"href":"https:\/\/www.greenpeace.org\/belgium\/fr\/wp-json\/wp\/v2\/users\/49"}],"replies":[{"embeddable":true,"href":"https:\/\/www.greenpeace.org\/belgium\/fr\/wp-json\/wp\/v2\/comments?post=8498"}],"version-history":[{"count":11,"href":"https:\/\/www.greenpeace.org\/belgium\/fr\/wp-json\/wp\/v2\/posts\/8498\/revisions"}],"predecessor-version":[{"id":8580,"href":"https:\/\/www.greenpeace.org\/belgium\/fr\/wp-json\/wp\/v2\/posts\/8498\/revisions\/8580"}],"wp:featuredmedia":[{"embeddable":true,"href":"https:\/\/www.greenpeace.org\/belgium\/fr\/wp-json\/wp\/v2\/media\/8528"}],"wp:attachment":[{"href":"https:\/\/www.greenpeace.org\/belgium\/fr\/wp-json\/wp\/v2\/media?parent=8498"}],"wp:term":[{"taxonomy":"category","embeddable":true,"href":"https:\/\/www.greenpeace.org\/belgium\/fr\/wp-json\/wp\/v2\/categories?post=8498"},{"taxonomy":"post_tag","embeddable":true,"href":"https:\/\/www.greenpeace.org\/belgium\/fr\/wp-json\/wp\/v2\/tags?post=8498"},{"taxonomy":"p4-page-type","embeddable":true,"href":"https:\/\/www.greenpeace.org\/belgium\/fr\/wp-json\/wp\/v2\/p4-page-type?post=8498"}],"curies":[{"name":"wp","href":"https:\/\/api.w.org\/{rel}","templated":true}]}}