{"id":870,"date":"2018-03-08T14:49:00","date_gmt":"2018-03-08T14:49:00","guid":{"rendered":"https:\/\/www.greenpeace.org\/belgium\/blog\/870\/et-si-ce-soir-je-ne-consommais-pas-de-viande\/"},"modified":"2021-12-01T14:18:53","modified_gmt":"2021-12-01T13:18:53","slug":"et-si-ce-soir-je-ne-consommais-pas-de-viande","status":"publish","type":"post","link":"https:\/\/www.greenpeace.org\/belgium\/fr\/actualites-blog\/870\/et-si-ce-soir-je-ne-consommais-pas-de-viande\/","title":{"rendered":"Et si ce soir je ne consommais pas de viande ?"},"content":{"rendered":"<div class=\"post-content\">\n<div>\n<p><strong>Aujourd\u2019hui marque le coup d\u2019envoi d\u2019une nouvelle campagne d\u2019envergure internationale pour r\u00e9duire la consommation de viande de 50% au niveau mondial d\u2019ici \u00e0 2050. <\/strong><\/p>\n<p><a href=\"http:\/\/lessismore.greenpeace.org\/be_FR\/\"><strong><img decoding=\"async\" src=\"https:\/\/www.greenpeace.org\/static\/planet4-belgium-stateless\/2018\/12\/649c6201-649c6201-141611_255975.jpg\" alt=\"\" \/><\/strong><\/a><\/p>\n<h3>Pourquoi consommer moins de viande ?<\/h3>\n<p>Parce que notre <strong>(sur)consommation de viande nuit \u00e0 l\u2019environnement avec \u00e0 la cl\u00e9, <\/strong>r\u00e9chauffement climatique, pollution des eaux, d\u00e9forestation\u2026Mais ce n\u2019est pas tout, <strong>elle est aussi n\u00e9faste pour notre <a href=\"https:\/\/www.greenpeace.org\/belgium\/fr\/tag\/sante\/\">sant\u00e9<\/a> et celle de nos enfants : <\/strong>risques d\u2019ob\u00e9sit\u00e9, de maladies cardiovasculaires ou encore, de certains cancers.<\/p>\n<h3>Et oui, nous surconsommons !<\/h3>\n<p>Selon les experts dans le domaine, les Belges mangent trop de viande : entre 2 et 2,5 fois le maximum recommand\u00e9. Les enfants ne sont pas \u00e9pargn\u00e9s :\u00a0 entre 3 et 13 ans, ils consomment presque deux fois plus de prot\u00e9ines animales que la quantit\u00e9 n\u00e9cessaire. Les parents ont tendance \u00e0 croire qu\u2019ils en ont besoin pour \u00eatre en bonne sant\u00e9. Or, un autre r\u00e9gime alimentaire avec moins de viande et plus de l\u00e9gumes est possible, sain et tout \u00e0 fait adapt\u00e9.<\/p>\n<p><a href=\"http:\/\/lessismore.greenpeace.org\/be_FR\/\"><img decoding=\"async\" src=\"https:\/\/www.greenpeace.org\/static\/planet4-belgium-stateless\/2018\/12\/175ad3f4-175ad3f4-141608_255969.jpg\" alt=\"\" \/><\/a><\/p>\n<h3>Diminuer sa consommation de viande, c\u2019est possible ! Comment faire ?<\/h3>\n<ul>\n<li>Vous pouvez <strong>agir globalement<\/strong> en signant l\u2019<a href=\"https:\/\/www.greenpeace.org\/belgium\/fr\/agir\/moins-de-viande-plus-de-legumes\/\">appel de Greenpeace<\/a> pour soutenir activement la campagne.<\/li>\n<li>Vous pouvez simplement <strong>cuisiner autrement <\/strong>: moins de viande et plus de l\u00e9gumes. <a href=\"http:\/\/lessismore.greenpeace.org\/be_FR\/take_action\/re-work-your-favorite-traditional-family-recipe-to-reduce-or-eliminate-the-meat-and-dairy\/\">Mettez-vous au d\u00e9fi<\/a>, nous vous donnerons plein d\u2019astuces pour y arriver !<\/li>\n<li>Et si l\u2019envie de manger un bout de viande vous d\u00e9mange, optez pour de la viande bio et locale. Nous vous en dirons plus dans les jours \u00e0 venir !<\/li>\n<\/ul>\n<p>Alors, pr\u00eat(e) \u00e0 manger moins de viande ?<\/p>\n<\/div>\n<\/div>\n<div class=\"EmptyMessage\">Block content is empty. Check the block&rsquo;s settings or remove it.<\/div>","protected":false},"excerpt":{"rendered":"<p>Aujourd\u2019hui marque le coup d\u2019envoi d\u2019une nouvelle campagne d\u2019envergure internationale pour r\u00e9duire la consommation de viande de 50% au niveau mondial d\u2019ici \u00e0 2050.<\/p>\n","protected":false},"author":34,"featured_media":1731,"comment_status":"closed","ping_status":"closed","sticky":false,"template":"","format":"standard","meta":{"ep_exclude_from_search":false,"p4_og_title":"Et si ce soir, je ne consommais pas de viande ?","p4_og_description":"Notre (sur)consommation de viande nuit \u00e0 l\u2019environnement et \u00e0 la sant\u00e9. Alors, on essaie d'en manger moins ? Quelques conseils. ","p4_og_image":"","p4_og_image_id":"","p4_seo_canonical_url":"","p4_campaign_name":"not set","p4_local_project":"","p4_basket_name":"not set","p4_department":"","footnotes":""},"categories":[104],"tags":[71,85,86],"p4-page-type":[116],"class_list":["post-870","post","type-post","status-publish","format-standard","has-post-thumbnail","hentry","category-petits-changements-grandes-consequences","tag-alimentation","tag-agriculture","tag-climat","p4-page-type-actualites-blog"],"_links":{"self":[{"href":"https:\/\/www.greenpeace.org\/belgium\/fr\/wp-json\/wp\/v2\/posts\/870","targetHints":{"allow":["GET"]}}],"collection":[{"href":"https:\/\/www.greenpeace.org\/belgium\/fr\/wp-json\/wp\/v2\/posts"}],"about":[{"href":"https:\/\/www.greenpeace.org\/belgium\/fr\/wp-json\/wp\/v2\/types\/post"}],"author":[{"embeddable":true,"href":"https:\/\/www.greenpeace.org\/belgium\/fr\/wp-json\/wp\/v2\/users\/34"}],"replies":[{"embeddable":true,"href":"https:\/\/www.greenpeace.org\/belgium\/fr\/wp-json\/wp\/v2\/comments?post=870"}],"version-history":[{"count":4,"href":"https:\/\/www.greenpeace.org\/belgium\/fr\/wp-json\/wp\/v2\/posts\/870\/revisions"}],"predecessor-version":[{"id":25611,"href":"https:\/\/www.greenpeace.org\/belgium\/fr\/wp-json\/wp\/v2\/posts\/870\/revisions\/25611"}],"wp:featuredmedia":[{"embeddable":true,"href":"https:\/\/www.greenpeace.org\/belgium\/fr\/wp-json\/wp\/v2\/media\/1731"}],"wp:attachment":[{"href":"https:\/\/www.greenpeace.org\/belgium\/fr\/wp-json\/wp\/v2\/media?parent=870"}],"wp:term":[{"taxonomy":"category","embeddable":true,"href":"https:\/\/www.greenpeace.org\/belgium\/fr\/wp-json\/wp\/v2\/categories?post=870"},{"taxonomy":"post_tag","embeddable":true,"href":"https:\/\/www.greenpeace.org\/belgium\/fr\/wp-json\/wp\/v2\/tags?post=870"},{"taxonomy":"p4-page-type","embeddable":true,"href":"https:\/\/www.greenpeace.org\/belgium\/fr\/wp-json\/wp\/v2\/p4-page-type?post=870"}],"curies":[{"name":"wp","href":"https:\/\/api.w.org\/{rel}","templated":true}]}}