{"id":874,"date":"2018-11-19T00:00:00","date_gmt":"2018-11-19T00:00:00","guid":{"rendered":"https:\/\/www.greenpeace.org\/belgium\/blog\/874\/2028-fin-de-parcours-pour-les-moteurs-a-combustion\/"},"modified":"2019-12-13T10:16:50","modified_gmt":"2019-12-13T08:16:50","slug":"2028-fin-de-parcours-pour-les-moteurs-a-combustion","status":"publish","type":"post","link":"https:\/\/www.greenpeace.org\/belgium\/fr\/rapport\/874\/2028-fin-de-parcours-pour-les-moteurs-a-combustion\/","title":{"rendered":"2028: fin de parcours pour les moteurs \u00e0 combustion"},"content":{"rendered":"<div class=\"leader\">\n<p><strong>Pouvons-nous assurer assez rapidement la transition vers une mobilit\u00e9 \u00e0 faibles \u00e9missions de carbone ?<\/strong><\/p>\n<p>Pour honorer son engagement en faveur de l\u2019accord de Paris sur le climat et contribuer de mani\u00e8re significative \u00e0 limiter l\u2019augmentation de la temp\u00e9rature moyenne mondiale \u00e0 1,5 \u00b0C, l\u2019Europe doit modifier sa <strong>mobilit\u00e9<\/strong> et acc\u00e9l\u00e9rer l\u2019abandon de la voiture particuli\u00e8re. Les voitures restantes doivent \u00eatre des voitures \u00e9lectriques aliment\u00e9es par de l\u2019\u00e9nergie renouvelable.<\/p>\n<p>Pour en apprendre davantage sur le sujet, consultez le rapport complet \u201c<a href=\"https:\/\/www.greenpeace.org\/static\/planet4-belgium-stateless\/2018\/12\/80e3b427-80e3b427-20180907_gp_eucarfleet_1.5.pdf\">2028: Fin de parcours pour les moteurs \u00e0 combustion<\/a>\u201d (en anglais) ou le <a href=\"https:\/\/www.greenpeace.org\/static\/planet4-belgium-stateless\/2018\/12\/2ac8cfe1-2ac8cfe1-pod-media-report-fr-vfinal.pdf\">r\u00e9sum\u00e9<\/a> (en fran\u00e7ais).<\/p>\n<\/div>\n","protected":false},"excerpt":{"rendered":"<div>\n<\/div>\n","protected":false},"author":29,"featured_media":2460,"comment_status":"closed","ping_status":"closed","sticky":false,"template":"","format":"standard","meta":{"ep_exclude_from_search":false,"p4_og_title":"2028: fin de parcours pour les moteurs \u00e0 combustion","p4_og_description":"Pouvons-nous assurer assez rapidement la transition vers une mobilit\u00e9 \u00e0 faibles \u00e9missions de carbone ?","p4_og_image":"","p4_og_image_id":"","p4_seo_canonical_url":"","p4_campaign_name":"not set","p4_local_project":"","p4_basket_name":"not set","p4_department":"","footnotes":""},"categories":[1],"tags":[74],"p4-page-type":[119],"class_list":["post-874","post","type-post","status-publish","format-standard","has-post-thumbnail","hentry","category-non-classifiee","tag-mobilite","p4-page-type-rapport"],"_links":{"self":[{"href":"https:\/\/www.greenpeace.org\/belgium\/fr\/wp-json\/wp\/v2\/posts\/874","targetHints":{"allow":["GET"]}}],"collection":[{"href":"https:\/\/www.greenpeace.org\/belgium\/fr\/wp-json\/wp\/v2\/posts"}],"about":[{"href":"https:\/\/www.greenpeace.org\/belgium\/fr\/wp-json\/wp\/v2\/types\/post"}],"author":[{"embeddable":true,"href":"https:\/\/www.greenpeace.org\/belgium\/fr\/wp-json\/wp\/v2\/users\/29"}],"replies":[{"embeddable":true,"href":"https:\/\/www.greenpeace.org\/belgium\/fr\/wp-json\/wp\/v2\/comments?post=874"}],"version-history":[{"count":3,"href":"https:\/\/www.greenpeace.org\/belgium\/fr\/wp-json\/wp\/v2\/posts\/874\/revisions"}],"predecessor-version":[{"id":8305,"href":"https:\/\/www.greenpeace.org\/belgium\/fr\/wp-json\/wp\/v2\/posts\/874\/revisions\/8305"}],"wp:featuredmedia":[{"embeddable":true,"href":"https:\/\/www.greenpeace.org\/belgium\/fr\/wp-json\/wp\/v2\/media\/2460"}],"wp:attachment":[{"href":"https:\/\/www.greenpeace.org\/belgium\/fr\/wp-json\/wp\/v2\/media?parent=874"}],"wp:term":[{"taxonomy":"category","embeddable":true,"href":"https:\/\/www.greenpeace.org\/belgium\/fr\/wp-json\/wp\/v2\/categories?post=874"},{"taxonomy":"post_tag","embeddable":true,"href":"https:\/\/www.greenpeace.org\/belgium\/fr\/wp-json\/wp\/v2\/tags?post=874"},{"taxonomy":"p4-page-type","embeddable":true,"href":"https:\/\/www.greenpeace.org\/belgium\/fr\/wp-json\/wp\/v2\/p4-page-type?post=874"}],"curies":[{"name":"wp","href":"https:\/\/api.w.org\/{rel}","templated":true}]}}