{"id":8979,"date":"2020-02-06T14:26:00","date_gmt":"2020-02-06T12:26:00","guid":{"rendered":"https:\/\/www.greenpeace.org\/belgium\/?p=8979"},"modified":"2020-02-06T15:36:17","modified_gmt":"2020-02-06T13:36:17","slug":"action-pour-le-climat-greenpeace-laisse-fondre-les-manchots-au-coeur-du-parlement-federal","status":"publish","type":"post","link":"https:\/\/www.greenpeace.org\/belgium\/fr\/communique-de-presse\/8979\/action-pour-le-climat-greenpeace-laisse-fondre-les-manchots-au-coeur-du-parlement-federal\/","title":{"rendered":"Action pour le climat : Greenpeace laisse fondre les manchots au coeur du Parlement f\u00e9d\u00e9ral"},"content":{"rendered":"\n<p><strong>Cet apr\u00e8s-midi, Greenpeace a plac\u00e9 des sculptures de manchots en glace au Parlement f\u00e9d\u00e9ral. Par cette action, l&rsquo;organisation environnementale veut attirer l\u2019attention sur l&rsquo;impact d\u00e9vastateur du changement climatique sur les oc\u00e9ans et toutes les esp\u00e8ces qui y vivent. Greenpeace demande au Parlement de d\u00e9clarer l&rsquo;urgence climatique comme signal pour prot\u00e9ger les oc\u00e9ans.<\/strong><\/p>\n\n<p>\u00ab<em>Les sculptures de glace que nous avons d\u00e9pos\u00e9es au Parlement aujourd&rsquo;hui fondent en quelques jours. Dans la vraie vie, les manchots disparaissent malheureusement \u00e9galement \u00e0 une vitesse fulgurante. Nous mettons maintenant les parlementaires face \u00e0 leurs responsabilit\u00e9s : les oc\u00e9ans et tous leurs habitants souffrent \u00e9norm\u00e9ment du changement climatique. Ceux qui veulent prot\u00e9ger les oc\u00e9ans doivent se pencher sur le climat<\/em>\u00bb, explique Juliette Boulet, sp\u00e9cialiste du climat chez Greenpeace.<\/p>\n\n<figure class=\"wp-block-image size-large  caption-style-blue-overlay caption-alignment-center\"><img loading=\"lazy\" decoding=\"async\" width=\"999\" height=\"663\" src=\"https:\/\/www.greenpeace.org\/static\/planet4-belgium-stateless\/2020\/02\/a6257a35-climate_emergency_3.jpg\" alt=\"\" class=\"wp-image-8983\" srcset=\"https:\/\/www.greenpeace.org\/static\/planet4-belgium-stateless\/2020\/02\/a6257a35-climate_emergency_3.jpg 999w, https:\/\/www.greenpeace.org\/static\/planet4-belgium-stateless\/2020\/02\/a6257a35-climate_emergency_3-300x199.jpg 300w, https:\/\/www.greenpeace.org\/static\/planet4-belgium-stateless\/2020\/02\/a6257a35-climate_emergency_3-768x510.jpg 768w, https:\/\/www.greenpeace.org\/static\/planet4-belgium-stateless\/2020\/02\/a6257a35-climate_emergency_3-510x338.jpg 510w\" sizes=\"auto, (max-width: 999px) 100vw, 999px\" \/><\/figure>\n\n<p><em>Des manchots&nbsp; fondent au Parlement. Plus de photos de l\u2019action disponibles&nbsp; <\/em><a href=\"https:\/\/media.greenpeace.org\/shoot\/27MZIFJ8SKKFF\"><em>ici<\/em><\/a><\/p>\n\n<p>L&rsquo;impact des \u00e9missions de gaz \u00e0 effet de serre sur les oc\u00e9ans est beaucoup plus important et plus rapide que pr\u00e9vu. L&rsquo;acidification et le r\u00e9chauffement de l&rsquo;eau de mer constituent une menace majeure pour la vie dans les oc\u00e9ans.<strong> <\/strong>\u00ab<em>En raison du manque d&rsquo;ambition climatique, notre pays est \u00e9galement responsable de cette crise oc\u00e9anique. D&rsquo;une part, notre pays se targue de vouloir placer 30% des oc\u00e9ans en zone prot\u00e9g\u00e9e, mais d&rsquo;autre part, nos politiciens ne font pratiquement rien pour r\u00e9duire l&rsquo;impact climatique belge. S&rsquo;ils veulent vraiment prot\u00e9ger les oc\u00e9ans, ils doivent d\u00e9clarer l&rsquo;urgence climatique et le climat doit devenir leur priorit\u00e9 absolue dans la nouvelle l\u00e9gislature<\/em> \u00bb, explique Juliette Boulet.<\/p>\n\n<p>Les sculptures de glace ont \u00e9t\u00e9 inaugur\u00e9es dans le P\u00e9ristyle du Parlement par Valerie Del Re, directrice de Greenpeace Belgique. Vincent van Quickenborne, pr\u00e9sident de la commission parlementaire Climat, et Michel De Maegd, repr\u00e9sentant du Parlement, ont \u00e9galement pris la parole.<strong> <\/strong>L&rsquo;action Greenpeace fait partie d&rsquo;une semaine d&rsquo;action mondiale pour les oc\u00e9ans. Demain, vendredi 7 f\u00e9vrier, <em>Youth for Climate<\/em> organise une marche pour les oc\u00e9ans \u00e0 Bruxelles.<\/p>\n\n<p><strong>Contact:&nbsp;<\/strong><\/p>\n\n<p>Service de presse de Greenpeace: 0496 26 31 91 &#8211; bpress@greenpeace.org<\/p>\n\n<p>Des photos et des vid\u00e9os de manchots, de l&rsquo;Antarctique et de l&rsquo;exp\u00e9dition de Greenpeace sont disponibles <a href=\"https:\/\/media.greenpeace.org\/collection\/27MZIFJ8S67UM\">ici<\/a><\/p>\n","protected":false},"excerpt":{"rendered":"<p>Cet apr\u00e8s-midi, Greenpeace a plac\u00e9 des sculptures de manchots en glace au Parlement f\u00e9d\u00e9ral. Par cette action, l&rsquo;organisation environnementale veut attirer l\u2019attention sur l&rsquo;impact d\u00e9vastateur du changement climatique sur les&hellip;<\/p>\n","protected":false},"author":49,"featured_media":8983,"comment_status":"closed","ping_status":"closed","sticky":false,"template":"","format":"standard","meta":{"ep_exclude_from_search":false,"p4_og_title":"Action pour le climat : Greenpeace laisse fondre les manchots au coeur du Parlement f\u00e9d\u00e9ral","p4_og_description":"Greenpeace a plac\u00e9 des sculptures de manchots en glace au Parlement f\u00e9d\u00e9ral. Par cette action, elle veut attirer l\u2019attention sur l'impact d\u00e9vastateur du changement climatique sur les oc\u00e9ans et toutes les esp\u00e8ces qui y vivent. Greenpeace demande aussi au Parlement de d\u00e9clarer l'urgence climatique.","p4_og_image":"","p4_og_image_id":"","p4_seo_canonical_url":"","p4_campaign_name":"not set","p4_local_project":"","p4_basket_name":"not set","p4_department":"","footnotes":""},"categories":[1],"tags":[79,82,86],"p4-page-type":[117],"class_list":["post-8979","post","type-post","status-publish","format-standard","has-post-thumbnail","hentry","category-non-classifiee","tag-antarctique","tag-oceans","tag-climat","p4-page-type-communique-de-presse"],"_links":{"self":[{"href":"https:\/\/www.greenpeace.org\/belgium\/fr\/wp-json\/wp\/v2\/posts\/8979","targetHints":{"allow":["GET"]}}],"collection":[{"href":"https:\/\/www.greenpeace.org\/belgium\/fr\/wp-json\/wp\/v2\/posts"}],"about":[{"href":"https:\/\/www.greenpeace.org\/belgium\/fr\/wp-json\/wp\/v2\/types\/post"}],"author":[{"embeddable":true,"href":"https:\/\/www.greenpeace.org\/belgium\/fr\/wp-json\/wp\/v2\/users\/49"}],"replies":[{"embeddable":true,"href":"https:\/\/www.greenpeace.org\/belgium\/fr\/wp-json\/wp\/v2\/comments?post=8979"}],"version-history":[{"count":2,"href":"https:\/\/www.greenpeace.org\/belgium\/fr\/wp-json\/wp\/v2\/posts\/8979\/revisions"}],"predecessor-version":[{"id":8985,"href":"https:\/\/www.greenpeace.org\/belgium\/fr\/wp-json\/wp\/v2\/posts\/8979\/revisions\/8985"}],"wp:featuredmedia":[{"embeddable":true,"href":"https:\/\/www.greenpeace.org\/belgium\/fr\/wp-json\/wp\/v2\/media\/8983"}],"wp:attachment":[{"href":"https:\/\/www.greenpeace.org\/belgium\/fr\/wp-json\/wp\/v2\/media?parent=8979"}],"wp:term":[{"taxonomy":"category","embeddable":true,"href":"https:\/\/www.greenpeace.org\/belgium\/fr\/wp-json\/wp\/v2\/categories?post=8979"},{"taxonomy":"post_tag","embeddable":true,"href":"https:\/\/www.greenpeace.org\/belgium\/fr\/wp-json\/wp\/v2\/tags?post=8979"},{"taxonomy":"p4-page-type","embeddable":true,"href":"https:\/\/www.greenpeace.org\/belgium\/fr\/wp-json\/wp\/v2\/p4-page-type?post=8979"}],"curies":[{"name":"wp","href":"https:\/\/api.w.org\/{rel}","templated":true}]}}