{"id":9158,"date":"2020-02-12T10:00:00","date_gmt":"2020-02-12T09:00:00","guid":{"rendered":"https:\/\/www.greenpeace.org\/belgium\/?p=9158"},"modified":"2020-02-12T18:20:20","modified_gmt":"2020-02-12T17:20:20","slug":"bright-festival-greenpeace-met-lantarctique-a-lhonneur","status":"publish","type":"post","link":"https:\/\/www.greenpeace.org\/belgium\/fr\/communique-de-presse\/9158\/bright-festival-greenpeace-met-lantarctique-a-lhonneur\/","title":{"rendered":"Bright Festival : Greenpeace met l\u2019Antarctique \u00e0 l\u2019honneur"},"content":{"rendered":"\n<p>Pour la premi\u00e8re fois cette ann\u00e9e, Greenpeace participe au Bright Festival durant quatre soir\u00e9es \u00e0 Bruxelles. L\u2019illumination artistique propos\u00e9e par Greenpeace, cr\u00e9\u00e9e en collaboration avec <a href=\"https:\/\/www.madbox.be\/\">MadBox,<\/a> sera diffus\u00e9e rue des Minimes. L\u2019animation met l\u2019Antarctique \u00e0 l\u2019honneur. Il s\u2019agit d\u2019une vid\u00e9o-mapping d\u2019une dur\u00e9e de 2 minutes qui montre toute la beaut\u00e9 de cette r\u00e9gion du monde. Greenpeace est actuellement en Antarctique. Il s\u2019agit de la derni\u00e8re \u00e9tape d\u2019une exp\u00e9dition scientifique qui a rejoint les 2 p\u00f4les.<\/p>\n\n<figure class=\"wp-block-image size-large  caption-style-blue-overlay caption-alignment-center\"><img loading=\"lazy\" decoding=\"async\" width=\"999\" height=\"663\" src=\"https:\/\/www.greenpeace.org\/static\/planet4-belgium-stateless\/2020\/02\/dce86006-bright_festival_def.jpg\" alt=\"\" class=\"wp-image-9092\" srcset=\"https:\/\/www.greenpeace.org\/static\/planet4-belgium-stateless\/2020\/02\/dce86006-bright_festival_def.jpg 999w, https:\/\/www.greenpeace.org\/static\/planet4-belgium-stateless\/2020\/02\/dce86006-bright_festival_def-300x199.jpg 300w, https:\/\/www.greenpeace.org\/static\/planet4-belgium-stateless\/2020\/02\/dce86006-bright_festival_def-768x510.jpg 768w, https:\/\/www.greenpeace.org\/static\/planet4-belgium-stateless\/2020\/02\/dce86006-bright_festival_def-510x338.jpg 510w\" sizes=\"auto, (max-width: 999px) 100vw, 999px\" \/><\/figure>\n\n<p>Cette participation au Bright Festival montre qu\u2019il est urgent de prot\u00e9ger les oc\u00e9ans, victimes de la pr\u00e9sence humaine avec notamment le d\u00e9veloppement de l&rsquo;exploitation mini\u00e8re commerciale en haute mer, une industrie qui peut avoir des cons\u00e9quences d\u00e9vastatrices pour la vie marine et qui d\u00e9grade l\u2019\u00e9cosyst\u00e8me marin \u00e0 une vitesse inqui\u00e9tante.<\/p>\n\n<p>C\u2019est aussi l\u2019occasion de rappeler au public qui viendra admirer les rues de Bruxelles illumin\u00e9es, combien l\u2019Antarctique est magnifique.<\/p>\n\n<p>La projection qui sera propos\u00e9e par Greenpeace rue des Minimes est un dessin qui prend vie sur un air de Ludovico Einaudi, compositeur italien connu pour avoir jou\u00e9 <em>l\u2019El\u00e9gie pour l&rsquo;Arctique<\/em> avec son piano au milieu de la glace (Voir <a href=\"https:\/\/www.youtube.com\/watch?v=2DLnhdnSUVs&amp;list=RD2DLnhdnSUVs&amp;index=1\">ici<\/a>)<\/p>\n\n<p><em>Greenpeace vous emm\u00e8ne en Antarctique, de l\u2019autre c\u00f4t\u00e9 de la terre, au pays de l\u2019eau et de la glace. A travers cette vid\u00e9o, d\u00e9couvrez l&rsquo;importance de prot\u00e9ger les oc\u00e9ans contre les divers dangers auxquels ils sont confront\u00e9s. Pendant quelques minutes, laissez-vous plonger dans la r\u00e9alit\u00e9 d&rsquo;un environnement unique et sentez-vous berc\u00e9 par une m\u00e9lodie magique. Prot\u00e9geons les oc\u00e9ans et agissons dans la lutte contre le r\u00e9chauffement climatique.\u00a0<\/em><\/p>\n\n<p><strong>Quand ? : <\/strong>Du jeudi 13 au dimanche 16 f\u00e9vrier, de 19 \u00e0 23 heures.&nbsp; <a href=\"https:\/\/bright.brussels\/\">The Bright Festival<\/a>.<\/p>\n\n<p><strong>O\u00f9 ? :<\/strong> Rue des Minimes, \u00e0 l\u2019arri\u00e8re du Palais de Justice.<\/p>\n\n<p><strong>Contact:<\/strong><\/p>\n\n<p>Service de presse Greenpeace: 0496 26 31 91 &#8211; bpress@greenpeace.org<br><\/p>\n","protected":false},"excerpt":{"rendered":"<p>Pour la premi\u00e8re fois cette ann\u00e9e, Greenpeace participe au Bright Festival durant quatre soir\u00e9es \u00e0 Bruxelles. L\u2019illumination artistique propos\u00e9e par Greenpeace, cr\u00e9\u00e9e en collaboration avec MadBox, sera diffus\u00e9e rue des&hellip;<\/p>\n","protected":false},"author":49,"featured_media":9092,"comment_status":"closed","ping_status":"closed","sticky":false,"template":"","format":"standard","meta":{"ep_exclude_from_search":false,"p4_og_title":"","p4_og_description":"","p4_og_image":"","p4_og_image_id":"","p4_seo_canonical_url":"","p4_campaign_name":"not set","p4_local_project":"","p4_basket_name":"not set","p4_department":"","footnotes":""},"categories":[1],"tags":[82,86],"p4-page-type":[117],"class_list":["post-9158","post","type-post","status-publish","format-standard","has-post-thumbnail","hentry","category-non-classifiee","tag-oceans","tag-climat","p4-page-type-communique-de-presse"],"_links":{"self":[{"href":"https:\/\/www.greenpeace.org\/belgium\/fr\/wp-json\/wp\/v2\/posts\/9158","targetHints":{"allow":["GET"]}}],"collection":[{"href":"https:\/\/www.greenpeace.org\/belgium\/fr\/wp-json\/wp\/v2\/posts"}],"about":[{"href":"https:\/\/www.greenpeace.org\/belgium\/fr\/wp-json\/wp\/v2\/types\/post"}],"author":[{"embeddable":true,"href":"https:\/\/www.greenpeace.org\/belgium\/fr\/wp-json\/wp\/v2\/users\/49"}],"replies":[{"embeddable":true,"href":"https:\/\/www.greenpeace.org\/belgium\/fr\/wp-json\/wp\/v2\/comments?post=9158"}],"version-history":[{"count":2,"href":"https:\/\/www.greenpeace.org\/belgium\/fr\/wp-json\/wp\/v2\/posts\/9158\/revisions"}],"predecessor-version":[{"id":9160,"href":"https:\/\/www.greenpeace.org\/belgium\/fr\/wp-json\/wp\/v2\/posts\/9158\/revisions\/9160"}],"wp:featuredmedia":[{"embeddable":true,"href":"https:\/\/www.greenpeace.org\/belgium\/fr\/wp-json\/wp\/v2\/media\/9092"}],"wp:attachment":[{"href":"https:\/\/www.greenpeace.org\/belgium\/fr\/wp-json\/wp\/v2\/media?parent=9158"}],"wp:term":[{"taxonomy":"category","embeddable":true,"href":"https:\/\/www.greenpeace.org\/belgium\/fr\/wp-json\/wp\/v2\/categories?post=9158"},{"taxonomy":"post_tag","embeddable":true,"href":"https:\/\/www.greenpeace.org\/belgium\/fr\/wp-json\/wp\/v2\/tags?post=9158"},{"taxonomy":"p4-page-type","embeddable":true,"href":"https:\/\/www.greenpeace.org\/belgium\/fr\/wp-json\/wp\/v2\/p4-page-type?post=9158"}],"curies":[{"name":"wp","href":"https:\/\/api.w.org\/{rel}","templated":true}]}}