{"id":9236,"date":"2020-02-20T11:07:25","date_gmt":"2020-02-20T10:07:25","guid":{"rendered":"https:\/\/www.greenpeace.org\/belgium\/?p=9236"},"modified":"2020-02-20T11:09:22","modified_gmt":"2020-02-20T10:09:22","slug":"unitedforclimate-appel-a-une-politique-climatique-equitable","status":"publish","type":"post","link":"https:\/\/www.greenpeace.org\/belgium\/fr\/actualites-blog\/9236\/unitedforclimate-appel-a-une-politique-climatique-equitable\/","title":{"rendered":"#UnitedForClimate : appel \u00e0 une politique climatique \u00e9quitable"},"content":{"rendered":"\n<p><strong>Que voulons-nous ? Une soci\u00e9t\u00e9 durable o\u00f9 personne n&rsquo;est laiss\u00e9 pour compte ! Quand le voulons-nous ? Maintenant ! Hier, nos politiciens ont n\u00e9goci\u00e9 (avec un mois et demi de retard) la politique climatique pour 2050 et aujourd&rsquo;hui, \u00e0 l&rsquo;occasion de la Journ\u00e9e mondiale de la justice sociale, nous leur demandons de garder une chose \u00e0 l&rsquo;esprit lors de l&rsquo;\u00e9laboration de ce plan : la garantie d\u2019une politique climatique \u00e9quitable. <\/strong><\/p>\n\n<figure class=\"wp-block-image size-large  caption-style-blue-overlay caption-alignment-center\"><img loading=\"lazy\" decoding=\"async\" width=\"999\" height=\"663\" src=\"https:\/\/www.greenpeace.org\/static\/planet4-belgium-stateless\/2020\/02\/01c13539-climate_justice.jpg\" alt=\"#UnitedForClimate : appel \u00e0 une politique climatique \u00e9quitable \" class=\"wp-image-9237\" srcset=\"https:\/\/www.greenpeace.org\/static\/planet4-belgium-stateless\/2020\/02\/01c13539-climate_justice.jpg 999w, https:\/\/www.greenpeace.org\/static\/planet4-belgium-stateless\/2020\/02\/01c13539-climate_justice-300x199.jpg 300w, https:\/\/www.greenpeace.org\/static\/planet4-belgium-stateless\/2020\/02\/01c13539-climate_justice-768x510.jpg 768w, https:\/\/www.greenpeace.org\/static\/planet4-belgium-stateless\/2020\/02\/01c13539-climate_justice-510x338.jpg 510w\" sizes=\"auto, (max-width: 999px) 100vw, 999px\" \/><\/figure>\n\n<p>Les scientifiques s&rsquo;accordent \u00e0 dire que le r\u00e9chauffement climatique affecte le plus durement les personnes en situation de pauvret\u00e9 et qu\u2019en cons\u00e9quence, les in\u00e9galit\u00e9s se creusent. Chez nous aussi, les familles en situation de pr\u00e9carit\u00e9 sont souvent les moins aptes \u00e0 pouvoir se prot\u00e9ger contre l&rsquo;impact des vagues de chaleur ou des inondations, et ce sont souvent elles aussi qui vivent dans les endroits les plus pollu\u00e9s ou sur des sites de moins bonne qualit\u00e9.<\/p>\n\n<p><\/p>\n\n<h3 class=\"wp-block-heading\">Justice climatique = justice sociale ! <\/h3>\n\n<p>L\u2019absence de politique climatique est par d\u00e9faut antisociale. Il est donc important d&rsquo;opter pour une politique climatique qui soit \u00e9quitable, et qui pr\u00f4ne le changement vers une soci\u00e9t\u00e9 durable o\u00f9 personne n&rsquo;est laiss\u00e9 de c\u00f4t\u00e9. Avec les bonnes priorit\u00e9s et les politiques appropri\u00e9es, l&rsquo;action en faveur du climat peut agir comme un levier pour r\u00e9duire les in\u00e9galit\u00e9s et am\u00e9liorer consid\u00e9rablement la qualit\u00e9 de vie des citoyens &#8211; et en particulier des familles en situation de vuln\u00e9rabilit\u00e9 sociale. <\/p>\n\n<span class=\"mid-button-fix\"><a class=\"cta-blog-button-mid\" href=\"https:\/\/www.greenpeace.org\/belgium\/fr\/rapports\/7135\/united-for-climate-les-opportunites-dune-transition-climatique-equitable\/\" target=\"_blank\" rel=\"noopener noreferrer\">En savoir plus sur la politique climatique \u00e9quitable<\/a><\/span>\n\n<h3 class=\"wp-block-heading\">Comment y parvenir ?\u00a0<\/h3>\n\n<p>Il y a quelques mois, nous nous sommes r\u00e9unis avec une quarantaine d&rsquo;organisations environnementales et sociales et de syndicats sur le Rainbow Warrior, le fleuron de Greenpeace.<\/p>\n\n<p>Nous y avons discut\u00e9 de nos attentes en mati\u00e8re de politique climatique qui n&rsquo;exclut personne. Nous avons d\u00e9cid\u00e9 que pour chaque mesure climatique prise et \u00e0 prendre, la question suivante doit \u00eatre pos\u00e9e : \u00ab\u00a0Cette mesure comporte-t-elle un risque d&rsquo;appauvrissement\u00a0\u00bb ? Si oui, il faudra pr\u00e9voir des corrections sociales sur des mesures climatiques indispensables mais aussi dans certains cas, une politique plus large contre les in\u00e9galit\u00e9s sociales.<\/p>\n\n<p>Nous avons \u00e9galement propos\u00e9 <a href=\"https:\/\/www.greenpeace.org\/belgium\/fr\/rapports\/7135\/united-for-climate-les-opportunites-dune-transition-climatique-equitable\/\">5 piliers<\/a> n\u00e9cessaires pour un changement \u00e9quitable.<\/p>\n\n<ul class=\"wp-block-list\"><li>Une juste contribution des grands pollueurs et des revenus les plus \u00e9lev\u00e9s<\/li><li>Le droit \u00e0 un logement \u00e9nerg\u00e9tiquement et climatiquement neutre<\/li><li>Des \u00e9nergies renouvelables pour tous<\/li><li>De meilleurs transports publics, plus d\u2019investissements dans le v\u00e9lo et une flotte plus \u00e9cologique&nbsp;<\/li><li>Une transition industrielle \u00e9quitable&nbsp;<\/li><\/ul>\n\n<h3 class=\"wp-block-heading\">Il faut agir, et vite ! <\/h3>\n\n<p>Il n\u2019y a pas de temps \u00e0 perdre pour nos politiciens. Au plus t\u00f4t la politique climatique sera \u00e9labor\u00e9e, au mieux ce sera. Des mesures doivent d\u00e8s maintenant \u00eatre prises pour lutter contre le r\u00e9chauffement climatique, am\u00e9liorer la vie et la sant\u00e9 de tous les citoyens et pr\u00e9parer nos entreprises et nos employ\u00e9s \u00e0 un avenir climatiquement neutre.&nbsp;<\/p>\n\n<a class=\"cta-blog-button\" href=\"https:\/\/www.greenpeace.org\/belgium\/fr\/rapports\/7135\/united-for-climate-les-opportunites-dune-transition-climatique-equitable\/\" target=\"_blank\" rel=\"noopener noreferrer\">En savoir plus sur la politique climatique \u00e9quitable<\/a>\n\n<span class=\"shareSocialArea\">\n<a class=\"shareFacebook\" href=\"https:\/\/www.facebook.com\/sharer\/sharer.php?u=https:\/\/www.greenpeace.org\/belgium\/fr\/blog\/9236\/unitedforclimate-appel-a-une-politique-climatique-equitable\/\" target=\"_blank\" rel=\"noopener noreferrer\">Je partage sur Facebook<\/a>\n<a class=\"shareTwitter\" href=\"https:\/\/twitter.com\/share?url=https:\/\/www.greenpeace.org\/belgium\/fr\/blog\/9236\/unitedforclimate-appel-a-une-politique-climatique-equitable\/&#038;text=#UnitedForClimate%20:%20appel%20%C3%A0%20une%20politique%20climatique%20%C3%A9quitable%20-%20Que%20voulons-nous%20?%20Une%20soci%C3%A9t%C3%A9%20durable%20o%C3%B9%20personne%20n'est%20laiss%C3%A9%20pour%20compte%20!%20Quand%20le%20voulons-nous%20?%20Maintenant%20!%20via%20@greenpeace_be&#038;related=greenpeace_be\" target=\"_blank\" rel=\"noopener noreferrer\">Je partage sur Twitter<\/a>\n<a class=\"shareWhatsapp\" href=\"https:\/\/api.whatsapp.com\/send?text=%23UnitedForClimate+%3A+appel+%C3%A0+une+politique+climatique+%C3%A9quitable+https%3A%2F%2Fwww.greenpeace.org%2Fbelgium%2Ffr%2Fblog%2F9236%2Funitedforclimate-appel-a-une-politique-climatique-equitable%2F\" target=\"_blank\" rel=\"noopener noreferrer\">Je partage sur Whatsapp<\/a>\n<\/span>\n\n\n<table class=\"hideme\" style=\"width: 100%;\" width=\"100%\">\n<tbody>\n<tr style=\"width: 100%;\">\n<td class=\"icon\"><a href=\"https:\/\/www.facebook.com\/greenpeace.belgium\" target=\"_blank\" rel=\"noopener noreferrer\">\n<img decoding=\"async\" title=\"Facebook\" src=\"https:\/\/www.greenpeace.org\/static\/planet4-belgium-stateless\/2019\/09\/09281872-fb.png\" alt=\"Facebook\" width=\"100%\">\n<\/a><\/td>\n<td class=\"name\"><a href=\"https:\/\/www.facebook.com\/greenpeace.belgium\" target=\"_blank\" rel=\"noopener noreferrer\">\nFacebook\n<\/a><\/td>\n<td class=\"icon\"><a href=\"https:\/\/www.instagram.com\/greenpeace_be\/\" target=\"_blank\" rel=\"noopener noreferrer\">\n<img decoding=\"async\" title=\"Instagram\" src=\"https:\/\/www.greenpeace.org\/static\/planet4-belgium-stateless\/2019\/09\/89871ad4-insta.png\" alt=\"Instagram\" width=\"100%\">\n<\/a><\/td>\n<td class=\"name\"><a href=\"https:\/\/www.instagram.com\/greenpeace_be\/\" target=\"_blank\" rel=\"noopener noreferrer\">\nInstagram\n<\/a><\/td>\n<td class=\"icon\"><a href=\"https:\/\/twitter.com\/greenpeace_be\" target=\"_blank\" rel=\"noopener noreferrer\">\n<img decoding=\"async\" title=\"Twitter\" src=\"https:\/\/www.greenpeace.org\/static\/planet4-belgium-stateless\/2019\/09\/aebb8c6a-tw.png\" alt=\"Twitter\" width=\"100%\">\n<\/a><\/td>\n<td class=\"name\"><a href=\"https:\/\/twitter.com\/greenpeace_be\" target=\"_blank\" rel=\"noopener noreferrer\">\nTwitter\n<\/a><\/td>\n<td class=\"icon\"><a href=\"https:\/\/www.youtube.com\/user\/GreenpeaceBelgium\" target=\"_blank\" rel=\"noopener noreferrer\">\n<img decoding=\"async\" title=\"YouTube\" src=\"https:\/\/www.greenpeace.org\/static\/planet4-belgium-stateless\/2019\/09\/4fd7759c-yt.png\" alt=\"YouTube\" width=\"100%\">\n<\/a><\/td>\n<td class=\"name\"><a href=\"https:\/\/www.youtube.com\/user\/GreenpeaceBelgium\" target=\"_blank\" rel=\"noopener noreferrer\">\nYouTube\n<\/a><\/td>\n<\/tr>\n<\/tbody>\n<\/table>\n\n\n\t\t\t<section\n\t\t\tclass=\"boxout  \"\n\t\t\t\n\t\t>\n\t\t\t<a\n\t\t\t\tdata-ga-category=\"Take Action Boxout\"\n\t\t\t\tdata-ga-action=\"Image\"\n\t\t\t\tdata-ga-label=\"n\/a\"\n\t\t\t\tclass=\"cover-card-overlay\"\n\t\t\t\thref=\"https:\/\/www.greenpeace.org\/belgium\/fr\/rapports\/7135\/united-for-climate-les-opportunites-dune-transition-climatique-equitable\/\" target=\"_blank\"\n\t\t\t><\/a>\n\t\t\t\t\t\t\t<img\n\t\t\t\t\t\tsrc=\"https:\/\/www.greenpeace.org\/static\/planet4-belgium-stateless\/2019\/09\/8fbbed7f-rwiii2.jpg\"\n\t\t\t\t\t\tsrcset=\"https:\/\/www.greenpeace.org\/static\/planet4-belgium-stateless\/2019\/09\/8fbbed7f-rwiii2-300x199.jpg 300w, https:\/\/www.greenpeace.org\/static\/planet4-belgium-stateless\/2019\/09\/8fbbed7f-rwiii2-768x510.jpg 768w, https:\/\/www.greenpeace.org\/static\/planet4-belgium-stateless\/2019\/09\/8fbbed7f-rwiii2-510x338.jpg 510w, https:\/\/www.greenpeace.org\/static\/planet4-belgium-stateless\/2019\/09\/8fbbed7f-rwiii2.jpg 999w\"\n\t\t\t\t\t\tsizes=\"(min-width: 1000px) 358px, (min-width: 780px) 313px, 88px\"\n\t\t\t\t\t\talt=\"\" title=\"\"\n\t\t\t\t\/>\n            \t\t\t<div class=\"boxout-content\">\n\t\t\t\t\t\t\t\t\t<a\n\t\t\t\t\t\tclass=\"boxout-heading medium\"\n\t\t\t\t\t\tdata-ga-category=\"Take Action Boxout\"\n\t\t\t\t\t\tdata-ga-action=\"Title\"\n\t\t\t\t\t\tdata-ga-label=\"n\/a\"\n\t\t\t\t\t\thref=\"https:\/\/www.greenpeace.org\/belgium\/fr\/rapports\/7135\/united-for-climate-les-opportunites-dune-transition-climatique-equitable\/\"\n\t\t\t\t\t\ttarget=\"_blank\"\n\t\t\t\t\t>\n\t\t\t\t\t\tVers une transition climatique \u00e9quitable\n\t\t\t\t\t<\/a>\n\t\t\t\t\t\t\t\t                                    <a\n                        class=\"btn btn-primary\"\n                        data-ga-category=\"Take Action Boxout\"\n                        data-ga-action=\"Call to Action\"\n                        data-ga-label=\"n\/a\"\n                        href=\"https:\/\/www.greenpeace.org\/belgium\/fr\/rapports\/7135\/united-for-climate-les-opportunites-dune-transition-climatique-equitable\/\"\n                        target=\"_blank\"\n                    >\n                        En savoir plus\n                    <\/a>\n                \t\t\t<\/div>\n\t\t\t\t\t<\/section>\n\t","protected":false},"excerpt":{"rendered":"<p>Que voulons-nous ? Une soci\u00e9t\u00e9 durable o\u00f9 personne n&rsquo;est laiss\u00e9 pour compte ! Quand le voulons-nous ? Maintenant ! Hier, nos politiciens ont n\u00e9goci\u00e9 (avec un mois et demi de&hellip;<\/p>\n","protected":false},"author":49,"featured_media":9237,"comment_status":"closed","ping_status":"closed","sticky":false,"template":"","format":"standard","meta":{"ep_exclude_from_search":false,"p4_og_title":"#UnitedForClimate : appel \u00e0 une politique climatique \u00e9quitable","p4_og_description":"Que voulons-nous ? Une soci\u00e9t\u00e9 durable o\u00f9 personne n'est laiss\u00e9 pour compte ! Quand le voulons-nous ? Maintenant !","p4_og_image":"","p4_og_image_id":"","p4_seo_canonical_url":"","p4_campaign_name":"not set","p4_local_project":"","p4_basket_name":"not set","p4_department":"","footnotes":""},"categories":[107],"tags":[70,86],"p4-page-type":[116],"class_list":["post-9236","post","type-post","status-publish","format-standard","has-post-thumbnail","hentry","category-ensemble-nous-sommes-la-solution","tag-energie","tag-climat","p4-page-type-actualites-blog"],"_links":{"self":[{"href":"https:\/\/www.greenpeace.org\/belgium\/fr\/wp-json\/wp\/v2\/posts\/9236","targetHints":{"allow":["GET"]}}],"collection":[{"href":"https:\/\/www.greenpeace.org\/belgium\/fr\/wp-json\/wp\/v2\/posts"}],"about":[{"href":"https:\/\/www.greenpeace.org\/belgium\/fr\/wp-json\/wp\/v2\/types\/post"}],"author":[{"embeddable":true,"href":"https:\/\/www.greenpeace.org\/belgium\/fr\/wp-json\/wp\/v2\/users\/49"}],"replies":[{"embeddable":true,"href":"https:\/\/www.greenpeace.org\/belgium\/fr\/wp-json\/wp\/v2\/comments?post=9236"}],"version-history":[{"count":2,"href":"https:\/\/www.greenpeace.org\/belgium\/fr\/wp-json\/wp\/v2\/posts\/9236\/revisions"}],"predecessor-version":[{"id":9241,"href":"https:\/\/www.greenpeace.org\/belgium\/fr\/wp-json\/wp\/v2\/posts\/9236\/revisions\/9241"}],"wp:featuredmedia":[{"embeddable":true,"href":"https:\/\/www.greenpeace.org\/belgium\/fr\/wp-json\/wp\/v2\/media\/9237"}],"wp:attachment":[{"href":"https:\/\/www.greenpeace.org\/belgium\/fr\/wp-json\/wp\/v2\/media?parent=9236"}],"wp:term":[{"taxonomy":"category","embeddable":true,"href":"https:\/\/www.greenpeace.org\/belgium\/fr\/wp-json\/wp\/v2\/categories?post=9236"},{"taxonomy":"post_tag","embeddable":true,"href":"https:\/\/www.greenpeace.org\/belgium\/fr\/wp-json\/wp\/v2\/tags?post=9236"},{"taxonomy":"p4-page-type","embeddable":true,"href":"https:\/\/www.greenpeace.org\/belgium\/fr\/wp-json\/wp\/v2\/p4-page-type?post=9236"}],"curies":[{"name":"wp","href":"https:\/\/api.w.org\/{rel}","templated":true}]}}