{"id":9426,"date":"2020-03-03T08:13:00","date_gmt":"2020-03-03T07:13:00","guid":{"rendered":"https:\/\/www.greenpeace.org\/belgium\/?p=9426"},"modified":"2021-12-01T14:11:42","modified_gmt":"2021-12-01T13:11:42","slug":"5-choses-a-savoir-sur-les-orangs-outans","status":"publish","type":"post","link":"https:\/\/www.greenpeace.org\/belgium\/fr\/actualites-blog\/9426\/5-choses-a-savoir-sur-les-orangs-outans\/","title":{"rendered":"5 choses \u00e0 savoir sur les orangs-outans"},"content":{"rendered":"\n<p><strong>Ce 3 mars, c\u2019est la journ\u00e9e mondiale de la vie sauvage. Profitons de cette journ\u00e9e symbolique pour rappeler la n\u00e9cessit\u00e9 de prot\u00e9ger la biodiversit\u00e9. De notre c\u00f4t\u00e9, nous mettons \u00e0 l\u2019honneur l\u2019orang-outan, un grand singe largement menac\u00e9 par la d\u00e9forestation. Voici 5 faits que vous ne connaissez probablement pas sur lui.<\/strong> <\/p>\n\n<figure class=\"wp-block-image size-large  caption-style-blue-overlay caption-alignment-center\"><img loading=\"lazy\" decoding=\"async\" width=\"999\" height=\"663\" src=\"https:\/\/www.greenpeace.org\/static\/planet4-belgium-stateless\/2020\/03\/7e8b4dcd-orangoutans3.jpg\" alt=\"5 choses \u00e0 savoir sur les orangs-outans\" class=\"wp-image-9414\" srcset=\"https:\/\/www.greenpeace.org\/static\/planet4-belgium-stateless\/2020\/03\/7e8b4dcd-orangoutans3.jpg 999w, https:\/\/www.greenpeace.org\/static\/planet4-belgium-stateless\/2020\/03\/7e8b4dcd-orangoutans3-300x199.jpg 300w, https:\/\/www.greenpeace.org\/static\/planet4-belgium-stateless\/2020\/03\/7e8b4dcd-orangoutans3-768x510.jpg 768w, https:\/\/www.greenpeace.org\/static\/planet4-belgium-stateless\/2020\/03\/7e8b4dcd-orangoutans3-510x338.jpg 510w\" sizes=\"auto, (max-width: 999px) 100vw, 999px\" \/><\/figure>\n\n<h3 class=\"wp-block-heading\">1. L\u2019orang-outan vit sur deux \u00eeles<\/h3>\n\n<p>L\u2019orang-outan vit sur deux \u00eeles, toutes deux situ\u00e9es en Asie du Sud-Est : Sumatra (Indon\u00e9sie) et Born\u00e9o (Indon\u00e9sie et Malaisie). Autrefois, ces grands singes peuplaient \u00e9galement l\u2019\u00eele de Java, la p\u00e9ninsule indochinoise et m\u00eame la Chine m\u00e9ridionale, mais ces esp\u00e8ces ont aujourd\u2019hui disparu de l\u00e0.<\/p>\n\n<figure class=\"wp-block-image size-large  caption-style-blue-overlay caption-alignment-center\"><img loading=\"lazy\" decoding=\"async\" width=\"999\" height=\"663\" src=\"https:\/\/www.greenpeace.org\/static\/planet4-belgium-stateless\/2020\/03\/e498de1b-orangoutans_sumatra.jpg\" alt=\"5 choses \u00e0 savoir sur les orangs-outans\" class=\"wp-image-9410\" srcset=\"https:\/\/www.greenpeace.org\/static\/planet4-belgium-stateless\/2020\/03\/e498de1b-orangoutans_sumatra.jpg 999w, https:\/\/www.greenpeace.org\/static\/planet4-belgium-stateless\/2020\/03\/e498de1b-orangoutans_sumatra-300x199.jpg 300w, https:\/\/www.greenpeace.org\/static\/planet4-belgium-stateless\/2020\/03\/e498de1b-orangoutans_sumatra-768x510.jpg 768w, https:\/\/www.greenpeace.org\/static\/planet4-belgium-stateless\/2020\/03\/e498de1b-orangoutans_sumatra-510x338.jpg 510w\" sizes=\"auto, (max-width: 999px) 100vw, 999px\" \/><\/figure>\n\n<span class=\"mid-button-fix\"><a class=\"cta-blog-button-mid\" href=\"https:\/\/www.greenpeace.org\/belgium\/fr\/agir\/suivez-lactualite-de-nos-campagnes\/\" target=\"_blank\" rel=\"noopener noreferrer\">Je m&rsquo;inscris \u00e0 la newsletter<\/a><\/span>\n\n<h3 class=\"wp-block-heading\">2. 3 esp\u00e8ces d\u2019orang-outan<\/h3>\n\n<p>Il n\u2019y a pas encore si longtemps, on pensait qu\u2019il n\u2019existait que deux esp\u00e8ces d\u2019orangs-outans (celle de Born\u00e9o et celle de Sumatra). L\u2019an dernier, une nouvelle esp\u00e8ce a \u00e9t\u00e9 d\u00e9couverte au nord de l\u2019\u00eele de Sumatra : l\u2019orang-outan de Tapanuli. Avec une population estim\u00e9e \u00e0 800 individus, c\u2019est l\u2019esp\u00e8ce de grand singe la plus menac\u00e9e de la plan\u00e8te.<\/p>\n\n<h3 class=\"wp-block-heading\">3. L\u2019orang outan et l\u2019homme : 97 % de points communs<\/h3>\n\n<figure class=\"wp-block-image size-large  caption-style-blue-overlay caption-alignment-center\"><img loading=\"lazy\" decoding=\"async\" width=\"999\" height=\"663\" src=\"https:\/\/www.greenpeace.org\/static\/planet4-belgium-stateless\/2020\/03\/426db198-orangoutans.jpg\" alt=\"5 choses \u00e0 savoir sur les orangs-outans\" class=\"wp-image-9406\" srcset=\"https:\/\/www.greenpeace.org\/static\/planet4-belgium-stateless\/2020\/03\/426db198-orangoutans.jpg 999w, https:\/\/www.greenpeace.org\/static\/planet4-belgium-stateless\/2020\/03\/426db198-orangoutans-300x199.jpg 300w, https:\/\/www.greenpeace.org\/static\/planet4-belgium-stateless\/2020\/03\/426db198-orangoutans-768x510.jpg 768w, https:\/\/www.greenpeace.org\/static\/planet4-belgium-stateless\/2020\/03\/426db198-orangoutans-510x338.jpg 510w\" sizes=\"auto, (max-width: 999px) 100vw, 999px\" \/><\/figure>\n\n<p>L\u2019orang-outan partage 97 % de son ADN avec nous, humains, ce qui en fait l\u2019un de nos plus proches cousins.<strong> <\/strong>D\u2019ailleurs, \u00ab orang-outan \u00bb signifie litt\u00e9ralement \u00ab homme de la for\u00eat \u00bb en malais et en indon\u00e9sien.<\/p>\n\n<h3 class=\"wp-block-heading\">4. 25 orangs-outans disparaissent chaque jour<\/h3>\n\n<p>Chaque jour, 25 orangs-outans disparaissent\u2026 L\u2019esp\u00e8ce est inscrite sur la liste des esp\u00e8ces en danger critique d\u2019extinction de l\u2019Union internationale pour la conservation de la nature.<\/p>\n\n<figure class=\"wp-block-image size-large  caption-style-blue-overlay caption-alignment-center\"><img loading=\"lazy\" decoding=\"async\" width=\"999\" height=\"663\" src=\"https:\/\/www.greenpeace.org\/static\/planet4-belgium-stateless\/2020\/03\/5dbbcbf2-orangoutans2.jpg\" alt=\"5 choses \u00e0 savoir sur les orangs-outans\" class=\"wp-image-9412\" srcset=\"https:\/\/www.greenpeace.org\/static\/planet4-belgium-stateless\/2020\/03\/5dbbcbf2-orangoutans2.jpg 999w, https:\/\/www.greenpeace.org\/static\/planet4-belgium-stateless\/2020\/03\/5dbbcbf2-orangoutans2-300x199.jpg 300w, https:\/\/www.greenpeace.org\/static\/planet4-belgium-stateless\/2020\/03\/5dbbcbf2-orangoutans2-768x510.jpg 768w, https:\/\/www.greenpeace.org\/static\/planet4-belgium-stateless\/2020\/03\/5dbbcbf2-orangoutans2-510x338.jpg 510w\" sizes=\"auto, (max-width: 999px) 100vw, 999px\" \/><\/figure>\n\n<h3 class=\"wp-block-heading\">5. L\u2019huile de palme d\u00e9truit son habitat<\/h3>\n\n<p>Aujourd\u2019hui, les incendies en Indon\u00e9sie sont devenus la nouvelle norme. Chaque ann\u00e9e, de vastes territoires de for\u00eats et de tourbi\u00e8res partent en fum\u00e9e et sont remplac\u00e9es par des plantations industrielles servant \u00e0 la production d&rsquo;huile de palme mais aussi, de p\u00e2te \u00e0 papier, de papier et de bois.&nbsp;<\/p>\n\n<figure class=\"wp-block-image size-large  caption-style-blue-overlay caption-alignment-center\"><img loading=\"lazy\" decoding=\"async\" width=\"999\" height=\"663\" src=\"https:\/\/www.greenpeace.org\/static\/planet4-belgium-stateless\/2020\/03\/c060a0ce-orangoutans_fires.jpg\" alt=\"5 choses \u00e0 savoir sur les orangs-outans\" class=\"wp-image-9408\" srcset=\"https:\/\/www.greenpeace.org\/static\/planet4-belgium-stateless\/2020\/03\/c060a0ce-orangoutans_fires.jpg 999w, https:\/\/www.greenpeace.org\/static\/planet4-belgium-stateless\/2020\/03\/c060a0ce-orangoutans_fires-300x199.jpg 300w, https:\/\/www.greenpeace.org\/static\/planet4-belgium-stateless\/2020\/03\/c060a0ce-orangoutans_fires-768x510.jpg 768w, https:\/\/www.greenpeace.org\/static\/planet4-belgium-stateless\/2020\/03\/c060a0ce-orangoutans_fires-510x338.jpg 510w\" sizes=\"auto, (max-width: 999px) 100vw, 999px\" \/><\/figure>\n\n<p>Ces incendies constituent une grave menaces pour les orangs-outans mais aussi pour les tigres et les \u00e9l\u00e9phants de Sumatra, r\u00e9duisant encore plus leur population d\u00e9j\u00e0 menac\u00e9e. Il faut que cela s&rsquo;arr\u00eate. <\/p>\n\n<a class=\"cta-blog-button\" href=\"https:\/\/www.greenpeace.org\/belgium\/fr\/agir\/suivez-lactualite-de-nos-campagnes\/\" target=\"_blank\" rel=\"noopener noreferrer\">Je m&rsquo;inscris \u00e0 la newsletter<\/a>\n\n<span class=\"shareSocialArea\">\n<a class=\"shareFacebook\" href=\"https:\/\/www.facebook.com\/sharer\/sharer.php?u=https:\/\/www.greenpeace.org\/belgium\/fr\/blog\/9426\/5-choses-a-savoir-sur-les-orangs-outans\/\" target=\"_blank\" rel=\"noopener noreferrer\">Je partage sur Facebook<\/a>\n<a class=\"shareTwitter\" href=\"https:\/\/twitter.com\/share?url=https:\/\/www.greenpeace.org\/belgium\/fr\/blog\/9426\/5-choses-a-savoir-sur-les-orangs-outans\/&amp;text=5%20choses%20%C3%A0%20savoir%20sur%20les%20orangs-outans%20-%20L%E2%80%99orang-outan%20est%20largement%20menac%C3%A9%20par%20la%20d%C3%A9forestation.%20Que%20savez-vous%20%C3%A0%20propos%20de%20lui%20?%20Lisez%20la%20suite%20!%20%20via%20@greenpeace_be&amp;related=greenpeace_be\" target=\"_blank\" rel=\"noopener noreferrer\">Je partage sur Twitter<\/a>\n<a class=\"shareWhatsapp\" href=\"https:\/\/api.whatsapp.com\/send?text=5+choses+%C3%A0+savoir+sur+les+orangs-outans+https%3A%2F%2Fwww.greenpeace.org%2Fbelgium%2Ffr%2Fblog%2F9426%2F5-choses-a-savoir-sur-les-orangs-outans%2F\" target=\"_blank\" rel=\"noopener noreferrer\">Je partage sur Whatsapp<\/a>\n<\/span>\n\n<table class=\"hideme\" style=\"width: 100%;\" width=\"100%\">\n<tbody>\n<tr style=\"width: 100%;\">\n<td class=\"icon\"><a href=\"https:\/\/www.facebook.com\/greenpeace.belgium\" target=\"_blank\" rel=\"noopener noreferrer\">\n<img decoding=\"async\" title=\"Facebook\" src=\"https:\/\/www.greenpeace.org\/static\/planet4-belgium-stateless\/2019\/09\/09281872-fb.png\" alt=\"Facebook\" width=\"100%\">\n<\/a><\/td>\n<td class=\"name\"><a href=\"https:\/\/www.facebook.com\/greenpeace.belgium\" target=\"_blank\" rel=\"noopener noreferrer\">\nFacebook\n<\/a><\/td>\n<td class=\"icon\"><a href=\"https:\/\/www.instagram.com\/greenpeace_be\/\" target=\"_blank\" rel=\"noopener noreferrer\">\n<img decoding=\"async\" title=\"Instagram\" src=\"https:\/\/www.greenpeace.org\/static\/planet4-belgium-stateless\/2019\/09\/89871ad4-insta.png\" alt=\"Instagram\" width=\"100%\">\n<\/a><\/td>\n<td class=\"name\"><a href=\"https:\/\/www.instagram.com\/greenpeace_be\/\" target=\"_blank\" rel=\"noopener noreferrer\">\nInstagram\n<\/a><\/td>\n<td class=\"icon\"><a href=\"https:\/\/twitter.com\/greenpeace_be\" target=\"_blank\" rel=\"noopener noreferrer\">\n<img decoding=\"async\" title=\"Twitter\" src=\"https:\/\/www.greenpeace.org\/static\/planet4-belgium-stateless\/2019\/09\/aebb8c6a-tw.png\" alt=\"Twitter\" width=\"100%\">\n<\/a><\/td>\n<td class=\"name\"><a href=\"https:\/\/twitter.com\/greenpeace_be\" target=\"_blank\" rel=\"noopener noreferrer\">\nTwitter\n<\/a><\/td>\n<td class=\"icon\"><a href=\"https:\/\/www.youtube.com\/user\/GreenpeaceBelgium\" target=\"_blank\" rel=\"noopener noreferrer\">\n<img decoding=\"async\" title=\"YouTube\" src=\"https:\/\/www.greenpeace.org\/static\/planet4-belgium-stateless\/2019\/09\/4fd7759c-yt.png\" alt=\"YouTube\" width=\"100%\">\n<\/a><\/td>\n<td class=\"name\"><a href=\"https:\/\/www.youtube.com\/user\/GreenpeaceBelgium\" target=\"_blank\" rel=\"noopener noreferrer\">\nYouTube\n<\/a><\/td>\n<\/tr>\n<\/tbody>\n<\/table>\n<div class=\"EmptyMessage\">Block content is empty. Check the block&rsquo;s settings or remove it.<\/div>","protected":false},"excerpt":{"rendered":"<p>Ce 3 mars, c\u2019est la journ\u00e9e mondiale de la vie sauvage. Profitons de cette journ\u00e9e symbolique pour rappeler la n\u00e9cessit\u00e9 de prot\u00e9ger la biodiversit\u00e9. De notre c\u00f4t\u00e9, nous mettons \u00e0&hellip;<\/p>\n","protected":false},"author":49,"featured_media":9412,"comment_status":"closed","ping_status":"closed","sticky":false,"template":"","format":"standard","meta":{"ep_exclude_from_search":false,"p4_og_title":"5 choses \u00e0 savoir sur les orangs-outans","p4_og_description":"L\u2019orang-outan est largement menac\u00e9 par la d\u00e9forestation. Que savez-vous \u00e0 propos de lui ? Lisez la suite ! ","p4_og_image":"","p4_og_image_id":"","p4_seo_canonical_url":"","p4_campaign_name":"not set","p4_local_project":"not set","p4_basket_name":"not set","p4_department":"","footnotes":""},"categories":[105],"tags":[80],"p4-page-type":[116],"class_list":["post-9426","post","type-post","status-publish","format-standard","has-post-thumbnail","hentry","category-preserver-la-beaute-de-notre-planete","tag-forets","p4-page-type-actualites-blog"],"_links":{"self":[{"href":"https:\/\/www.greenpeace.org\/belgium\/fr\/wp-json\/wp\/v2\/posts\/9426","targetHints":{"allow":["GET"]}}],"collection":[{"href":"https:\/\/www.greenpeace.org\/belgium\/fr\/wp-json\/wp\/v2\/posts"}],"about":[{"href":"https:\/\/www.greenpeace.org\/belgium\/fr\/wp-json\/wp\/v2\/types\/post"}],"author":[{"embeddable":true,"href":"https:\/\/www.greenpeace.org\/belgium\/fr\/wp-json\/wp\/v2\/users\/49"}],"replies":[{"embeddable":true,"href":"https:\/\/www.greenpeace.org\/belgium\/fr\/wp-json\/wp\/v2\/comments?post=9426"}],"version-history":[{"count":6,"href":"https:\/\/www.greenpeace.org\/belgium\/fr\/wp-json\/wp\/v2\/posts\/9426\/revisions"}],"predecessor-version":[{"id":25393,"href":"https:\/\/www.greenpeace.org\/belgium\/fr\/wp-json\/wp\/v2\/posts\/9426\/revisions\/25393"}],"wp:featuredmedia":[{"embeddable":true,"href":"https:\/\/www.greenpeace.org\/belgium\/fr\/wp-json\/wp\/v2\/media\/9412"}],"wp:attachment":[{"href":"https:\/\/www.greenpeace.org\/belgium\/fr\/wp-json\/wp\/v2\/media?parent=9426"}],"wp:term":[{"taxonomy":"category","embeddable":true,"href":"https:\/\/www.greenpeace.org\/belgium\/fr\/wp-json\/wp\/v2\/categories?post=9426"},{"taxonomy":"post_tag","embeddable":true,"href":"https:\/\/www.greenpeace.org\/belgium\/fr\/wp-json\/wp\/v2\/tags?post=9426"},{"taxonomy":"p4-page-type","embeddable":true,"href":"https:\/\/www.greenpeace.org\/belgium\/fr\/wp-json\/wp\/v2\/p4-page-type?post=9426"}],"curies":[{"name":"wp","href":"https:\/\/api.w.org\/{rel}","templated":true}]}}