{"id":9463,"date":"2020-03-05T10:59:00","date_gmt":"2020-03-05T09:59:00","guid":{"rendered":"https:\/\/www.greenpeace.org\/belgium\/?p=9463"},"modified":"2021-12-01T14:11:37","modified_gmt":"2021-12-01T13:11:37","slug":"journee-internationale-des-femmes-5-collegues-a-lhonneur","status":"publish","type":"post","link":"https:\/\/www.greenpeace.org\/belgium\/fr\/actualites-blog\/9463\/journee-internationale-des-femmes-5-collegues-a-lhonneur\/","title":{"rendered":"Journ\u00e9e internationale des femmes : 5 coll\u00e8gues \u00e0 l\u2019honneur"},"content":{"rendered":"\n<p><strong>A l\u2019occasion de la journ\u00e9e internationale des femmes, ce 8 mars, nous mettons \u00e0 l\u2019honneur cinq femmes qui travaillent toutes chez Greenpeace. Si elles ont des fonctions vari\u00e9es, leur objectif est le m\u00eame : agir pour l\u2019environnement et pour plus de justice climatique. D\u00e9couvrez leurs engagements \u00e0 travers leurs t\u00e9moignages.  <\/strong><\/p>\n\n<span class=\"mid-button-fix\"><a class=\"cta-blog-button-mid\" href=\"https:\/\/www.greenpeace.org\/belgium\/fr\/agir\/suivez-lactualite-de-nos-campagnes\/\" target=\"_blank\" rel=\"noopener noreferrer\">Je m\u2019inscris \u00e0 la newsletter<\/a><\/span>\n\n<h3 class=\"wp-block-heading\">Daniela, sp\u00e9cialiste base de donn\u00e9es, 34 ans<\/h3>\n\n<figure class=\"wp-block-image size-large  caption-style-blue-overlay caption-alignment-center\"><img loading=\"lazy\" decoding=\"async\" width=\"999\" height=\"663\" src=\"https:\/\/www.greenpeace.org\/static\/planet4-belgium-stateless\/2020\/03\/0c0050d2-daniela.jpg\" alt=\"Journ\u00e9e internationale des femmes : 5 coll\u00e8gues \u00e0 l\u2019honneur\" class=\"wp-image-9459\" srcset=\"https:\/\/www.greenpeace.org\/static\/planet4-belgium-stateless\/2020\/03\/0c0050d2-daniela.jpg 999w, https:\/\/www.greenpeace.org\/static\/planet4-belgium-stateless\/2020\/03\/0c0050d2-daniela-300x199.jpg 300w, https:\/\/www.greenpeace.org\/static\/planet4-belgium-stateless\/2020\/03\/0c0050d2-daniela-768x510.jpg 768w, https:\/\/www.greenpeace.org\/static\/planet4-belgium-stateless\/2020\/03\/0c0050d2-daniela-510x338.jpg 510w\" sizes=\"auto, (max-width: 999px) 100vw, 999px\" \/><\/figure>\n\n<p>J&rsquo;ai d\u00e9cid\u00e9 de travailler pour Greenpeace afin de pouvoir contribuer, \u00e0 ma fa\u00e7on et de mani\u00e8re positive, \u00e0 la soci\u00e9t\u00e9 dans laquelle je vis. Je suis une personne tr\u00e8s motiv\u00e9e et j&rsquo;aime donner le meilleur de moi-m\u00eame : produire un effort suppl\u00e9mentaire pour quelque chose de pr\u00e9cieux \u00e0 mes yeux n\u2019est pas une corv\u00e9e. Au contraire, cela m\u2019aide \u00e0 m\u2019\u00e9panouir et \u00e0 me sentir bien. Je dois \u00e9galement dire que l&rsquo;id\u00e9e de travailler avec les h\u00e9ros de mon enfance (je suis fan de Greenpeace depuis mon plus jeune \u00e2ge) m\u2019a confort\u00e9e dans ce choix de carri\u00e8re.<\/p>\n\n<p>Travailler pour l&rsquo;environnement et la justice climatique me tient particuli\u00e8rement \u00e0 coeur car \u00e9tant n\u00e9e au Costa Rica, j\u2019ai grandi en respectant la nature qui m\u2019entourait. J&rsquo;ai aussi appris que les changements climatiques sont essentiellement dus au mode de vie des pays du Nord alors que les cons\u00e9quences se font en grande partie ressentir dans le Sud, comme en Am\u00e9rique centrale. La possibilit\u00e9 de contribuer et de travailler \u00e0 la fin de l&rsquo;<em>apartheid climatique<\/em> et de lutter pour la justice climatique est ce qui m&rsquo;inspire et me motive r\u00e9ellement. <\/p>\n\n<p>Au quotidien, je m\u2019occupe surtout de technologie et d&rsquo;analyse de donn\u00e9es. Ce sont des domaines majoritairement domin\u00e9s par les hommes. Etre une femme dans ce domaine, et dans mon cas, une femme originaire d\u2019Am\u00e9rique latine qui travaille en Europe, n\u2019est pas toujours \u00e9vident. Soyons clairs, certains pr\u00e9jug\u00e9s ont la vie dure. La preuve, j\u2019ai bien essay\u00e9 d\u2019engager des femmes dans mon \u00e9quipe, mais je n\u2019y suis pas encore parvenue ! <\/p>\n\n<h3 class=\"wp-block-heading\">Juliette, porte-parole, 39 ans<\/h3>\n\n<figure class=\"wp-block-image size-large  caption-style-blue-overlay caption-alignment-center\"><img loading=\"lazy\" decoding=\"async\" width=\"999\" height=\"663\" src=\"https:\/\/www.greenpeace.org\/static\/planet4-belgium-stateless\/2020\/03\/efdb1de0-juliette_boulet.jpg\" alt=\"Journ\u00e9e internationale des femmes : 5 coll\u00e8gues \u00e0 l\u2019honneur\" class=\"wp-image-9455\" srcset=\"https:\/\/www.greenpeace.org\/static\/planet4-belgium-stateless\/2020\/03\/efdb1de0-juliette_boulet.jpg 999w, https:\/\/www.greenpeace.org\/static\/planet4-belgium-stateless\/2020\/03\/efdb1de0-juliette_boulet-300x199.jpg 300w, https:\/\/www.greenpeace.org\/static\/planet4-belgium-stateless\/2020\/03\/efdb1de0-juliette_boulet-768x510.jpg 768w, https:\/\/www.greenpeace.org\/static\/planet4-belgium-stateless\/2020\/03\/efdb1de0-juliette_boulet-510x338.jpg 510w\" sizes=\"auto, (max-width: 999px) 100vw, 999px\" \/><\/figure>\n\n<p>J\u2019ai le bonheur d\u2019\u00eatre porte-parole de Greenpeace en Belgique et je porte au c\u0153ur des m\u00e9dias le message de tous les collaborateurs de notre ONG internationale, ind\u00e9pendante et pacifique.&nbsp;&nbsp;<\/p>\n\n<p>Ayant grandi entour\u00e9e de fermes, de champs et de for\u00eats, mes convictions environnementales font partie de mon ADN. Mais l\u2019arriv\u00e9e de mes enfants leur a donn\u00e9 un sens encore plus puissant. Car bien s\u00fbr, quand on devient parent, ce n\u2019est plus notre nombril que nous regardons en premier mais le leur et je suis inqui\u00e8te du monde dans lequel ils grandissent. Notre environnement change, les saisons sont moins marqu\u00e9es, les \u00e9v\u00e8nements m\u00e9t\u00e9orologiques impr\u00e9vus ou plus violents deviennent plus fr\u00e9quents. Mon fils et ma fille posent des questions. Ils s\u2019insurgent de la pollution g\u00e9n\u00e9r\u00e9e par les comportements destructeurs de notre esp\u00e8ce.<\/p>\n\n<p>\u00catre femme dans ce monde reste un combat quotidien m\u00eame si je vis dans un environnement social et culturel favoris\u00e9. \u00catre femme et se battre pour la plan\u00e8te l\u2019est aussi. Entre ceux qui se disent climato-r\u00e9alistes ou climato-positifs que j\u2019appellerais plut\u00f4t climato-attentistes et ceux qui pensent que tout va s\u2019effondrer, il faut trouver sa place. Quand tu es femme, on croit que tu es forc\u00e9ment plus na\u00efve, gentille ou moins cr\u00e9dible. Il faut croire en soi et en son combat ; garder de l\u2019espoir et \u00eatre \u00e0 l&rsquo;aff\u00fbt de tous les pi\u00e8ges, qu\u2019ils soient du greenwashing ou de la manipulation d\u2019hypoth\u00e9tiques technologies qui vont sauver le monde.<\/p>\n\n<p>Mais la prise de conscience sur le statut des femmes et sur la place de la protection du climat \u00e9volue. Et nous ne gagnerons le combat pour le climat que si nous gagnons en m\u00eame temps celui pour l\u2019\u00e9galit\u00e9 des genres et celui de la lutte contre la <a href=\"https:\/\/www.greenpeace.org\/belgium\/fr\/blog\/7153\/la-transition-climatique-doit-etre-equitable\/\">pauvret\u00e9<\/a>. Car ceux-ci sont entrem\u00eal\u00e9s. Il ne sera pas possible de ne gagner que l\u2019un en laissant les autres de c\u00f4t\u00e9.<\/p>\n\n<h3 class=\"wp-block-heading\">Maimouna, coordinatrice du r\u00e9seau de b\u00e9n\u00e9voles, 26 ans<\/h3>\n\n<figure class=\"wp-block-image size-large  caption-style-blue-overlay caption-alignment-center\"><img loading=\"lazy\" decoding=\"async\" width=\"999\" height=\"663\" src=\"https:\/\/www.greenpeace.org\/static\/planet4-belgium-stateless\/2020\/03\/ffa1b680-maimouna.jpg\" alt=\"Journ\u00e9e internationale des femmes : 5 coll\u00e8gues \u00e0 l\u2019honneur\" class=\"wp-image-9461\" srcset=\"https:\/\/www.greenpeace.org\/static\/planet4-belgium-stateless\/2020\/03\/ffa1b680-maimouna.jpg 999w, https:\/\/www.greenpeace.org\/static\/planet4-belgium-stateless\/2020\/03\/ffa1b680-maimouna-300x199.jpg 300w, https:\/\/www.greenpeace.org\/static\/planet4-belgium-stateless\/2020\/03\/ffa1b680-maimouna-768x510.jpg 768w, https:\/\/www.greenpeace.org\/static\/planet4-belgium-stateless\/2020\/03\/ffa1b680-maimouna-510x338.jpg 510w\" sizes=\"auto, (max-width: 999px) 100vw, 999px\" \/><\/figure>\n\n<p>Depuis toujours, il est important pour moi de travailler au sein d\u2019une organisation porteuse d\u2019id\u00e9es et ancr\u00e9e dans les combats soci\u00e9taux actuels. En rejoignant Greenpeace il y a quelques mois, j\u2019ai pu d\u00e9couvrir le monde de l\u2019activisme tout en approfondissant mon c\u00f4t\u00e9 militant. Cela est d\u2019autant plus le cas gr\u00e2ce au poste que j\u2019occupe. Je suis coordinatrice des b\u00e9n\u00e9voles. Je travaille avec eux au quotidien et suis t\u00e9moin de l\u2019importance des enjeux locaux. Les b\u00e9n\u00e9voles nous prouvent chaque jour que changer le monde, chacun \u00e0 son \u00e9chelle, est possible. <\/p>\n\n<p>J\u2019ai \u00e9galement la chance de travailler au c\u00f4t\u00e9 de bon nombre de personnes, et notamment des femmes, qui m\u2019inspirent quotidiennement autant dans ma vie professionnelle que personnelle. Elles me poussent \u00e0 exprimer mes id\u00e9es. Et lorsque nous parlons de la justice climatique, nous \u00e9voquons ensemble les questions environnementales en formulant nos doutes, nos inqui\u00e9tudes et nos solutions.<\/p>\n\n<p>Je crois profond\u00e9ment qu\u2019il est plus que n\u00e9cessaire d\u2019inclure et d\u2019impliquer tous les acteurs de la soci\u00e9t\u00e9 dans le d\u00e9bat climatique pour avancer tous ensemble et construire un avenir plus juste et respectueux de l&rsquo;environnement. Pour tous. Je pense au milieu environnemental et militant bien s\u00fbr mais aussi, \u00e0 tous ces nouveaux mouvements qui poussent chaque citoyen \u00e0 s\u2019exprimer comme les mouvements f\u00e9ministes ou antiracistes.&nbsp;<\/p>\n\n<h3 class=\"wp-block-heading\">Marie-Elise, responsable logistique, 30 ans<\/h3>\n\n<figure class=\"wp-block-image size-large  caption-style-blue-overlay caption-alignment-center\"><img loading=\"lazy\" decoding=\"async\" width=\"999\" height=\"663\" src=\"https:\/\/www.greenpeace.org\/static\/planet4-belgium-stateless\/2020\/03\/20f288ae-women_day_marie_elise.jpg\" alt=\"Journ\u00e9e internationale des femmes : 5 coll\u00e8gues \u00e0 l\u2019honneur\" class=\"wp-image-9457\" srcset=\"https:\/\/www.greenpeace.org\/static\/planet4-belgium-stateless\/2020\/03\/20f288ae-women_day_marie_elise.jpg 999w, https:\/\/www.greenpeace.org\/static\/planet4-belgium-stateless\/2020\/03\/20f288ae-women_day_marie_elise-300x199.jpg 300w, https:\/\/www.greenpeace.org\/static\/planet4-belgium-stateless\/2020\/03\/20f288ae-women_day_marie_elise-768x510.jpg 768w, https:\/\/www.greenpeace.org\/static\/planet4-belgium-stateless\/2020\/03\/20f288ae-women_day_marie_elise-510x338.jpg 510w\" sizes=\"auto, (max-width: 999px) 100vw, 999px\" \/><\/figure>\n\n<p>Vous vous demandez peut-\u00eatre ce que signifie \u00eatre responsable logistique ? En fait, je monte des stands, je peins des banderoles, je fais en sorte que nos groupes locaux puissent cr\u00e9er leur propre mat\u00e9riel\u2026 Avant ce job, j\u2019ai navigu\u00e9 pendant neuf mois sur les bateaux de Greenpeace. <\/p>\n\n<p> Tout le travail que j\u2019effectue au sein du mouvement contre le racisme et pour la paix mais aussi au sein du mouvement climatique ou encore LGBTQIA*, je le fais par passion et par devoir. Je ne pourrais pas me passer de ce travail, il fait partie de moi. Je voudrais cr\u00e9er une sorte de pont pour faire passer les messages de ceux et celles qui n\u2019ont pas les moyens de s\u2019exprimer. J\u2019estime cela comme un devoir.  <\/p>\n\n<p>Mon inspiration, je la puise chez mes amies, mes coll\u00e8gues, les jeunes qui manifestent pour le climat&#8230; J\u2019ai eu la chance de parcourir les oc\u00e9ans \u00e0 bord des bateaux de Greenpeace. J\u2019y ai rencontr\u00e9 une g\u00e9ologue camerounaise qui m\u2019a parl\u00e9 de la journ\u00e9e internationale des femmes dans son pays. Elle m\u2019a offert un v\u00eatement portant notamment l\u2019inscription Journ\u00e9e Internationale des Femmes. Depuis, tous les 8 mars, je me pose un instant pour penser au combat des femmes dans le monde et notamment, au combat que bon nombre d\u2019entre elles m\u00e8nent pour le climat. En tant que femmes, nous pouvons nous renforcer les unes les autres. J\u2019ai aussi rencontr\u00e9 des activistes f\u00e9rus de kayak et de v\u00e9lo en Nouvelle-Z\u00e9lande. J\u2019ai collabor\u00e9 avec trois femmes Maori gr\u00e2ce auxquelles j\u2019ai beaucoup appris sur leurs traditions et leur combat quotidien pour prot\u00e9ger leurs terres convoit\u00e9es par des compagnies p\u00e9troli\u00e8res&#8230;&nbsp;<\/p>\n\n<p>A l\u2019occasion de la journ\u00e9e internationale des femmes, j\u2019invite chacun \u00e0 s\u2019interroger \u00e0 propos des injustices \u00e9ventuelles que rencontrent certaines femmes, partout dans le monde, dans leur vie quotidienne, sur leur lieu de travail, dans leur combat pour une politique climatique juste et des droits \u00e9quitables de fa\u00e7on plus g\u00e9n\u00e9rale.&nbsp;<\/p>\n\n<h3 class=\"wp-block-heading\">Sarah, coordinatrice du recrutement en rue, 27 ans<\/h3>\n\n<figure class=\"wp-block-image size-large  caption-style-blue-overlay caption-alignment-center\"><img loading=\"lazy\" decoding=\"async\" width=\"999\" height=\"663\" src=\"https:\/\/www.greenpeace.org\/static\/planet4-belgium-stateless\/2020\/03\/ab95a12d-sarah_lauwaert.jpg\" alt=\"Journ\u00e9e internationale des femmes : 5 coll\u00e8gues \u00e0 l\u2019honneur\" class=\"wp-image-9464\" srcset=\"https:\/\/www.greenpeace.org\/static\/planet4-belgium-stateless\/2020\/03\/ab95a12d-sarah_lauwaert.jpg 999w, https:\/\/www.greenpeace.org\/static\/planet4-belgium-stateless\/2020\/03\/ab95a12d-sarah_lauwaert-300x199.jpg 300w, https:\/\/www.greenpeace.org\/static\/planet4-belgium-stateless\/2020\/03\/ab95a12d-sarah_lauwaert-768x510.jpg 768w, https:\/\/www.greenpeace.org\/static\/planet4-belgium-stateless\/2020\/03\/ab95a12d-sarah_lauwaert-510x338.jpg 510w\" sizes=\"auto, (max-width: 999px) 100vw, 999px\" \/><\/figure>\n\n<p>J\u2019ai grandi en Su\u00e8de et cela a influenc\u00e9 ma relation avec le climat, l&rsquo;\u00e9galit\u00e9 et la justice. Enfant, \u00e0 l\u2019\u00e9cole, nous quittions souvent la classe pour nous retrouver en pleine nature ce qui nous a permis d\u2019apprendre \u00e0 la conna\u00eetre et \u00e0 la prot\u00e9ger. On nous a appris que la cl\u00e9 d&rsquo;une soci\u00e9t\u00e9 en bonne sant\u00e9 commence par un climat sain et que la nature fait partie de notre h\u00e9ritage. Avec tout cela, j\u2019ai appris \u00e0 \u00eatre plus sensible \u00e0 tout ce qui touche le climat, ce qui a jet\u00e9 les bases de ma propre volont\u00e9 \u00e0 vouloir oeuvrer pour plus de justice climatique.&nbsp;<\/p>\n\n<p>J\u2019ai ensuite entam\u00e9 des \u00e9tudes dans le domaine de la mode. Et j\u2019ai utilis\u00e9 la mode comme un moyen pour communiquer \u00e0 propos de la crise climatique. Allant \u00e0 l&rsquo;encontre des attentes de mon d\u00e9partement, j\u2019ai tenu \u00e0 cr\u00e9er une collection qui me permettait de r\u00e9veiller les consciences politiques et d\u2019apporter une contribution sur le plan social. Concr\u00e8tement, ce que nous portons a une grande influence, non seulement sur nous-m\u00eames et nos proches mais aussi sur notre environnement. En tant que cr\u00e9atrice, cette contribution \u00e0 la justice climatique \u00e9tait importante pour moi, et je me suis profil\u00e9e comme une militante de la mode.<\/p>\n\n<p>Quelques ann\u00e9es plus tard, mon intuition m&rsquo;a guid\u00e9e vers une ONG qui m&rsquo;a toujours impressionn\u00e9e. Je connaissais Greenpeace par ses activistes, ses histoires de sauvetage de baleines et ses m\u00e9thodes \u00e9prouv\u00e9es pour atteindre des objectifs pour lesquels je ressens les m\u00eames valeurs. Avant de m&rsquo;en rendre compte, j&rsquo;\u00e9tais dans la rue \u00e0 recruter pour Greenpeace. \u00catre entour\u00e9e de personnes qui travaillent ensemble pour la justice climatique m&rsquo;apporte de la joie et le sentiment d&rsquo;\u00eatre chez moi.<\/p>\n\n<p>Pour Greenpeace, la justice climatique est un \u00e9l\u00e9ment crucial. Or, la crise climatique actuelle accentue certaines in\u00e9galit\u00e9s.&nbsp; A titre d\u2019exemple, dans plusieurs r\u00e9gions du monde, le changement climatique affecte les femmes d\u2019une mani\u00e8re disproportionn\u00e9e, notamment par le r\u00f4le pr\u00e9pond\u00e9rant qu\u2019elles jouent au niveau de la s\u00e9curit\u00e9 alimentaire. <a href=\"https:\/\/www.greenpeace.org\/belgium\/fr\/blog\/9374\/4-raisons-pour-lesquelles-nous-militants-du-climat-participerons-a-la-marche-des-femmes\/\">C\u2019est une des nombreuses raisons pour lesquelles Greenpeace oeuvre au quotidien en faveur du climat et de la justice climatique<\/a>.  <\/p>\n\n<a class=\"cta-blog-button\" href=\"https:\/\/www.greenpeace.org\/belgium\/fr\/agir\/suivez-lactualite-de-nos-campagnes\/\" target=\"_blank\" rel=\"noopener noreferrer\">Je m\u2019inscris \u00e0 la newsletter<\/a>\n\n<span class=\"shareSocialArea\">\n<a class=\"shareFacebook\" href=\"https:\/\/www.facebook.com\/sharer\/sharer.php?u=https:\/\/www.greenpeace.org\/belgium\/fr\/blog\/9463\/journee-internationale-des-femmes-5-collegues-a-lhonneur\/\" target=\"_blank\" rel=\"noopener noreferrer\">Je partage sur Facebook<\/a>\n<a class=\"shareTwitter\" href=\"https:\/\/twitter.com\/share?url=https:\/\/www.greenpeace.org\/belgium\/fr\/blog\/9463\/journee-internationale-des-femmes-5-collegues-a-lhonneur\/&amp;text=Journ%C3%A9e%20internationale%20des%20femmes%20:%205%20coll%C3%A8gues%20%C3%A0%20l%E2%80%99honneur%20-%20A%20l%E2%80%99occasion%20de%20la%20journ%C3%A9e%20internationale%20de%20la%20femme,%20nous%20mettons%20%C3%A0%20l%E2%80%99honneur%20cinq%20femmes%20qui%20travaillent%20toutes%20chez%20Greenpeace.%20via%20@greenpeace_be&amp;related=greenpeace_be\" target=\"_blank\" rel=\"noopener noreferrer\">Je partage sur Twitter<\/a>\n<a class=\"shareWhatsapp\" href=\"https:\/\/api.whatsapp.com\/send?text=Journ%C3%A9e+internationale+des+femmes+%3A+5+coll%C3%A8gues+%C3%A0+l%E2%80%99honneur+https%3A%2F%2Fwww.greenpeace.org%2Fbelgium%2Ffr%2Fblog%2F9463%2Fjournee-internationale-des-femmes-5-collegues-a-lhonneur%2F\" target=\"_blank\" rel=\"noopener noreferrer\">Je partage sur Whatsapp<\/a>\n<\/span>\n\n<table class=\"hideme\" style=\"width: 100%;\" width=\"100%\">\n<tbody>\n<tr style=\"width: 100%;\">\n<td class=\"icon\"><a href=\"https:\/\/www.facebook.com\/greenpeace.belgium\" target=\"_blank\" rel=\"noopener noreferrer\">\n<img decoding=\"async\" title=\"Facebook\" src=\"https:\/\/www.greenpeace.org\/static\/planet4-belgium-stateless\/2019\/09\/09281872-fb.png\" alt=\"Facebook\" width=\"100%\">\n<\/a><\/td>\n<td class=\"name\"><a href=\"https:\/\/www.facebook.com\/greenpeace.belgium\" target=\"_blank\" rel=\"noopener noreferrer\">\nFacebook\n<\/a><\/td>\n<td class=\"icon\"><a href=\"https:\/\/www.instagram.com\/greenpeace_be\/\" target=\"_blank\" rel=\"noopener noreferrer\">\n<img decoding=\"async\" title=\"Instagram\" src=\"https:\/\/www.greenpeace.org\/static\/planet4-belgium-stateless\/2019\/09\/89871ad4-insta.png\" alt=\"Instagram\" width=\"100%\">\n<\/a><\/td>\n<td class=\"name\"><a href=\"https:\/\/www.instagram.com\/greenpeace_be\/\" target=\"_blank\" rel=\"noopener noreferrer\">\nInstagram\n<\/a><\/td>\n<td class=\"icon\"><a href=\"https:\/\/twitter.com\/greenpeace_be\" target=\"_blank\" rel=\"noopener noreferrer\">\n<img decoding=\"async\" title=\"Twitter\" src=\"https:\/\/www.greenpeace.org\/static\/planet4-belgium-stateless\/2019\/09\/aebb8c6a-tw.png\" alt=\"Twitter\" width=\"100%\">\n<\/a><\/td>\n<td class=\"name\"><a href=\"https:\/\/twitter.com\/greenpeace_be\" target=\"_blank\" rel=\"noopener noreferrer\">\nTwitter\n<\/a><\/td>\n<td class=\"icon\"><a href=\"https:\/\/www.youtube.com\/user\/GreenpeaceBelgium\" target=\"_blank\" rel=\"noopener noreferrer\">\n<img decoding=\"async\" title=\"YouTube\" src=\"https:\/\/www.greenpeace.org\/static\/planet4-belgium-stateless\/2019\/09\/4fd7759c-yt.png\" alt=\"YouTube\" width=\"100%\">\n<\/a><\/td>\n<td class=\"name\"><a href=\"https:\/\/www.youtube.com\/user\/GreenpeaceBelgium\" target=\"_blank\" rel=\"noopener noreferrer\">\nYouTube\n<\/a><\/td>\n<\/tr>\n<\/tbody>\n<\/table>\n<div class=\"EmptyMessage\">Block content is empty. Check the block&rsquo;s settings or remove it.<\/div>","protected":false},"excerpt":{"rendered":"<p>A l\u2019occasion de la journ\u00e9e internationale des femmes, ce 8 mars, nous mettons \u00e0 l\u2019honneur cinq femmes qui travaillent toutes chez Greenpeace. Si elles ont des fonctions vari\u00e9es, leur objectif&hellip;<\/p>\n","protected":false},"author":49,"featured_media":9486,"comment_status":"closed","ping_status":"closed","sticky":false,"template":"","format":"standard","meta":{"ep_exclude_from_search":false,"p4_og_title":"Journ\u00e9e internationale des femmes : 5 coll\u00e8gues \u00e0 l\u2019honneur","p4_og_description":"A l\u2019occasion de la journ\u00e9e internationale de la femme, nous mettons \u00e0 l\u2019honneur cinq femmes qui travaillent toutes chez Greenpeace.","p4_og_image":"","p4_og_image_id":"","p4_seo_canonical_url":"","p4_campaign_name":"not set","p4_local_project":"","p4_basket_name":"not set","p4_department":"","footnotes":""},"categories":[107],"tags":[70,86],"p4-page-type":[116],"class_list":["post-9463","post","type-post","status-publish","format-standard","has-post-thumbnail","hentry","category-ensemble-nous-sommes-la-solution","tag-energie","tag-climat","p4-page-type-actualites-blog"],"_links":{"self":[{"href":"https:\/\/www.greenpeace.org\/belgium\/fr\/wp-json\/wp\/v2\/posts\/9463","targetHints":{"allow":["GET"]}}],"collection":[{"href":"https:\/\/www.greenpeace.org\/belgium\/fr\/wp-json\/wp\/v2\/posts"}],"about":[{"href":"https:\/\/www.greenpeace.org\/belgium\/fr\/wp-json\/wp\/v2\/types\/post"}],"author":[{"embeddable":true,"href":"https:\/\/www.greenpeace.org\/belgium\/fr\/wp-json\/wp\/v2\/users\/49"}],"replies":[{"embeddable":true,"href":"https:\/\/www.greenpeace.org\/belgium\/fr\/wp-json\/wp\/v2\/comments?post=9463"}],"version-history":[{"count":8,"href":"https:\/\/www.greenpeace.org\/belgium\/fr\/wp-json\/wp\/v2\/posts\/9463\/revisions"}],"predecessor-version":[{"id":25391,"href":"https:\/\/www.greenpeace.org\/belgium\/fr\/wp-json\/wp\/v2\/posts\/9463\/revisions\/25391"}],"wp:featuredmedia":[{"embeddable":true,"href":"https:\/\/www.greenpeace.org\/belgium\/fr\/wp-json\/wp\/v2\/media\/9486"}],"wp:attachment":[{"href":"https:\/\/www.greenpeace.org\/belgium\/fr\/wp-json\/wp\/v2\/media?parent=9463"}],"wp:term":[{"taxonomy":"category","embeddable":true,"href":"https:\/\/www.greenpeace.org\/belgium\/fr\/wp-json\/wp\/v2\/categories?post=9463"},{"taxonomy":"post_tag","embeddable":true,"href":"https:\/\/www.greenpeace.org\/belgium\/fr\/wp-json\/wp\/v2\/tags?post=9463"},{"taxonomy":"p4-page-type","embeddable":true,"href":"https:\/\/www.greenpeace.org\/belgium\/fr\/wp-json\/wp\/v2\/p4-page-type?post=9463"}],"curies":[{"name":"wp","href":"https:\/\/api.w.org\/{rel}","templated":true}]}}