{"id":9496,"date":"2020-03-05T14:03:34","date_gmt":"2020-03-05T13:03:34","guid":{"rendered":"https:\/\/www.greenpeace.org\/belgium\/?p=9496"},"modified":"2020-03-05T14:03:35","modified_gmt":"2020-03-05T13:03:35","slug":"greta-thunberg-et-les-jeunes-en-rue-pour-une-loi-climat-ambitieuse","status":"publish","type":"post","link":"https:\/\/www.greenpeace.org\/belgium\/fr\/communique-de-presse\/9496\/greta-thunberg-et-les-jeunes-en-rue-pour-une-loi-climat-ambitieuse\/","title":{"rendered":"Greta Thunberg et les jeunes en rue pour une loi climat ambitieuse"},"content":{"rendered":"\n<p><strong>Ce vendredi 6 mars, Greta Thunberg marchera aux c\u00f4t\u00e9s des jeunes de Youth for Climate et des militants de 25 pays de l&rsquo;Union Europ\u00e9enne. Ensemble, ils viendront dire combien ils sont furieux face au manque d\u2019ambition climatique dont font preuve les \u00c9tats membres europ\u00e9ens. Greenpeace soutient leur d\u00e9marche et sera pr\u00e9sente \u00e0 leurs c\u00f4t\u00e9s lors de la marche europ\u00e9enne pour le climat organis\u00e9e ce vendredi \u00e0 Bruxelles.<\/strong><\/p>\n\n<p>Pour rappel, le mouvement des \u00ab\u00a0Vendredis pour l\u2019Avenir\u00a0\u00bb a \u00e9t\u00e9 \u00e0 l\u2019avant-garde de la promotion d\u2019une plus grande ambition climatique en Europe. Malgr\u00e9 leurs protestations et leur action constante, c\u2019est toute une g\u00e9n\u00e9ration qui se sent ignor\u00e9e. C&rsquo;est pourquoi Greta Thunberg, en collaboration avec Youth for Climate et de jeunes activistes de 25 \u00c9tats membres de l&rsquo;UE, ira manifester dans les rues de Bruxelles avec le soutien d&rsquo;un mouvement europ\u00e9en de ceux qui r\u00e9clament du changement.<\/p>\n\n<p>Cette ann\u00e9e est une ann\u00e9e critique pour concr\u00e9tiser l&rsquo;accord de Paris, dans lequel tous les pays se sont engag\u00e9s \u00e0 limiter le r\u00e9chauffement climatique et \u00e0 \u00e9viter la d\u00e9gradation du climat. Avant la Conf\u00e9rence des Nations Unies sur le climat, la COP26, en novembre prochain, l\u2019Union Europ\u00e9enne doit \u00e0 nouveau soumettre des engagements de r\u00e9duction des \u00e9missions de CO2. Et le temps presse.<\/p>\n\n<h3 class=\"wp-block-heading\">Ambition de l\u2019Union europ\u00e9enne ?<\/h3>\n\n<p>Youth for Climate et Students for Climate consid\u00e8rent la proposition actuelle comme du \u00abgreenwashing\u00bb.&nbsp; Greta Thunberg a soulign\u00e9 toutes les incertitudes du plan de la Commission.<\/p>\n\n<p>Le changement climatique est pourtant une r\u00e9alit\u00e9. Nous dirigeons actuellement vers un r\u00e9chauffement de la temp\u00e9rature de 3 \u00b0C. Hier soir devant le Parlement europ\u00e9en, <a href=\"https:\/\/twitter.com\/GreenpeaceEU\/status\/1235279083115810817\">Greta Thunberg<\/a> d\u00e9clarait dans son discours: \u00ab\u00a0<em>Si l&rsquo;UE propose une loi sur le climat dans le but d&rsquo;\u00eatre neutre en carbone seulement d&rsquo;ici 2050, vous renoncez et abandonnerez l&rsquo;accord de Paris sur le clima<\/em>t.\u00a0\u00bb<\/p>\n\n<p>L&rsquo;UE doit r\u00e9duire ses \u00e9missions de gaz \u00e0 effet de serre d&rsquo;au moins 65% d&rsquo;ici 2030. L&rsquo;Europe doit atteindre la neutralit\u00e9 carbone d&rsquo;ici 2040 au plus tard &#8211; et pas d&rsquo;ici 2050. Actuellement, l&rsquo;UE ne respecte pas ses propres engagements.<\/p>\n\n<p>L&rsquo;accord vert europ\u00e9en ne sera pas, dans sa forme actuelle, un accord socialement juste. L&rsquo;UE annonce dans le Green Deal qu&rsquo;elle mettra en place une politique climatique \u00e9quitable et non-excluante. Cependant, le plan financier pour une transition sociale est vague et manque de substance pour tenir ses promesses.<\/p>\n\n<p>Greta Thunberg et Youth for Climate exigent que l&rsquo;Europe prenne ses responsabilit\u00e9s. Greenpeace s\u2019associe \u00e0 leur demande.<\/p>\n\n<p><strong>Youth for Climate <\/strong><strong>&nbsp;&#8211; <\/strong><strong>Students for Climate <\/strong><strong>&nbsp;&#8211; <\/strong><strong>Teachers for Climate <\/strong><strong>&nbsp;&#8211; <\/strong><strong>Workers for Climate <\/strong><strong>&nbsp;&#8211; <\/strong><strong>Rise for Climate <\/strong><strong>&nbsp;&#8211; <\/strong><strong>Grootouders voor het Klimaat <\/strong><strong>&nbsp;&#8211; <\/strong><strong>All for Climate<\/strong><\/p>\n\n<p>Rassemblement \u00e0 14h Carrefour de l\u2019Europe \u00e0 1000 Bruxelles (Gare Centrale)<\/p>\n\n<p>Service presse Greenpeace :&nbsp; 0496 26 31 91<\/p>\n\n<table class=\"hideme\" style=\"width: 100%;\" width=\"100%\">\n<tbody>\n<tr style=\"width: 100%;\">\n<td class=\"icon\"><a href=\"https:\/\/www.facebook.com\/greenpeace.belgium\" target=\"_blank\" rel=\"noopener noreferrer\">\n<img decoding=\"async\" title=\"Facebook\" src=\"https:\/\/www.greenpeace.org\/static\/planet4-belgium-stateless\/2019\/09\/09281872-fb.png\" alt=\"Facebook\" width=\"100%\">\n<\/a><\/td>\n<td class=\"name\"><a href=\"https:\/\/www.facebook.com\/greenpeace.belgium\" target=\"_blank\" rel=\"noopener noreferrer\">\nFacebook\n<\/a><\/td>\n<td class=\"icon\"><a href=\"https:\/\/www.instagram.com\/greenpeace_be\/\" target=\"_blank\" rel=\"noopener noreferrer\">\n<img decoding=\"async\" title=\"Instagram\" src=\"https:\/\/www.greenpeace.org\/static\/planet4-belgium-stateless\/2019\/09\/89871ad4-insta.png\" alt=\"Instagram\" width=\"100%\">\n<\/a><\/td>\n<td class=\"name\"><a href=\"https:\/\/www.instagram.com\/greenpeace_be\/\" target=\"_blank\" rel=\"noopener noreferrer\">\nInstagram\n<\/a><\/td>\n<td class=\"icon\"><a href=\"https:\/\/twitter.com\/greenpeace_be\" target=\"_blank\" rel=\"noopener noreferrer\">\n<img decoding=\"async\" title=\"Twitter\" src=\"https:\/\/www.greenpeace.org\/static\/planet4-belgium-stateless\/2019\/09\/aebb8c6a-tw.png\" alt=\"Twitter\" width=\"100%\">\n<\/a><\/td>\n<td class=\"name\"><a href=\"https:\/\/twitter.com\/greenpeace_be\" target=\"_blank\" rel=\"noopener noreferrer\">\nTwitter\n<\/a><\/td>\n<td class=\"icon\"><a href=\"https:\/\/www.youtube.com\/user\/GreenpeaceBelgium\" target=\"_blank\" rel=\"noopener noreferrer\">\n<img decoding=\"async\" title=\"YouTube\" src=\"https:\/\/www.greenpeace.org\/static\/planet4-belgium-stateless\/2019\/09\/4fd7759c-yt.png\" alt=\"YouTube\" width=\"100%\">\n<\/a><\/td>\n<td class=\"name\"><a href=\"https:\/\/www.youtube.com\/user\/GreenpeaceBelgium\" target=\"_blank\" rel=\"noopener noreferrer\">\nYouTube\n<\/a><\/td>\n<\/tr>\n<\/tbody>\n<\/table>\n\n","protected":false},"excerpt":{"rendered":"<p>Ce vendredi 6 mars, Greta Thunberg marchera aux c\u00f4t\u00e9s des jeunes de Youth for Climate et des militants de 25 pays de l&rsquo;Union Europ\u00e9enne. Ensemble, ils viendront dire combien ils&hellip;<\/p>\n","protected":false},"author":49,"featured_media":271,"comment_status":"closed","ping_status":"closed","sticky":false,"template":"","format":"standard","meta":{"ep_exclude_from_search":false,"p4_og_title":"Greta Thunberg et les jeunes en rue pour une loi climat ambitieuse","p4_og_description":"Ce vendredi 6 mars, Greta Thunberg marchera aux c\u00f4t\u00e9s des jeunes de Youth for Climate et des militants de 25 pays de l'Union Europ\u00e9enne.","p4_og_image":"","p4_og_image_id":"","p4_seo_canonical_url":"","p4_campaign_name":"not set","p4_local_project":"","p4_basket_name":"not set","p4_department":"","footnotes":""},"categories":[1],"tags":[86],"p4-page-type":[117],"class_list":["post-9496","post","type-post","status-publish","format-standard","has-post-thumbnail","hentry","category-non-classifiee","tag-climat","p4-page-type-communique-de-presse"],"_links":{"self":[{"href":"https:\/\/www.greenpeace.org\/belgium\/fr\/wp-json\/wp\/v2\/posts\/9496","targetHints":{"allow":["GET"]}}],"collection":[{"href":"https:\/\/www.greenpeace.org\/belgium\/fr\/wp-json\/wp\/v2\/posts"}],"about":[{"href":"https:\/\/www.greenpeace.org\/belgium\/fr\/wp-json\/wp\/v2\/types\/post"}],"author":[{"embeddable":true,"href":"https:\/\/www.greenpeace.org\/belgium\/fr\/wp-json\/wp\/v2\/users\/49"}],"replies":[{"embeddable":true,"href":"https:\/\/www.greenpeace.org\/belgium\/fr\/wp-json\/wp\/v2\/comments?post=9496"}],"version-history":[{"count":1,"href":"https:\/\/www.greenpeace.org\/belgium\/fr\/wp-json\/wp\/v2\/posts\/9496\/revisions"}],"predecessor-version":[{"id":9497,"href":"https:\/\/www.greenpeace.org\/belgium\/fr\/wp-json\/wp\/v2\/posts\/9496\/revisions\/9497"}],"wp:featuredmedia":[{"embeddable":true,"href":"https:\/\/www.greenpeace.org\/belgium\/fr\/wp-json\/wp\/v2\/media\/271"}],"wp:attachment":[{"href":"https:\/\/www.greenpeace.org\/belgium\/fr\/wp-json\/wp\/v2\/media?parent=9496"}],"wp:term":[{"taxonomy":"category","embeddable":true,"href":"https:\/\/www.greenpeace.org\/belgium\/fr\/wp-json\/wp\/v2\/categories?post=9496"},{"taxonomy":"post_tag","embeddable":true,"href":"https:\/\/www.greenpeace.org\/belgium\/fr\/wp-json\/wp\/v2\/tags?post=9496"},{"taxonomy":"p4-page-type","embeddable":true,"href":"https:\/\/www.greenpeace.org\/belgium\/fr\/wp-json\/wp\/v2\/p4-page-type?post=9496"}],"curies":[{"name":"wp","href":"https:\/\/api.w.org\/{rel}","templated":true}]}}