{"id":9777,"date":"2020-03-27T12:23:00","date_gmt":"2020-03-27T11:23:00","guid":{"rendered":"https:\/\/www.greenpeace.org\/belgium\/?p=9777"},"modified":"2020-03-27T13:57:40","modified_gmt":"2020-03-27T12:57:40","slug":"la-reponse-a-la-crise-du-covid-19-peut-rendre-notre-societe-plus-forte-et-plus-juste","status":"publish","type":"post","link":"https:\/\/www.greenpeace.org\/belgium\/fr\/actualites-blog\/9777\/la-reponse-a-la-crise-du-covid-19-peut-rendre-notre-societe-plus-forte-et-plus-juste\/","title":{"rendered":"La r\u00e9ponse \u00e0 la crise du Covid-19 peut rendre notre soci\u00e9t\u00e9 plus forte et plus juste"},"content":{"rendered":"\n<p><strong>La pand\u00e9mie \u00e0 laquelle nous sommes confront\u00e9s aujourd\u2019hui montre \u00e0 quel point notre soci\u00e9t\u00e9 mondialis\u00e9e est vuln\u00e9rable. En prenant des mesures de protection sanitaires strictes, la Belgique, comme d\u2019autres pays, met tout en \u0153uvre pour \u00e9viter le pire. Dans le m\u00eame temps, notre gouvernement prend, avec le <em>Economic Risk Management Group<\/em>, des d\u00e9cisions pour maintenir l\u2019\u00e9conomie \u00e0 flot, conform\u00e9ment \u00e0 la politique de la Commission europ\u00e9enne et de la Banque centrale europ\u00e9enne.<\/strong><\/p>\n\t\t\t<section\n\t\t\tclass=\"boxout  \"\n\t\t\t\n\t\t>\n\t\t\t<a\n\t\t\t\tdata-ga-category=\"Take Action Boxout\"\n\t\t\t\tdata-ga-action=\"Image\"\n\t\t\t\tdata-ga-label=\"n\/a\"\n\t\t\t\tclass=\"cover-card-overlay\"\n\t\t\t\thref=\"https:\/\/www.greenpeace.org\/static\/planet4-belgium-stateless\/2020\/03\/9d93a86e-27032020_briefing_covid19_fr.pdf\" \n\t\t\t><\/a>\n\t\t\t\t\t\t\t<img\n\t\t\t\t\t\tsrc=\"https:\/\/www.greenpeace.org\/static\/planet4-belgium-stateless\/2020\/03\/29967985-covid_general.jpg\"\n\t\t\t\t\t\tsrcset=\"https:\/\/www.greenpeace.org\/static\/planet4-belgium-stateless\/2020\/03\/29967985-covid_general-300x199.jpg 300w, https:\/\/www.greenpeace.org\/static\/planet4-belgium-stateless\/2020\/03\/29967985-covid_general-768x510.jpg 768w, https:\/\/www.greenpeace.org\/static\/planet4-belgium-stateless\/2020\/03\/29967985-covid_general-510x338.jpg 510w, https:\/\/www.greenpeace.org\/static\/planet4-belgium-stateless\/2020\/03\/29967985-covid_general.jpg 999w\"\n\t\t\t\t\t\tsizes=\"(min-width: 1000px) 358px, (min-width: 780px) 313px, 88px\"\n\t\t\t\t\t\talt=\"\" title=\"\"\n\t\t\t\t\/>\n            \t\t\t<div class=\"boxout-content\">\n\t\t\t\t\t\t\t\t\t<a\n\t\t\t\t\t\tclass=\"boxout-heading medium\"\n\t\t\t\t\t\tdata-ga-category=\"Take Action Boxout\"\n\t\t\t\t\t\tdata-ga-action=\"Title\"\n\t\t\t\t\t\tdata-ga-label=\"n\/a\"\n\t\t\t\t\t\thref=\"https:\/\/www.greenpeace.org\/static\/planet4-belgium-stateless\/2020\/03\/9d93a86e-27032020_briefing_covid19_fr.pdf\"\n\t\t\t\t\t\t\n\t\t\t\t\t>\n\t\t\t\t\t\tBriefing au format pdf\n\t\t\t\t\t<\/a>\n\t\t\t\t\t\t\t\t                                    <a\n                        class=\"btn btn-primary\"\n                        data-ga-category=\"Take Action Boxout\"\n                        data-ga-action=\"Call to Action\"\n                        data-ga-label=\"n\/a\"\n                        href=\"https:\/\/www.greenpeace.org\/static\/planet4-belgium-stateless\/2020\/03\/9d93a86e-27032020_briefing_covid19_fr.pdf\"\n                        \n                    >\n                        Je t\u00e9l\u00e9charge\n                    <\/a>\n                \t\t\t<\/div>\n\t\t\t\t\t<\/section>\n\t\n<figure class=\"wp-block-image size-large  caption-style-blue-overlay caption-alignment-center\"><img loading=\"lazy\" decoding=\"async\" width=\"999\" height=\"663\" src=\"https:\/\/www.greenpeace.org\/static\/planet4-belgium-stateless\/2020\/03\/4280f29e-solidarity3.jpg\" alt=\"La r\u00e9ponse \u00e0 la crise du Covid-19 peut rendre notre soci\u00e9t\u00e9 plus forte et plus juste\" class=\"wp-image-9568\" srcset=\"https:\/\/www.greenpeace.org\/static\/planet4-belgium-stateless\/2020\/03\/4280f29e-solidarity3.jpg 999w, https:\/\/www.greenpeace.org\/static\/planet4-belgium-stateless\/2020\/03\/4280f29e-solidarity3-300x199.jpg 300w, https:\/\/www.greenpeace.org\/static\/planet4-belgium-stateless\/2020\/03\/4280f29e-solidarity3-768x510.jpg 768w, https:\/\/www.greenpeace.org\/static\/planet4-belgium-stateless\/2020\/03\/4280f29e-solidarity3-510x338.jpg 510w\" sizes=\"auto, (max-width: 999px) 100vw, 999px\" \/><\/figure>\n\n<span class=\"mid-button-fix\"><a class=\"cta-blog-button-mid\" href=\"https:\/\/www.greenpeace.org\/static\/planet4-belgium-stateless\/2020\/03\/9d93a86e-27032020_briefing_covid19_fr.pdf\" target=\"_blank\" rel=\"noopener noreferrer\">Lire le briefing au format pdf<\/a><\/span>\n\n<p>Greenpeace pr\u00e9conise que toutes les mesures de lutte contre le virus Covid-19 soient durables et s\u2019attaquent aux in\u00e9galit\u00e9s et aux dommages environnementaux irr\u00e9m\u00e9diables caus\u00e9s par le mod\u00e8le socio-\u00e9conomique actuel. Le Secr\u00e9taire g\u00e9n\u00e9ral des Nations Unies, Ant\u00f3nio Guterres<a href=\"https:\/\/www.mo.be\/nieuws\/vn-economisch-herstel-na-coronacrisis-moet-duurzamer\"> le formule comme suit<\/a> : <em>\u00ab Nous avons la responsabilit\u00e9<\/em><em> de mieux nous redresser qu\u2019apr\u00e8s la crise financi\u00e8re de 2008. \u00bb<\/em><\/p>\n\n<p>Comme beaucoup d\u2019autres acteurs, Greenpeace demande de consentir toutes les d\u00e9penses n\u00e9cessaires pour construire une soci\u00e9t\u00e9 meilleure et plus r\u00e9sistante. Cela signifie : une soci\u00e9t\u00e9, fond\u00e9e sur de meilleurs soins de sant\u00e9, de meilleures normes de travail et une meilleure protection sociale et environnementale. Le soutien \u00e9conomique \u00e0 court terme doit donc s\u2019inscrire dans le cadre de ces priorit\u00e9s \u00e0 long terme pour notre soci\u00e9t\u00e9. En temps de crise, il est d\u2019autant plus important de garder le cap \u00e0 long terme.&nbsp;<\/p>\n\n<p>La crise actuelle et les probl\u00e8mes \u00e9conomiques qui en r\u00e9sultent montrent plus que jamais que la <strong>transition sociale et \u00e9conomique doit \u00eatre \u00e0 la fois \u00e9quitable et verte<\/strong>. \u00c0 l\u2019\u00e9chelon belge comme europ\u00e9en, les d\u00e9penses consenties et les d\u00e9cisions prises dans le contexte de la crise du Covid-19 doivent :<\/p>\n\n<p>\u00b7 <strong>S\u2019appuyer sur les<\/strong><a href=\"https:\/\/europa.eu\/european-union\/about-eu\/eu-in-brief_fr\"><strong> <\/strong><strong>valeurs<\/strong><\/a><strong> de l\u2019UE telles que la d\u00e9mocratie et l\u2019\u00e9galit\u00e9<\/strong> qui sont inscrites dans les trait\u00e9s europ\u00e9ens, ainsi que sur la<a href=\"https:\/\/www.europarl.europa.eu\/charter\/pdf\/text_fr.pdf\"> Charte des droits fondamentaux<\/a> de l\u2019Union europ\u00e9enne et sur le<a href=\"https:\/\/ec.europa.eu\/commission\/priorities\/deeper-and-fairer-economic-and-monetary-union\/european-pillar-social-rights_fr\"> Socle europ\u00e9en des droits sociaux<\/a>&nbsp;<\/p>\n\n<p>\u00b7 <strong>S\u2019appuyer sur le souci et le respect d\u2019autrui, de la nature, de l\u2019environnement et sur la science<\/strong>. Le<a href=\"http:\/\/www.euro.who.int\/fr\/health-topics\/health-emergencies\/coronavirus-covid-19\/news\/news\/2020\/3\/who-announces-covid-19-outbreak-a-pandemic\"> directeur r\u00e9gional de l\u2019Organisation mondiale de la Sant\u00e9 pour l\u2019Europe<\/a>, a d\u00e9clar\u00e9 qu\u2019en des temps comme ceux-ci, \u00ab <em>il ne fait aucun doute que le bon vieux principe de pr\u00e9caution doit guider nos d\u00e9cisions \u00bb ;<\/em><\/p>\n\n<p>\u00b7 <strong>\u00catre en accord avec l\u2019accord de Paris sur le changement climatique<\/strong> : subventions \u00e9nerg\u00e9tiques, financements dans le cadre de la politique agricole commune de l\u2019UE et fonds structurels et de coh\u00e9sion ;<\/p>\n\n<p>\u00b7 <strong>Investir dans les ressources humaines<\/strong> et emp\u00eacher les industries polluantes de recevoir un financement public inconditionnel. L\u2019argent public doit \u00eatre prioritairement investi dans un nouveau d\u00e9part et nous aider \u00e0 transformer notre soci\u00e9t\u00e9 en une soci\u00e9t\u00e9 dans laquelle nous nous soucions r\u00e9ellement les uns des autres et de toutes les formes de vie sur notre plan\u00e8te.<\/p>\n\n<h3 class=\"wp-block-heading\">Se concentrer sur les gens, pas sur les grands pollueurs<\/h3>\n\n<p>Veiller \u00e0 ce que les personnes dans le besoin \u00e0 la suite de la crise Covid-19 re\u00e7oivent une <strong>indemnisation ad\u00e9quate, <\/strong>en accordant une attention particuli\u00e8re \u00e0 celles qui \u00e9taient d\u00e9j\u00e0 dans une position vuln\u00e9rable avant la crise. La politique de sant\u00e9 publique doit placer les int\u00e9r\u00eats des plus d\u00e9munis au c\u0153ur de ses pr\u00e9occupations afin d\u2019\u00e9viter le risque d\u2019une aggravation des in\u00e9galit\u00e9s et des niveaux de pauvret\u00e9, comme ce fut le cas apr\u00e8s la crise financi\u00e8re de 2008.<\/p>\n\n<p>Opter pour une <strong>refonte en profondeur<\/strong> des d\u00e9penses provisoires et des budgets, ainsi que des r\u00e9gimes fiscaux pour relever les d\u00e9fis auxquels nous sommes confront\u00e9s et apporter de nouvelles r\u00e9ponses aux in\u00e9galit\u00e9s croissantes. Au lieu d\u2019essayer de combler les lacunes du mod\u00e8le \u00e9conomique actuel, nous devons investir dans des syst\u00e8mes qui soutiennent les personnes, la nature et la plan\u00e8te. Concr\u00e8tement, cela signifie investir pleinement dans une transition \u00e9quitable, verte et communautaire qui nous conduira vers une \u00e9conomie d\u00e9carbon\u00e9e, une fiscalit\u00e9 \u00e9quitable et verte, des emplois de qualit\u00e9 qui soutiennent les personnes m\u00eame en temps de crise, et des services publics trait\u00e9s comme des biens publics essentiels, tels que les soins de sant\u00e9, l\u2019\u00e9ducation et l\u2019aide sociale pour tous, des transports publics accessibles \u00e0 tous et l\u2019acc\u00e8s pour tous aux institutions culturelles.<\/p>\n\n<p>Cesser de d\u00e9truire notre soci\u00e9t\u00e9, \u00e0 court et \u00e0 long termes, et commencer \u00e0 promouvoir le bien-\u00eatre. Faire du<a href=\"https:\/\/ec.europa.eu\/info\/business-economy-euro\/economic-and-fiscal-policy-coordination\/eu-economic-governance-monitoring-prevention-correction\/stability-and-growth-pact_fr\"> Pacte de stabilit\u00e9 et de croissance<\/a> de l\u2019UE un <strong>pacte socio-\u00e9cologique<\/strong> qui donne la priorit\u00e9 au bien-\u00eatre des personnes ainsi qu\u2019\u00e0 la pr\u00e9servation et \u00e0 la protection de notre environnement naturel, et investit dans ces domaines. Les directives europ\u00e9ennes sur les d\u00e9penses des institutions financi\u00e8res et des entreprises doivent \u00eatre adapt\u00e9es : des clauses sociales doivent \u00eatre ajout\u00e9es pour prot\u00e9ger les droits des travailleurs, et les activit\u00e9s nuisibles \u00e0 notre environnement et \u00e0 notre sant\u00e9 doivent \u00eatre exclues. Les pays de l\u2019UE doivent \u00eatre rendus responsables de la construction d\u2019une soci\u00e9t\u00e9 juste, de la fourniture d\u2019un environnement sain et de la garantie d\u2019une plan\u00e8te vivable pour les g\u00e9n\u00e9rations futures.<\/p>\n\n<figure class=\"wp-block-image size-large  caption-style-blue-overlay caption-alignment-center\"><img loading=\"lazy\" decoding=\"async\" width=\"999\" height=\"663\" src=\"https:\/\/www.greenpeace.org\/static\/planet4-belgium-stateless\/2020\/03\/7bf9a22a-covid_no_planet_b.jpg\" alt=\"La r\u00e9ponse \u00e0 la crise du Covid-19 peut rendre notre soci\u00e9t\u00e9 plus forte et plus juste\" class=\"wp-image-9765\" srcset=\"https:\/\/www.greenpeace.org\/static\/planet4-belgium-stateless\/2020\/03\/7bf9a22a-covid_no_planet_b.jpg 999w, https:\/\/www.greenpeace.org\/static\/planet4-belgium-stateless\/2020\/03\/7bf9a22a-covid_no_planet_b-300x199.jpg 300w, https:\/\/www.greenpeace.org\/static\/planet4-belgium-stateless\/2020\/03\/7bf9a22a-covid_no_planet_b-768x510.jpg 768w, https:\/\/www.greenpeace.org\/static\/planet4-belgium-stateless\/2020\/03\/7bf9a22a-covid_no_planet_b-510x338.jpg 510w\" sizes=\"auto, (max-width: 999px) 100vw, 999px\" \/><\/figure>\n\n<p>Investir dans les personnes, pas dans les industries. Lorsque les gouvernements envisagent un soutien financier, celui-ci doit \u00eatre subordonn\u00e9 non seulement \u00e0 l\u2019\u00e9laboration et \u00e0 la mise en \u0153uvre de plans de transition concrets, conform\u00e9ment \u00e0 l\u2019accord de Paris sur le changement climatique, mais aussi \u00e0 la protection sociale des travailleurs. Dans les industries fortement polluantes, il faut veiller tout particuli\u00e8rement \u00e0 ce que les ressources destin\u00e9es \u00e0 soutenir les travailleurs ne soient pas utilis\u00e9es pour servir les int\u00e9r\u00eats de l\u2019entreprise ni pour maintenir des pratiques destructrices pour l\u2019environnement ou les salaires des dirigeants.<\/p>\n\n<p>Faire des droits des employ\u00e9s une priorit\u00e9. Depuis la r\u00e9cession de 2008, les droits des travailleurs ont \u00e9t\u00e9 lentement d\u00e9mantel\u00e9s dans toute l\u2019Union europ\u00e9enne : de l\u2019ub\u00e9risation aux contrats \u00ab flexibles \u00bb. Ces conditions de travail poussent les gens \u00e0 travailler alors qu\u2019ils ne devraient pas, notamment quand il s\u2019agit d\u2019emp\u00eacher la propagation de maladies. Les droits des travailleurs et la n\u00e9gociation collective doivent \u00eatre garantis pour tous les secteurs d\u2019activit\u00e9. Les professions qui sont aujourd\u2019hui sous-\u00e9valu\u00e9es et souvent sous-pay\u00e9es et qui sont cruciales dans la lutte contre le virus Covid-19 doivent \u00eatre r\u00e9\u00e9valu\u00e9es d\u00e8s que possible. On y trouve le personnel infirmier et de soins, les aides \u00e0 domicile, les \u00e9boueurs, les livreurs de repas souvent avec un statut tr\u00e8s pr\u00e9caire et le personnel des supermarch\u00e9s.&nbsp;<\/p>\n\n<h3 class=\"wp-block-heading\">Prendre soin de la plan\u00e8te<\/h3>\n\n<figure class=\"wp-block-image size-large  caption-style-blue-overlay caption-alignment-center\"><img loading=\"lazy\" decoding=\"async\" width=\"999\" height=\"663\" src=\"https:\/\/www.greenpeace.org\/static\/planet4-belgium-stateless\/2020\/03\/e352881e-covid_planet_earth.jpg\" alt=\"La r\u00e9ponse \u00e0 la crise du Covid-19 peut rendre notre soci\u00e9t\u00e9 plus forte et plus juste\" class=\"wp-image-9767\" srcset=\"https:\/\/www.greenpeace.org\/static\/planet4-belgium-stateless\/2020\/03\/e352881e-covid_planet_earth.jpg 999w, https:\/\/www.greenpeace.org\/static\/planet4-belgium-stateless\/2020\/03\/e352881e-covid_planet_earth-300x199.jpg 300w, https:\/\/www.greenpeace.org\/static\/planet4-belgium-stateless\/2020\/03\/e352881e-covid_planet_earth-768x510.jpg 768w, https:\/\/www.greenpeace.org\/static\/planet4-belgium-stateless\/2020\/03\/e352881e-covid_planet_earth-510x338.jpg 510w\" sizes=\"auto, (max-width: 999px) 100vw, 999px\" \/><\/figure>\n\n<p>La crise du climat et de la biodiversit\u00e9 nous met face \u00e0 des d\u00e9fis de plus en plus importants. Plus nous attendrons pour r\u00e9duire les \u00e9missions de gaz \u00e0 effet de serre et prot\u00e9ger la biodiversit\u00e9, plus le co\u00fbt en termes de vies humaines et de perte de revenus sera \u00e9lev\u00e9, plus les dommages que nous causons \u00e0 la plan\u00e8te seront importants, plus le r\u00e9veil financier sera dur et plus la r\u00e9partition des impacts et des charges sera in\u00e9quitable. La crise actuelle est un signal d\u2019alarme <strong>pour prot\u00e9ger les personnes, la nature et la plan\u00e8te<\/strong> en r\u00e9duisant les \u00e9missions de gaz \u00e0 effet de serre d\u2019au moins 65 % d\u2019ici 2030 et en mettant en \u0153uvre une strat\u00e9gie europ\u00e9enne forte en mati\u00e8re de biodiversit\u00e9. Les r\u00e9gions belges doivent \u00e0 tout instant joindre le geste \u00e0 la parole. Tant au niveau f\u00e9d\u00e9ral que r\u00e9gional, le d\u00e9veloppement des \u00e9nergies renouvelables doit \u00eatre poursuivi conform\u00e9ment \u00e0 l\u2019objectif de 1,5 \u00b0C de l\u2019accord de Paris et en synergie avec la nature, sur le mod\u00e8le du plan d\u2019am\u00e9nagement des espaces marins.<\/p>\n\n<p>Les mesures de soutien cons\u00e9cutives \u00e0 la crise du Covid-19 doivent permettre de mieux nous pr\u00e9parer \u00e0 faire face \u00e0 la fois \u00e0 la crise climatique et \u00e0 la crise de la biodiversit\u00e9. Apr\u00e8s la crise financi\u00e8re de 2008, les fonds publics ont \u00e9t\u00e9 affect\u00e9s de mani\u00e8re disproportionn\u00e9e aux industries polluantes et \u00e0 la partie la plus prosp\u00e8re de la soci\u00e9t\u00e9. De cette fa\u00e7on, les in\u00e9galit\u00e9s se sont encore accrues et les industries \u00e0 l\u2019origine de la crise climatique ont \u00e9t\u00e9 maintenues \u00e0 flot. Nous ne pouvons plus nous permettre de refaire la m\u00eame erreur aujourd\u2019hui. L\u2019ensemble des gouvernements belges et le groupe de gestion des risques \u00e9conomiques doivent axer leurs mesures de soutien sur la transition de <strong>notre \u00e9conomie et de notre soci\u00e9t\u00e9<\/strong> <strong>vers la neutralit\u00e9 climatique d\u2019ici 2040<\/strong>, en investissant dans de vraies solutions climatiques qui profitent au plus grand nombre :<\/p>\n\n<p><strong>Transports<\/strong><\/p>\n\n<p>Les transports sont un contributeur tr\u00e8s important aux \u00e9missions de gaz \u00e0 effet de serre de la Belgique. Une politique climatique audacieuse est n\u00e9cessaire pour r\u00e9duire radicalement ces \u00e9missions. Cette transformation exige une r\u00e9duction sans pr\u00e9c\u00e9dent du kilom\u00e9trage parcouru, un transfert modal rapide vers des solutions de rechange respectueuses du climat, et un passage \u00e0 des technologies sans carburants fossiles. Un retour \u00e0 la normale dans le secteur des transports n\u2019est donc en aucun cas durable pour le climat ou notre sant\u00e9. La crise du Covid-19 pourrait \u00eatre un tournant dans la transformation de notre mobilit\u00e9.<\/p>\n\n<p>En raison de la quasi-absence de circulation automobile pendant cette crise, les effets externes quotidiens redeviennent tr\u00e8s \u00ab visibles \u00bb, gr\u00e2ce \u00e0 l\u2019absence de bruit, de pollution et d\u2019embouteillages. Toutefois, on peut se demander si la crise actuelle modifiera \u00e9galement les comportements de mobilit\u00e9 \u00e0 long terme, par exemple au profit du v\u00e9lo, des transports publics et de la mobilit\u00e9 \u00e9lectrique partag\u00e9e. Au lendemain de cette crise, des<strong> investissements sp\u00e9cifiques<\/strong> <strong>dans le r\u00e9seau ferroviaire et les transports publics, les infrastructures cyclables et la mobilit\u00e9 \u00e9lectrique partag\u00e9e<\/strong> (par exemple, dans une infrastructure de recharge publique bien con\u00e7ue) peuvent y contribuer et apporter des gains en mati\u00e8re d\u2019emploi, de climat et de sant\u00e9.<\/p>\n\n<p>Un \u00e9ventuel <strong>soutien public \u00e0 l\u2019aviation<\/strong> (et aux autres industries polluantes) doit aller de pair avec des <strong>conditions sociales et environnementales<\/strong>. Il faut conditionner le soutien public \u00e0 la s\u00e9curit\u00e9 des employ\u00e9s, et non des actionnaires, et (\u00e0 terme) \u00e0 la formation \u00e0 des emplois respectueux du climat dans d\u2019autres secteurs tels que le rail et les transports publics. Un soutien ne peut \u00e9galement \u00eatre apport\u00e9 que si les compagnies a\u00e9riennes et les a\u00e9roports s\u2019engagent \u00e0 mettre en place des plans ambitieux en mati\u00e8re de climat, conform\u00e9ment \u00e0 l\u2019accord de Paris, et se plient \u00e0 des mesures politiques, comme une taxe sur le k\u00e9ros\u00e8ne, pour concr\u00e9tiser cette d\u00e9marche. Il serait fatal pour la politique climatique que les gouvernements permettent au secteur de l\u2019aviation d\u2019inciter les citoyens \u00e0 \u00ab voler plus \u00bb apr\u00e8s la crise, et reportent ou assouplissent les mesures climatiques urgentes, y compris dans le secteur de l\u2019aviation.<\/p>\n\n<p><strong>\u00c9nergie<\/strong><\/p>\n\n<figure class=\"wp-block-image size-large  caption-style-blue-overlay caption-alignment-center\"><img loading=\"lazy\" decoding=\"async\" width=\"999\" height=\"663\" src=\"https:\/\/www.greenpeace.org\/static\/planet4-belgium-stateless\/2020\/03\/c03d8dff-offshore_wind_energy.jpg\" alt=\"La r\u00e9ponse \u00e0 la crise du Covid-19 peut rendre notre soci\u00e9t\u00e9 plus forte et plus juste\" class=\"wp-image-9554\" srcset=\"https:\/\/www.greenpeace.org\/static\/planet4-belgium-stateless\/2020\/03\/c03d8dff-offshore_wind_energy.jpg 999w, https:\/\/www.greenpeace.org\/static\/planet4-belgium-stateless\/2020\/03\/c03d8dff-offshore_wind_energy-300x199.jpg 300w, https:\/\/www.greenpeace.org\/static\/planet4-belgium-stateless\/2020\/03\/c03d8dff-offshore_wind_energy-768x510.jpg 768w, https:\/\/www.greenpeace.org\/static\/planet4-belgium-stateless\/2020\/03\/c03d8dff-offshore_wind_energy-510x338.jpg 510w\" sizes=\"auto, (max-width: 999px) 100vw, 999px\" \/><\/figure>\n\n<p>\u00c0 court terme, des investissements suppl\u00e9mentaires dans les r\u00e9novations \u00e9co\u00e9nerg\u00e9tiques et l\u2019installation de panneaux solaires \u00e0 petite \u00e9chelle peuvent soutenir l\u2019\u00e9conomie et garantir l\u2019emploi local. Il faut pour cela assouplir les crit\u00e8res d\u2019\u00e9ligibilit\u00e9 aux pr\u00eats sans int\u00e9r\u00eat pour les r\u00e9novations \u00e0 haute efficacit\u00e9 \u00e9nerg\u00e9tique, \u00e9tendre leur champ d\u2019application \u00e0 l\u2019installation de panneaux solaires r\u00e9sidentiels et promouvoir leur utilisation. Il convient aussi de revoir le cadre l\u00e9gislatif de sorte qu\u2019il devient financi\u00e8rement int\u00e9ressant d\u2019exploiter au maximum la surface de toit disponible et de produire plus que sa propre consommation. Enfin, il faut \u00e9laborer des r\u00e9glementations permettant la production solaire partag\u00e9e et revoir \u00e0 cette fin les tarifs pour l\u2019utilisation du r\u00e9seau. En attendant, il faut travailler \u00e0 une transposition ambitieuse de la directive europ\u00e9enne sur les \u00e9nergies renouvelables afin de soutenir les communaut\u00e9s d&rsquo;\u00e9nergie renouvelable.<\/p>\n\n<p>Le cas \u00e9ch\u00e9ant, les d\u00e9lais de souscription ou d\u2019ach\u00e8vement des grands projets d\u2019\u00e9nergie renouvelable doivent \u00eatre revus afin de ne pas mettre les investisseurs en difficult\u00e9. En outre, la proc\u00e9dure d\u2019appel d\u2019offres pour les nouveaux parcs \u00e9oliens offshore doit \u00eatre lanc\u00e9e d\u00e8s que possible afin de pr\u00e9voir un d\u00e9lai suffisant pour atteindre au moins 700 MW d\u2019ici 2025. Afin de donner \u00e0 ces projets une chance \u00e9quitable, il est essentiel de maintenir la sortie du nucl\u00e9aire l\u00e9galement d\u00e9j\u00e0 vot\u00e9e, afin de ne pas compromettre l\u2019injection de l\u2019\u00e9lectricit\u00e9 renouvelable dans le r\u00e9seau par la production d\u2019une \u00e9lectricit\u00e9 nucl\u00e9aire artificiellement moins ch\u00e8re et inflexible.<\/p>\n\n<p><strong>Agriculture<\/strong><\/p>\n\n<figure class=\"wp-block-image size-large  caption-style-blue-overlay caption-alignment-center\"><img loading=\"lazy\" decoding=\"async\" width=\"999\" height=\"663\" src=\"https:\/\/www.greenpeace.org\/static\/planet4-belgium-stateless\/2020\/03\/70594c5a-covid_agriculture.jpg\" alt=\"La r\u00e9ponse \u00e0 la crise du Covid-19 peut rendre notre soci\u00e9t\u00e9 plus forte et plus juste\" class=\"wp-image-9761\" srcset=\"https:\/\/www.greenpeace.org\/static\/planet4-belgium-stateless\/2020\/03\/70594c5a-covid_agriculture.jpg 999w, https:\/\/www.greenpeace.org\/static\/planet4-belgium-stateless\/2020\/03\/70594c5a-covid_agriculture-300x199.jpg 300w, https:\/\/www.greenpeace.org\/static\/planet4-belgium-stateless\/2020\/03\/70594c5a-covid_agriculture-768x510.jpg 768w, https:\/\/www.greenpeace.org\/static\/planet4-belgium-stateless\/2020\/03\/70594c5a-covid_agriculture-510x338.jpg 510w\" sizes=\"auto, (max-width: 999px) 100vw, 999px\" \/><\/figure>\n\n<p>En p\u00e9riode d\u2019instabilit\u00e9 sociale et \u00e9conomique, il est tr\u00e8s important qu\u2019une alimentation saine, \u00e9cologique et principalement v\u00e9g\u00e9tale soit largement disponible et abordable. Le gouvernement peut y parvenir en encourageant aupr\u00e8s des consommateurs les initiatives des petits agriculteurs et des r\u00e9seaux alimentaires locaux et solidaires, afin de donner acc\u00e8s \u00e0 tous \u00e0 des aliments locaux sains et produits de mani\u00e8re \u00e9cologique. Un fonds de transition doit \u00e9galement mieux soutenir les mod\u00e8les agricoles durables, r\u00e9sistants et ancr\u00e9s localement afin de stopper et d\u2019inverser la tendance \u00e0 l\u2019augmentation du nombre d\u2019agriculteurs dans le besoin.&nbsp;<\/p>\n\n<p>Plus d\u2019un tiers du budget europ\u00e9en est consacr\u00e9 aux subventions agricoles. La r\u00e9forme de la politique agricole commune doit r\u00e9orienter ces fonds publics. Au lieu de soutenir des entreprises industrielles non viables et des pratiques agricoles non durables, il faut s\u2019orienter vers des pratiques plus \u00e9cologiques s\u2019inscrivant dans un mod\u00e8le alimentaire et agricole diversifi\u00e9 et r\u00e9sistant qui prot\u00e8ge et restaure la biodiversit\u00e9. Les trois gouvernements r\u00e9gionaux, et en particulier ceux de Flandre et de Wallonie, en ont le pouvoir gr\u00e2ce aux plans strat\u00e9giques de la politique agricole commune qu\u2019ils doivent soumettre \u00e0 la Commission europ\u00e9enne. Ils doivent soutenir une agriculture circulaire et autonome, \u00e0 la recherche de b\u00e9n\u00e9fices \u00e9conomiques, sociaux et environnementaux pour tous. Les gouvernements r\u00e9gionaux doivent \u00e9galement veiller \u00e0 l\u2019application stricte des directives europ\u00e9ennes importantes telles que la directive \u00ab Habitats \u00bb et la directive \u00ab Nitrates \u00bb.&nbsp;<\/p>\n\n<p><strong>Mati\u00e8res premi\u00e8res<\/strong><\/p>\n\n<p>La transition vers une \u00e9conomie sociale, verte et renouvelable implique \u00e9galement une transition en ce qui concerne l&rsquo;origine et l&rsquo;utilisation des mati\u00e8res premi\u00e8res n\u00e9cessaires \u00e0 cette fin. Pour \u00e9viter de continuer \u00e0 surexploiter notre plan\u00e8te et \u00e0 d\u00e9truire de plus en plus d&rsquo;\u00e9cosyst\u00e8mes sur terre et dans les eaux profondes pour y extraire des m\u00e9taux rares, il est essentiel que le gouvernement donne un coup de fouet \u00e0 l\u2019\u00e9conomie de partage circulaire. Cela implique de mettre davantage l&rsquo;accent sur la r\u00e9utilisation locale, l&rsquo;extension de la dur\u00e9e de vie et la r\u00e9cup\u00e9ration, ainsi que sur une cha\u00eene de batteries circulaire et durable, comme le pr\u00e9voit le \u00ab\u00a0Green Deal\u00a0\u00bb europ\u00e9en, y compris un taux de r\u00e9cup\u00e9ration plus \u00e9lev\u00e9 pour les min\u00e9raux \u00e9nerg\u00e9tiques essentiels.<\/p>\n\n<h3 class=\"wp-block-heading\"><strong>P<\/strong>rot\u00e9ger la d\u00e9mocratie&nbsp;<\/h3>\n\n<p>La<a href=\"https:\/\/www.europarl.europa.eu\/charter\/pdf\/text_fr.pdf\"> Charte des droits fondamentaux<\/a> conf\u00e8re aux citoyens de l\u2019UE le droit \u00e0 la vie priv\u00e9e (article 7) et \u00e0 la protection des donn\u00e9es \u00e0 caract\u00e8re personnel (article 8). Dans les circonstances actuelles, l\u2019UE doit veiller \u00e0 ce que les autorit\u00e9s nationales et r\u00e9gionales fassent une utilisation tr\u00e8s prudente des mesures d\u2019urgence qui portent atteinte \u00e0 la vie priv\u00e9e des gens, comme le suivi des d\u00e9placements des personnes en exploitant, par exemple, les donn\u00e9es de localisation des smartphones. La condition absolue est que ces mesures ne servent que des objectifs de sant\u00e9 publique et doivent \u00eatre proportionn\u00e9es et limit\u00e9es dans le temps. En outre, les autorit\u00e9s doivent garantir la transparence et la responsabilit\u00e9 dans le traitement des donn\u00e9es \u00e0 caract\u00e8re personnel.<\/p>\n\n<p>Il faut veiller \u00e0 ce que les r\u00e8gles \u00e9labor\u00e9es dans le cadre d\u2019une urgence nationale ne soient directement applicables qu\u2019\u00e0 cette urgence. Les gouvernements ne doivent pas s\u2019octroyer des pouvoirs suppl\u00e9mentaires dont les effets seront maintenus apr\u00e8s la fin de la crise ou qui vont au-del\u00e0 de ce qui est n\u00e9cessaire pour contenir celle-ci.<\/p>\n\n<p>Enfin, bien que le parlement belge ait accord\u00e9 des pouvoirs sp\u00e9ciaux au gouvernement f\u00e9d\u00e9ral, il est absolument indispensable d\u2019assurer une transparence dans les prises de d\u00e9cision afin de ne pas hypoth\u00e9quer les d\u00e9cisions \u00e0 prendre une fois la p\u00e9riode de crise pass\u00e9e.<\/p>\n\n<a class=\"cta-blog-button\" href=\"https:\/\/www.greenpeace.org\/static\/planet4-belgium-stateless\/2020\/03\/9d93a86e-27032020_briefing_covid19_fr.pdf\" target=\"_blank\" rel=\"noopener noreferrer\">Lire le briefing au format pdf<\/a>\n\n<span class=\"shareSocialArea\">\n<a class=\"shareFacebook\" href=\"https:\/\/www.facebook.com\/sharer\/sharer.php?u=https:\/\/www.greenpeace.org\/belgium\/fr\/blog\/9777\/la-reponse-a-la-crise-du-covid-19-peut-rendre-notre-societe-plus-forte-et-plus-juste\/\" target=\"_blank\" rel=\"noopener noreferrer\">Je partage sur Facebook<\/a>\n<a class=\"shareTwitter\" href=\"https:\/\/twitter.com\/share?url=https:\/\/www.greenpeace.org\/belgium\/fr\/blog\/9777\/la-reponse-a-la-crise-du-covid-19-peut-rendre-notre-societe-plus-forte-et-plus-juste\/&#038;text=La%20r%C3%A9ponse%20%C3%A0%20la%20crise%20du%20Covid-19%20peut%20rendre%20notre%20soci%C3%A9t%C3%A9%20plus%20forte%20et%20plus%20juste%20-%20Greenpeace%20pr%C3%A9conise%20que%20toutes%20les%20mesures%20de%20lutte%20contre%20le%20Covid-19%20soient%20durables%20et%20s%E2%80%99attaquent%20aux%20in%C3%A9galit%C3%A9s%20et%20aux%20dommages%20environnementaux%20caus%C3%A9s%20par%20le%20mod%C3%A8le%20socio-%C3%A9conomique%20actuel.%20%20via%20@greenpeace_be&#038;related=greenpeace_be\" target=\"_blank\" rel=\"noopener noreferrer\">Je partage sur Twitter<\/a>\n<a class=\"shareWhatsapp\" href=\"https:\/\/api.whatsapp.com\/send?text=La+r%C3%A9ponse+%C3%A0+la+crise+du+Covid-19+peut+rendre+notre+soci%C3%A9t%C3%A9+plus+forte+et+plus+juste+https%3A%2F%2Fwww.greenpeace.org%2Fbelgium%2Ffr%2Fblog%2F9777%2Fla-reponse-a-la-crise-du-covid-19-peut-rendre-notre-societe-plus-forte-et-plus-juste%2F\" target=\"_blank\" rel=\"noopener noreferrer\">Je partage sur Whatsapp<\/a>\n<\/span>\n\n\n<table class=\"hideme\" style=\"width: 100%;\" width=\"100%\">\n<tbody>\n<tr style=\"width: 100%;\">\n<td class=\"icon\"><a href=\"https:\/\/www.facebook.com\/greenpeace.belgium\" target=\"_blank\" rel=\"noopener noreferrer\">\n<img decoding=\"async\" title=\"Facebook\" src=\"https:\/\/www.greenpeace.org\/static\/planet4-belgium-stateless\/2019\/09\/09281872-fb.png\" alt=\"Facebook\" width=\"100%\">\n<\/a><\/td>\n<td class=\"name\"><a href=\"https:\/\/www.facebook.com\/greenpeace.belgium\" target=\"_blank\" rel=\"noopener noreferrer\">\nFacebook\n<\/a><\/td>\n<td class=\"icon\"><a href=\"https:\/\/www.instagram.com\/greenpeace_be\/\" target=\"_blank\" rel=\"noopener noreferrer\">\n<img decoding=\"async\" title=\"Instagram\" src=\"https:\/\/www.greenpeace.org\/static\/planet4-belgium-stateless\/2019\/09\/89871ad4-insta.png\" alt=\"Instagram\" width=\"100%\">\n<\/a><\/td>\n<td class=\"name\"><a href=\"https:\/\/www.instagram.com\/greenpeace_be\/\" target=\"_blank\" rel=\"noopener noreferrer\">\nInstagram\n<\/a><\/td>\n<td class=\"icon\"><a href=\"https:\/\/twitter.com\/greenpeace_be\" target=\"_blank\" rel=\"noopener noreferrer\">\n<img decoding=\"async\" title=\"Twitter\" src=\"https:\/\/www.greenpeace.org\/static\/planet4-belgium-stateless\/2019\/09\/aebb8c6a-tw.png\" alt=\"Twitter\" width=\"100%\">\n<\/a><\/td>\n<td class=\"name\"><a href=\"https:\/\/twitter.com\/greenpeace_be\" target=\"_blank\" rel=\"noopener noreferrer\">\nTwitter\n<\/a><\/td>\n<td class=\"icon\"><a href=\"https:\/\/www.youtube.com\/user\/GreenpeaceBelgium\" target=\"_blank\" rel=\"noopener noreferrer\">\n<img decoding=\"async\" title=\"YouTube\" src=\"https:\/\/www.greenpeace.org\/static\/planet4-belgium-stateless\/2019\/09\/4fd7759c-yt.png\" alt=\"YouTube\" width=\"100%\">\n<\/a><\/td>\n<td class=\"name\"><a href=\"https:\/\/www.youtube.com\/user\/GreenpeaceBelgium\" target=\"_blank\" rel=\"noopener noreferrer\">\nYouTube\n<\/table>\n\n","protected":false},"excerpt":{"rendered":"<p>La pand\u00e9mie \u00e0 laquelle nous sommes confront\u00e9s aujourd\u2019hui montre \u00e0 quel point notre soci\u00e9t\u00e9 mondialis\u00e9e est vuln\u00e9rable. En prenant des mesures de protection sanitaires strictes, la Belgique, comme d\u2019autres pays,&hellip;<\/p>\n","protected":false},"author":49,"featured_media":9763,"comment_status":"closed","ping_status":"closed","sticky":false,"template":"","format":"standard","meta":{"ep_exclude_from_search":false,"p4_og_title":"La r\u00e9ponse \u00e0 la crise du Covid-19 peut rendre notre soci\u00e9t\u00e9 plus forte et plus juste","p4_og_description":"Greenpeace pr\u00e9conise que toutes les mesures de lutte contre le Covid-19 soient durables et s\u2019attaquent aux in\u00e9galit\u00e9s et aux dommages environnementaux caus\u00e9s par le mod\u00e8le socio-\u00e9conomique actuel. ","p4_og_image":"","p4_og_image_id":"","p4_seo_canonical_url":"","p4_campaign_name":"not set","p4_local_project":"","p4_basket_name":"not set","p4_department":"","footnotes":""},"categories":[106],"tags":[70,74,76,83,85,86],"p4-page-type":[116],"class_list":["post-9777","post","type-post","status-publish","format-standard","has-post-thumbnail","hentry","category-il-est-encore-temps","tag-energie","tag-mobilite","tag-sante","tag-politique","tag-agriculture","tag-climat","p4-page-type-actualites-blog"],"_links":{"self":[{"href":"https:\/\/www.greenpeace.org\/belgium\/fr\/wp-json\/wp\/v2\/posts\/9777","targetHints":{"allow":["GET"]}}],"collection":[{"href":"https:\/\/www.greenpeace.org\/belgium\/fr\/wp-json\/wp\/v2\/posts"}],"about":[{"href":"https:\/\/www.greenpeace.org\/belgium\/fr\/wp-json\/wp\/v2\/types\/post"}],"author":[{"embeddable":true,"href":"https:\/\/www.greenpeace.org\/belgium\/fr\/wp-json\/wp\/v2\/users\/49"}],"replies":[{"embeddable":true,"href":"https:\/\/www.greenpeace.org\/belgium\/fr\/wp-json\/wp\/v2\/comments?post=9777"}],"version-history":[{"count":4,"href":"https:\/\/www.greenpeace.org\/belgium\/fr\/wp-json\/wp\/v2\/posts\/9777\/revisions"}],"predecessor-version":[{"id":9798,"href":"https:\/\/www.greenpeace.org\/belgium\/fr\/wp-json\/wp\/v2\/posts\/9777\/revisions\/9798"}],"wp:featuredmedia":[{"embeddable":true,"href":"https:\/\/www.greenpeace.org\/belgium\/fr\/wp-json\/wp\/v2\/media\/9763"}],"wp:attachment":[{"href":"https:\/\/www.greenpeace.org\/belgium\/fr\/wp-json\/wp\/v2\/media?parent=9777"}],"wp:term":[{"taxonomy":"category","embeddable":true,"href":"https:\/\/www.greenpeace.org\/belgium\/fr\/wp-json\/wp\/v2\/categories?post=9777"},{"taxonomy":"post_tag","embeddable":true,"href":"https:\/\/www.greenpeace.org\/belgium\/fr\/wp-json\/wp\/v2\/tags?post=9777"},{"taxonomy":"p4-page-type","embeddable":true,"href":"https:\/\/www.greenpeace.org\/belgium\/fr\/wp-json\/wp\/v2\/p4-page-type?post=9777"}],"curies":[{"name":"wp","href":"https:\/\/api.w.org\/{rel}","templated":true}]}}