{"id":9965,"date":"2020-04-09T14:11:27","date_gmt":"2020-04-09T13:11:27","guid":{"rendered":"https:\/\/www.greenpeace.org\/belgium\/?p=9965"},"modified":"2020-04-09T14:36:51","modified_gmt":"2020-04-09T13:36:51","slug":"la-flandre-met-le-green-deal-sur-pause","status":"publish","type":"post","link":"https:\/\/www.greenpeace.org\/belgium\/fr\/communique-de-presse\/9965\/la-flandre-met-le-green-deal-sur-pause\/","title":{"rendered":"La Flandre essaie de mettre le Green Deal sur pause"},"content":{"rendered":"\n<p><strong>Plusieurs \u00e9tats membres de la Commission europ\u00e9enne ont propos\u00e9 de placer le Green Deal parmi les priorit\u00e9s des plans de relance europ\u00e9ens apr\u00e8s la crise du Covid-19. Suite \u00e0 l\u2019opposition de la ministre flamande Zuhal Demir, la Belgique ne signe pas la lettre (<a href=\"https:\/\/plus.lesoir.be\/293357\/article\/2020-04-08\/la-belgique-snobe-le-green-deal-de-lunion-europeenne\">Le Soir<\/a>). Greenpeace r\u00e9agit fermement :&nbsp;<\/strong><\/p>\n\n<figure class=\"wp-block-image size-large  caption-style-blue-overlay caption-alignment-center\"><img loading=\"lazy\" decoding=\"async\" width=\"999\" height=\"663\" src=\"https:\/\/www.greenpeace.org\/static\/planet4-belgium-stateless\/2020\/04\/96cdc60c-europe_fire_2.jpg\" alt=\"La Flandre met le Green Deal sur pause\" class=\"wp-image-9966\" srcset=\"https:\/\/www.greenpeace.org\/static\/planet4-belgium-stateless\/2020\/04\/96cdc60c-europe_fire_2.jpg 999w, https:\/\/www.greenpeace.org\/static\/planet4-belgium-stateless\/2020\/04\/96cdc60c-europe_fire_2-300x199.jpg 300w, https:\/\/www.greenpeace.org\/static\/planet4-belgium-stateless\/2020\/04\/96cdc60c-europe_fire_2-768x510.jpg 768w, https:\/\/www.greenpeace.org\/static\/planet4-belgium-stateless\/2020\/04\/96cdc60c-europe_fire_2-510x338.jpg 510w\" sizes=\"auto, (max-width: 999px) 100vw, 999px\" \/><\/figure>\n\n<p>\u201c<em>Mettre un frein maintenant \u00e0 une avanc\u00e9e \u00e9cologique dans cette crise est incompr\u00e9hensible et irresponsable. Le gouvernement flamand veut apparemment faire payer le contribuable? Pourtant, <\/em><a href=\"https:\/\/www.greenpeace.org\/belgium\/fr\/blog\/9777\/la-reponse-a-la-crise-du-covid-19-peut-rendre-notre-societe-plus-forte-et-plus-juste\/\"><em>tous les moyens doivent \u00eatre mis en oeuvre pour faire face \u00e0 la fois \u00e0 la crise du coronavirus et \u00e0 la crise climatique et de la biodiversit\u00e9<\/em><\/a><em>, sinon nous paierons tous deux fois la facture. Un lancement rapide du Green Deal est le meilleur moyen d&rsquo;organiser la reprise \u00e9conomique de mani\u00e8re durable apr\u00e8s cette crise<\/em>\u00ab\u00a0, a d\u00e9clar\u00e9 le porte-parole de Greenpeace Joeri Thijs.<\/p>\n\n<p><strong>Contact:<\/strong> Service presse Greenpeace : 0496 26 31 91 &#8211; bpress@greenpeace.org<br><\/p>\n","protected":false},"excerpt":{"rendered":"<p>Plusieurs \u00e9tats membres de la Commission europ\u00e9enne ont propos\u00e9 de placer le Green Deal parmi les priorit\u00e9s des plans de relance europ\u00e9ens apr\u00e8s la crise du Covid-19. Suite \u00e0 l\u2019opposition&hellip;<\/p>\n","protected":false},"author":49,"featured_media":9966,"comment_status":"closed","ping_status":"closed","sticky":false,"template":"","format":"standard","meta":{"ep_exclude_from_search":false,"p4_og_title":"","p4_og_description":"","p4_og_image":"","p4_og_image_id":"","p4_seo_canonical_url":"","p4_campaign_name":"not set","p4_local_project":"","p4_basket_name":"not set","p4_department":"","footnotes":""},"categories":[1],"tags":[86],"p4-page-type":[117],"class_list":["post-9965","post","type-post","status-publish","format-standard","has-post-thumbnail","hentry","category-non-classifiee","tag-climat","p4-page-type-communique-de-presse"],"_links":{"self":[{"href":"https:\/\/www.greenpeace.org\/belgium\/fr\/wp-json\/wp\/v2\/posts\/9965","targetHints":{"allow":["GET"]}}],"collection":[{"href":"https:\/\/www.greenpeace.org\/belgium\/fr\/wp-json\/wp\/v2\/posts"}],"about":[{"href":"https:\/\/www.greenpeace.org\/belgium\/fr\/wp-json\/wp\/v2\/types\/post"}],"author":[{"embeddable":true,"href":"https:\/\/www.greenpeace.org\/belgium\/fr\/wp-json\/wp\/v2\/users\/49"}],"replies":[{"embeddable":true,"href":"https:\/\/www.greenpeace.org\/belgium\/fr\/wp-json\/wp\/v2\/comments?post=9965"}],"version-history":[{"count":3,"href":"https:\/\/www.greenpeace.org\/belgium\/fr\/wp-json\/wp\/v2\/posts\/9965\/revisions"}],"predecessor-version":[{"id":9978,"href":"https:\/\/www.greenpeace.org\/belgium\/fr\/wp-json\/wp\/v2\/posts\/9965\/revisions\/9978"}],"wp:featuredmedia":[{"embeddable":true,"href":"https:\/\/www.greenpeace.org\/belgium\/fr\/wp-json\/wp\/v2\/media\/9966"}],"wp:attachment":[{"href":"https:\/\/www.greenpeace.org\/belgium\/fr\/wp-json\/wp\/v2\/media?parent=9965"}],"wp:term":[{"taxonomy":"category","embeddable":true,"href":"https:\/\/www.greenpeace.org\/belgium\/fr\/wp-json\/wp\/v2\/categories?post=9965"},{"taxonomy":"post_tag","embeddable":true,"href":"https:\/\/www.greenpeace.org\/belgium\/fr\/wp-json\/wp\/v2\/tags?post=9965"},{"taxonomy":"p4-page-type","embeddable":true,"href":"https:\/\/www.greenpeace.org\/belgium\/fr\/wp-json\/wp\/v2\/p4-page-type?post=9965"}],"curies":[{"name":"wp","href":"https:\/\/api.w.org\/{rel}","templated":true}]}}