{"id":1274,"date":"2018-03-08T14:47:00","date_gmt":"2018-03-08T14:47:00","guid":{"rendered":"https:\/\/www.greenpeace.org\/belgium\/blog\/1274\/wij-gaan-voluit-voor-minder-vlees-en-jij\/"},"modified":"2021-12-01T14:18:54","modified_gmt":"2021-12-01T13:18:54","slug":"wij-gaan-voluit-voor-minder-vlees-en-jij","status":"publish","type":"post","link":"https:\/\/www.greenpeace.org\/belgium\/nl\/stories\/1274\/wij-gaan-voluit-voor-minder-vlees-en-jij\/","title":{"rendered":"Doe jij ook mee met #lessismore, voor minder vlees en meer groen?"},"content":{"rendered":"<div class=\"post-content\">\n<div>\n<p><strong>We eten met z\u2019n allen te veel vlees. De industri\u00eble vleesproductie heeft enorme gevolgen voor mens, dier en milieu. Daarom lanceert Greenpeace een nieuwe wereldwijde campagne. We willen de vleesproductie en -consumptie halveren tegen 2050.<\/strong><\/p>\n<p><a href=\"http:\/\/lessismore.greenpeace.org\/be_NL\/\"><strong><img decoding=\"async\" src=\"https:\/\/www.greenpeace.org\/static\/planet4-belgium-stateless\/2018\/12\/8fe86b4c-8fe86b4c-141605_255963.jpg\" alt=\"\" \/><\/strong><\/a><\/p>\n<h3>Eten we \u00e9cht teveel vlees?<\/h3>\n<p>Heel duidelijk: j\u00e1. <strong>Gemiddeld eten we in Belgi\u00eb 2 tot 2,5 keer meer vlees dan de offici\u00eble voedingsrichtlijnen voorschrijven. Ook kinderen<\/strong> tussen 3 en 13 jaar krijgen bijna 2 keer meer dierlijke eiwitten binnen dan ze nodig hebben. En dat is niet gezond. Want wanneer je <strong>teveel rood vlees<\/strong> eet verhoogt de kans dat je <strong>kanker<\/strong> krijgt, <strong>obees<\/strong> wordt of <strong>hart- en vaatziekten<\/strong> ontwikkelt.<\/p>\n<p>Vleesproductie op grote schaal heeft ook een <strong>enorme impact op het milieu<\/strong>. <strong>Ontbossing<\/strong> voor weilanden <strong>vernietigt de biodiversiteit<\/strong>, de groeiende veestapel draagt bij tot <strong>klimaatverandering<\/strong> en <strong>watervervuiling<\/strong> wordt een alsmaar groter probleem.<\/p>\n<p><a href=\"http:\/\/lessismore.greenpeace.org\/be_NL\/\"><img decoding=\"async\" src=\"https:\/\/www.greenpeace.org\/static\/planet4-belgium-stateless\/2018\/12\/845fd8f8-845fd8f8-141606_255965.jpg\" alt=\"\" \/><\/a><\/p>\n<h3>Laten we ons voedingspatroon veranderen<\/h3>\n<p><strong>Dat is gemakkelijker dan het lijkt<\/strong>.\u00a0Steun onze <strong><a href=\"https:\/\/lessismore.greenpeace.org\/be_NL\/\">campagne<\/a><\/strong>, <strong>kook met minder vlees<\/strong> en meer groenten.\u00a0We geven je graag wat <a href=\"https:\/\/www.greenpeace.org\/belgium\/nl\/tag\/howto\/\">tips &amp; tricks<\/a>. En heb je toch zin in een <strong>klein stukje vlees<\/strong>? Kies dan voor <strong>bio en lokaal geteeld<\/strong>. In <a href=\"http:\/\/www.greenpeace.org\/belgium\/nl\/nieuws\/landbouw\/blog\/beter-vlees-wat-is-dat-eigenlijk\/blog\/61255\/\">deze blog<\/a>\u00a0lees je waar je voor zo\u2019n lekker stukje vlees terecht kan.<\/p>\n<\/div>\n<\/div>\n<div class=\"EmptyMessage\">Block content is empty. Check the block&#8217;s settings or remove it.<\/div>","protected":false},"excerpt":{"rendered":"<p>Greenpeace lanceert een nieuwe globale campagne om de vleesproductie \u00e9n -consumptie wereldwijd te halveren tegen 2050. Daar zijn hele goede redenen voor.<\/p>\n","protected":false},"author":34,"featured_media":2298,"comment_status":"closed","ping_status":"closed","sticky":false,"template":"","format":"standard","meta":{"ep_exclude_from_search":false,"p4_og_title":"","p4_og_description":"","p4_og_image":"","p4_og_image_id":"","p4_seo_canonical_url":"","p4_campaign_name":"","p4_local_project":"","p4_basket_name":"","p4_department":"","footnotes":""},"categories":[109],"tags":[88,102,103],"p4-page-type":[122],"class_list":["post-1274","post","type-post","status-publish","format-standard","has-post-thumbnail","hentry","category-kleine-veranderingen-grote-gevolgen","tag-food","tag-landbouw","tag-klimaat","p4-page-type-stories"],"_links":{"self":[{"href":"https:\/\/www.greenpeace.org\/belgium\/nl\/wp-json\/wp\/v2\/posts\/1274","targetHints":{"allow":["GET"]}}],"collection":[{"href":"https:\/\/www.greenpeace.org\/belgium\/nl\/wp-json\/wp\/v2\/posts"}],"about":[{"href":"https:\/\/www.greenpeace.org\/belgium\/nl\/wp-json\/wp\/v2\/types\/post"}],"author":[{"embeddable":true,"href":"https:\/\/www.greenpeace.org\/belgium\/nl\/wp-json\/wp\/v2\/users\/34"}],"replies":[{"embeddable":true,"href":"https:\/\/www.greenpeace.org\/belgium\/nl\/wp-json\/wp\/v2\/comments?post=1274"}],"version-history":[{"count":5,"href":"https:\/\/www.greenpeace.org\/belgium\/nl\/wp-json\/wp\/v2\/posts\/1274\/revisions"}],"predecessor-version":[{"id":25612,"href":"https:\/\/www.greenpeace.org\/belgium\/nl\/wp-json\/wp\/v2\/posts\/1274\/revisions\/25612"}],"wp:featuredmedia":[{"embeddable":true,"href":"https:\/\/www.greenpeace.org\/belgium\/nl\/wp-json\/wp\/v2\/media\/2298"}],"wp:attachment":[{"href":"https:\/\/www.greenpeace.org\/belgium\/nl\/wp-json\/wp\/v2\/media?parent=1274"}],"wp:term":[{"taxonomy":"category","embeddable":true,"href":"https:\/\/www.greenpeace.org\/belgium\/nl\/wp-json\/wp\/v2\/categories?post=1274"},{"taxonomy":"post_tag","embeddable":true,"href":"https:\/\/www.greenpeace.org\/belgium\/nl\/wp-json\/wp\/v2\/tags?post=1274"},{"taxonomy":"p4-page-type","embeddable":true,"href":"https:\/\/www.greenpeace.org\/belgium\/nl\/wp-json\/wp\/v2\/p4-page-type?post=1274"}],"curies":[{"name":"wp","href":"https:\/\/api.w.org\/{rel}","templated":true}]}}