{"id":17140,"date":"2020-09-03T08:16:57","date_gmt":"2020-09-03T07:16:57","guid":{"rendered":"https:\/\/www.greenpeace.org\/belgium\/?p=17140"},"modified":"2021-12-01T14:07:37","modified_gmt":"2021-12-01T13:07:37","slug":"de-wereld-staat-in-brand-fotoreportage","status":"publish","type":"post","link":"https:\/\/www.greenpeace.org\/belgium\/nl\/stories\/17140\/de-wereld-staat-in-brand-fotoreportage\/","title":{"rendered":"De wereld staat in brand \u2013 fotoreportage"},"content":{"rendered":"\n<p><strong>Het seizoen van bosbranden woedt volop. In verschillende regio&#8217;s wereldwijd gaat de natuur in vlammen op. De branden worden elk jaar langer en heviger. De stijgende temperaturen drogen onze bossen en natuurgebieden uit, met brandgevaar tot gevolg.&nbsp;<\/strong><\/p>\n\n<p>Dit heeft niet alleen ernstige gevolgen voor de planeet, maar raakt ook mensen op persoonlijk niveau. Mensen raken hun thuis kwijt, hun bezittingen, hun baan, hun leven. Dieren sterven en bossen waarvan we afhankelijk zijn, worden in een sneltempo met de grond gelijk gemaakt. Dit jaar komt daar het risico van COVID-19 bij, waardoor er nog meer gezondheidsrisico\u2019s zijn. Inheemse groepen lopen het meeste gevaar om hun leven in vlammen op te zien gaan.<\/p>\n\n<span class=\"mid-button-fix\"><a class=\"cta-blog-button-mid\" href=\"https:\/\/www.greenpeace.org\/belgium\/nl\/mee-doen\/code-rood-droogte-en-waterschaarste\/\" target=\"_blank\" rel=\"noopener noreferrer\">Bosbranden: Dit is een klimaatnoodtoestand!<\/a><\/span>\n\n<h3 class=\"wp-block-heading\">Brazili\u00eb<\/h3>\n\n<figure class=\"wp-block-image size-large  caption-style-blue-overlay caption-alignment-center\"><img loading=\"lazy\" decoding=\"async\" width=\"999\" height=\"663\" src=\"http:\/\/www.greenpeace.org\/belgium\/wp-content\/uploads\/2020\/09\/44999af6-forest_fire_brazil.jpg\" alt=\"De wereld staat in brand \u2013 fotoreportage\" class=\"wp-image-17143\" srcset=\"https:\/\/www.greenpeace.org\/static\/planet4-belgium-stateless\/2020\/09\/44999af6-forest_fire_brazil.jpg 999w, https:\/\/www.greenpeace.org\/static\/planet4-belgium-stateless\/2020\/09\/44999af6-forest_fire_brazil-300x199.jpg 300w, https:\/\/www.greenpeace.org\/static\/planet4-belgium-stateless\/2020\/09\/44999af6-forest_fire_brazil-768x510.jpg 768w, https:\/\/www.greenpeace.org\/static\/planet4-belgium-stateless\/2020\/09\/44999af6-forest_fire_brazil-510x338.jpg 510w\" sizes=\"auto, (max-width: 999px) 100vw, 999px\" \/><\/figure>\n\n<p>De branden kennen meer dan \u00e9\u00e9n oorzaak. In Brazili\u00eb worden ze doelbewust gesticht door boeren en landrovers om plaats te maken voor veeteelt en industri\u00eble landbouwproductie. Dit soort praktijken worden alleen maar verergerd door de anti-milieu agenda van Bolsonaro.&nbsp;<\/p>\n\n<h3 class=\"wp-block-heading\">Argentini\u00eb<\/h3>\n\n<figure class=\"wp-block-image size-large  caption-style-blue-overlay caption-alignment-center\"><img loading=\"lazy\" decoding=\"async\" width=\"1024\" height=\"684\" src=\"http:\/\/www.greenpeace.org\/belgium\/wp-content\/uploads\/2020\/09\/6fada798-forest_fires_argentina.jpg\" alt=\"De wereld staat in brand \u2013 fotoreportage\" class=\"wp-image-17145\" srcset=\"https:\/\/www.greenpeace.org\/static\/planet4-belgium-stateless\/2020\/09\/6fada798-forest_fires_argentina.jpg 1024w, https:\/\/www.greenpeace.org\/static\/planet4-belgium-stateless\/2020\/09\/6fada798-forest_fires_argentina-300x200.jpg 300w, https:\/\/www.greenpeace.org\/static\/planet4-belgium-stateless\/2020\/09\/6fada798-forest_fires_argentina-768x513.jpg 768w, https:\/\/www.greenpeace.org\/static\/planet4-belgium-stateless\/2020\/09\/6fada798-forest_fires_argentina-510x340.jpg 510w\" sizes=\"auto, (max-width: 1024px) 100vw, 1024px\" \/><\/figure>\n\n<p>De Paran\u00e1 Delta van Argentini\u00eb staat ook in brand. Vitale ecosystemen met honderden soorten planten en dieren die ons klimaat helpen te reguleren, zijn bedreigd. Net als in Brazili\u00eb worden de branden gesticht om ruimte op te eisen voor landbouw. Het vuur wordt nog verder aangewakkerd door de ergste droogte in 70 jaar. De branden razen nu ook in de C\u00f3rdoba provincie van Argentini\u00eb waar mensen noodgedwongen hun huizen moeten verlaten. Ook die branden zijn aangestoken, gemotiveerd door economische belangen van de landbouw- en de vastgoedsector.<\/p>\n\n<h3 class=\"wp-block-heading\">Californi\u00eb<\/h3>\n\n<figure class=\"wp-block-image size-large  caption-style-blue-overlay caption-alignment-center\"><img loading=\"lazy\" decoding=\"async\" width=\"999\" height=\"663\" src=\"http:\/\/www.greenpeace.org\/belgium\/wp-content\/uploads\/2020\/09\/ff31f667-forest_fire_california.jpg\" alt=\"De wereld staat in brand \u2013 fotoreportage\" class=\"wp-image-17147\" srcset=\"https:\/\/www.greenpeace.org\/static\/planet4-belgium-stateless\/2020\/09\/ff31f667-forest_fire_california.jpg 999w, https:\/\/www.greenpeace.org\/static\/planet4-belgium-stateless\/2020\/09\/ff31f667-forest_fire_california-300x199.jpg 300w, https:\/\/www.greenpeace.org\/static\/planet4-belgium-stateless\/2020\/09\/ff31f667-forest_fire_california-768x510.jpg 768w, https:\/\/www.greenpeace.org\/static\/planet4-belgium-stateless\/2020\/09\/ff31f667-forest_fire_california-510x338.jpg 510w\" sizes=\"auto, (max-width: 999px) 100vw, 999px\" \/><\/figure>\n\n<p>Ook Californi\u00eb in de Verenigde Staten wordt geteisterd door oncontroleerbaar vuur. Honderdduizenden mensen hebben hun huis moeten verlaten. Door de branden heeft de staat momenteel de slechtste luchtkwaliteit ter wereld.&nbsp;<\/p>\n\n<p>De klimaatverandering maakt de branden nog verwoestender. De extreme warmte en droogte wakkeren de vlammen aan en verlengen het brandseizoen.&nbsp;<\/p>\n\n<p>Ondertussen nemen de COVID-19-gevallen in Californi\u00eb verder toe en lijdt de luchtkwaliteit onder de branden. Dit brengt risico\u2019s met zich mee voor de niet-witte en inheemse gemeenschappen die het kwetsbaarst zijn voor de pandemie. De pandemie compliceert ook de organisatie van het brandblussen en de evacuatie van slachtoffers.&nbsp;<\/p>\n\n<h3 class=\"wp-block-heading\">Siberi\u00eb<\/h3>\n\n<figure class=\"wp-block-image size-large  caption-style-blue-overlay caption-alignment-center\"><img loading=\"lazy\" decoding=\"async\" width=\"999\" height=\"663\" src=\"http:\/\/www.greenpeace.org\/belgium\/wp-content\/uploads\/2020\/09\/2afd23c5-forest_fire_russia.jpg\" alt=\"De wereld staat in brand \u2013 fotoreportage\" class=\"wp-image-17149\" srcset=\"https:\/\/www.greenpeace.org\/static\/planet4-belgium-stateless\/2020\/09\/2afd23c5-forest_fire_russia.jpg 999w, https:\/\/www.greenpeace.org\/static\/planet4-belgium-stateless\/2020\/09\/2afd23c5-forest_fire_russia-300x199.jpg 300w, https:\/\/www.greenpeace.org\/static\/planet4-belgium-stateless\/2020\/09\/2afd23c5-forest_fire_russia-768x510.jpg 768w, https:\/\/www.greenpeace.org\/static\/planet4-belgium-stateless\/2020\/09\/2afd23c5-forest_fire_russia-510x338.jpg 510w\" sizes=\"auto, (max-width: 999px) 100vw, 999px\" \/><\/figure>\n\n<p>In Siberi\u00eb bracht de zomer enorme hittegolven, hevige bosbranden en olielekken door de smeltende permafrost. Volgens satellietgegevens bedraagt de totale verbrande oppervlakte in Rusland sinds het begin van 2020 minstens 22 miljoen hectare. Meer dan 14 miljoen hectare hiervan is aangetast door bosbranden. De meeste branden worden niet bestreden. Wettelijk zijn de Russische autoriteiten hier niet toe verplicht omdat de economische gevolgen niet opwegen tegen de middelen die nodig zijn om die branden te bestrijden.&nbsp;<\/p>\n\n<p>In al deze landen is het cruciaal dat de lokale leiders nu echte actie ondernemen om de bossen en de bevolking te beschermen. We moeten als een globale gemeenschap samenwerken om oplossingen te vinden om de klimaatcrisis tegen te houden.<\/p>\n\n<a class=\"cta-blog-button\" href=\"https:\/\/www.greenpeace.org\/belgium\/nl\/mee-doen\/code-rood-droogte-en-waterschaarste\/\" target=\"_blank\" rel=\"noopener noreferrer\">Teken onze petitie voor klimaatactie<\/a>\n\n<span class=\"shareSocialArea\">\n<a class=\"shareFacebook\" href=\"https:\/\/www.facebook.com\/sharer\/sharer.php?u=https:\/\/www.greenpeace.org\/belgium\/nl\/story\/17140\/de-wereld-staat-in-brand-fotoreportage\/\" target=\"_blank\" rel=\"noopener noreferrer\">Ik deel op Facebook<\/a>\n<a class=\"shareTwitter\" href=\"https:\/\/twitter.com\/share?url=https:\/\/www.greenpeace.org\/belgium\/nl\/story\/17140\/de-wereld-staat-in-brand-fotoreportage\/&#038;text=De%20wereld%20staat%20in%20brand%20%E2%80%93%20fotoreportage%20-%20Het%20seizoen%20van%20bosbranden%20woedt%20volop.%20In%20verschillende%20regio%27s%20wereldwijd%20gaat%20de%20natuur%20in%20vlammen%20op.%20De%20branden%20worden%20elk%20jaar%20langer%20en%20heviger.%20%20via%20@greenpeace_be&#038;related=greenpeace_be\" target=\"_blank\" rel=\"noopener noreferrer\">Ik deel op Twitter<\/a>\n<a class=\"shareWhatsapp\" href=\"https:\/\/api.whatsapp.com\/send?text=De+wereld+staat+in+brand+%E2%80%93+fotoreportage+https%3A%2F%2Fwww.greenpeace.org%2Fbelgium%2Fnl%2Fstory%2F17140%2Fde-wereld-staat-in-brand-fotoreportage%2F\" target=\"_blank\" rel=\"noopener noreferrer\">Ik deel op Whatsapp<\/a>\n<\/span>\n\n<table class=\"hideme\" style=\"width: 100%;\" width=\"100%\">\n<tbody>\n<tr style=\"width: 100%;\">\n<td class=\"icon\"><a href=\"https:\/\/www.facebook.com\/greenpeace.belgium\" target=\"_blank\" rel=\"noopener noreferrer\">\n<img decoding=\"async\" title=\"Facebook\" src=\"http:\/\/www.greenpeace.org\/belgium\/wp-content\/uploads\/2019\/09\/09281872-fb.png\" alt=\"Facebook\" width=\"100%\">\n<\/a><\/td>\n<td class=\"name\"><a href=\"https:\/\/www.facebook.com\/greenpeace.belgium\" target=\"_blank\" rel=\"noopener noreferrer\">\nFacebook\n<\/a><\/td>\n<td class=\"icon\"><a href=\"https:\/\/www.instagram.com\/greenpeace_be\/\" target=\"_blank\" rel=\"noopener noreferrer\">\n<img decoding=\"async\" title=\"Instagram\" src=\"http:\/\/www.greenpeace.org\/belgium\/wp-content\/uploads\/2019\/09\/89871ad4-insta.png\" alt=\"Instagram\" width=\"100%\">\n<\/a><\/td>\n<td class=\"name\"><a href=\"https:\/\/www.instagram.com\/greenpeace_be\/\" target=\"_blank\" rel=\"noopener noreferrer\">\nInstagram\n<\/a><\/td>\n<td class=\"icon\"><a href=\"https:\/\/twitter.com\/greenpeace_be\" target=\"_blank\" rel=\"noopener noreferrer\">\n<img decoding=\"async\" title=\"Twitter\" src=\"http:\/\/www.greenpeace.org\/belgium\/wp-content\/uploads\/2019\/09\/aebb8c6a-tw.png\" alt=\"Twitter\" width=\"100%\">\n<\/a><\/td>\n<td class=\"name\"><a href=\"https:\/\/twitter.com\/greenpeace_be\" target=\"_blank\" rel=\"noopener noreferrer\">\nTwitter\n<\/a><\/td>\n<td class=\"icon\"><a href=\"https:\/\/www.youtube.com\/user\/GreenpeaceBelgium\" target=\"_blank\" rel=\"noopener noreferrer\">\n<img decoding=\"async\" title=\"YouTube\" src=\"http:\/\/www.greenpeace.org\/belgium\/wp-content\/uploads\/2019\/09\/4fd7759c-yt.png\" alt=\"YouTube\" width=\"100%\">\n<\/a><\/td>\n<td class=\"name\"><a href=\"https:\/\/www.youtube.com\/user\/GreenpeaceBelgium\" target=\"_blank\" rel=\"noopener noreferrer\">\nYouTube\n<\/a><\/td>\n<td class=\"icon\"><a href=\"https:\/\/www.pinterest.com\/greenpeacebe\/\" target=\"_blank\" rel=\"noopener noreferrer\">\n<img decoding=\"async\" title=\"YouTube\" src=\"http:\/\/www.greenpeace.org\/belgium\/wp-content\/uploads\/2020\/05\/4454201c-pinterest.png\" alt=\"Pinterest\" width=\"100%\">\n<\/a><\/td>\n<td class=\"name\"><a href=\"https:\/\/www.pinterest.com\/greenpeacebe\/\" target=\"_blank\" rel=\"noopener noreferrer\">\nPinterest\n<\/a><\/td>\n<\/tr>\n<\/tbody>\n<\/table>\n<div class=\"EmptyMessage\">Block content is empty. Check the block&#8217;s settings or remove it.<\/div>","protected":false},"excerpt":{"rendered":"<p>Het seizoen van bosbranden woedt volop. In verschillende regio&#8217;s wereldwijd gaat de natuur in vlammen op. De branden worden elk jaar langer en heviger. De stijgende temperaturen drogen onze bossen&hellip;<\/p>\n","protected":false},"author":49,"featured_media":17149,"comment_status":"closed","ping_status":"closed","sticky":false,"template":"","format":"standard","meta":{"ep_exclude_from_search":false,"p4_og_title":"De wereld staat in brand \u2013 fotoreportage","p4_og_description":"Het seizoen van bosbranden woedt volop. In verschillende regio's wereldwijd gaat de natuur in vlammen op. De branden worden elk jaar langer en heviger. ","p4_og_image":"","p4_og_image_id":"","p4_seo_canonical_url":"","p4_campaign_name":"not set","p4_local_project":"not set","p4_basket_name":"not set","p4_department":"","footnotes":""},"categories":[110],"tags":[103],"p4-page-type":[122],"class_list":["post-17140","post","type-post","status-publish","format-standard","has-post-thumbnail","hentry","category-de-planeet-heeft-je-nodig","tag-klimaat","p4-page-type-stories"],"_links":{"self":[{"href":"https:\/\/www.greenpeace.org\/belgium\/nl\/wp-json\/wp\/v2\/posts\/17140","targetHints":{"allow":["GET"]}}],"collection":[{"href":"https:\/\/www.greenpeace.org\/belgium\/nl\/wp-json\/wp\/v2\/posts"}],"about":[{"href":"https:\/\/www.greenpeace.org\/belgium\/nl\/wp-json\/wp\/v2\/types\/post"}],"author":[{"embeddable":true,"href":"https:\/\/www.greenpeace.org\/belgium\/nl\/wp-json\/wp\/v2\/users\/49"}],"replies":[{"embeddable":true,"href":"https:\/\/www.greenpeace.org\/belgium\/nl\/wp-json\/wp\/v2\/comments?post=17140"}],"version-history":[{"count":5,"href":"https:\/\/www.greenpeace.org\/belgium\/nl\/wp-json\/wp\/v2\/posts\/17140\/revisions"}],"predecessor-version":[{"id":25288,"href":"https:\/\/www.greenpeace.org\/belgium\/nl\/wp-json\/wp\/v2\/posts\/17140\/revisions\/25288"}],"wp:featuredmedia":[{"embeddable":true,"href":"https:\/\/www.greenpeace.org\/belgium\/nl\/wp-json\/wp\/v2\/media\/17149"}],"wp:attachment":[{"href":"https:\/\/www.greenpeace.org\/belgium\/nl\/wp-json\/wp\/v2\/media?parent=17140"}],"wp:term":[{"taxonomy":"category","embeddable":true,"href":"https:\/\/www.greenpeace.org\/belgium\/nl\/wp-json\/wp\/v2\/categories?post=17140"},{"taxonomy":"post_tag","embeddable":true,"href":"https:\/\/www.greenpeace.org\/belgium\/nl\/wp-json\/wp\/v2\/tags?post=17140"},{"taxonomy":"p4-page-type","embeddable":true,"href":"https:\/\/www.greenpeace.org\/belgium\/nl\/wp-json\/wp\/v2\/p4-page-type?post=17140"}],"curies":[{"name":"wp","href":"https:\/\/api.w.org\/{rel}","templated":true}]}}