{"id":20038,"date":"2021-01-25T16:48:56","date_gmt":"2021-01-25T15:48:56","guid":{"rendered":"https:\/\/www.greenpeace.org\/belgium\/?p=20038"},"modified":"2021-12-01T14:03:07","modified_gmt":"2021-12-01T13:03:07","slug":"zonne-energie-voor-iedereen","status":"publish","type":"post","link":"https:\/\/www.greenpeace.org\/belgium\/nl\/stories\/20038\/zonne-energie-voor-iedereen\/","title":{"rendered":"Zonne-energie voor iedereen!"},"content":{"rendered":"\n<p><strong>De zon schijnt voor iedereen, maar toch kan nog niet iedereen profiteren van zonne-energie. Gezinnen die wonen in een appartement, huurhuis of een woning zonder geschikt dak kunnen helaas vaak geen gebruik maken van deze goedkope en propere bron van energie. Althans, nog voor even, want nog voor de zomer moet dit veel eenvoudiger en interessanter worden. Zo kan binnenkort iedereen profiteren van voordelige zonnestroom, met of zonder zonnepanelen.&nbsp;<\/strong><\/p>\n\n<span class=\"mid-button-fix\"><a class=\"cta-blog-button-mid\" href=\"https:\/\/act.greenpeace.org\/page\/74516\/action\/1\" target=\"_blank\" rel=\"noopener noreferrer\">Ik teken de petitie<\/a><\/span>\n\n<p>Zonne-energie kan zonder twijfel de motor van een democratische energietransitie genoemd worden. Het is de goedkoopste en \u00e9\u00e9n van de properste bronnen van energie met een enorm onbenut potentieel in Belgi\u00eb. Daarom stelden we in een <a href=\"https:\/\/www.greenpeace.org\/belgium\/nl\/story\/18029\/zonne-energie-is-de-weg-vooruit-naar-20-gw-tegen-2030\/\">vorige blog<\/a> reeds 20 GW zonne-energie tegen 2030 als doel. Helaas komen zonnepanelen soms in een slecht daglicht, zoals zeer recent in Vlaanderen nog gebeurde toen het Grondwettelijk Hof de overgangsmaatregel van de terugdraaiende teller vernietigde. De terugverdientijd van een installatie werd plots een stuk langer en gezinnen verloren aan rendement. Kortzichtige regelgeving en loze beloftes zorgden er al verschillende keren voor dat het investeringsvertrouwen in zonnepanelen een stevige deuk kreeg. Dat is jammer, want zonne-energie is goed voor het klimaat en zou ook goed moeten zijn voor je portefeuille.&nbsp;<\/p>\n\n<figure class=\"wp-block-image size-large  caption-style-medium caption-alignment-center\"><img loading=\"lazy\" decoding=\"async\" width=\"1024\" height=\"683\" src=\"https:\/\/www.greenpeace.org\/static\/planet4-belgium-stateless\/2019\/02\/52fd9c87-istock-510009422-1024x683.jpg\" alt=\"Zonne-energie voor iedereen!\" class=\"wp-image-3650\" srcset=\"https:\/\/www.greenpeace.org\/static\/planet4-belgium-stateless\/2019\/02\/52fd9c87-istock-510009422-1024x683.jpg 1024w, https:\/\/www.greenpeace.org\/static\/planet4-belgium-stateless\/2019\/02\/52fd9c87-istock-510009422-300x200.jpg 300w, https:\/\/www.greenpeace.org\/static\/planet4-belgium-stateless\/2019\/02\/52fd9c87-istock-510009422-768x513.jpg 768w, https:\/\/www.greenpeace.org\/static\/planet4-belgium-stateless\/2019\/02\/52fd9c87-istock-510009422-2048x1366.jpg 2048w, https:\/\/www.greenpeace.org\/static\/planet4-belgium-stateless\/2019\/02\/52fd9c87-istock-510009422-510x340.jpg 510w\" sizes=\"auto, (max-width: 1024px) 100vw, 1024px\" \/><\/figure>\n\n<h3 class=\"wp-block-heading\">2021: een jaar van kansen voor iedereen<\/h3>\n\n<p>2021 is een belangrijk jaar voor zonne-energie en zit gelukkig boordevol opportuniteiten en kansen. De regionale overheden moeten immers de Europese Richtlijn Hernieuwbare Energie tegen het begin van de zomer hebben omgezet in regionale wetgeving.&nbsp;<\/p>\n\n<p>De burger staat centraal in deze richtlijn en krijgt tal van nieuwe rechten die de energiemarkt wel eens fors overhoop zouden kunnen gooien.&nbsp;<\/p>\n\n<p>Zo moet het bijvoorbeeld mogelijk worden om energiegemeenschappen op te richten waarbij overtollige elektriciteit van zonnepanelen voordelig verkocht kan worden aan de deelnemers zonder zonnepanelen. Deelnemers in een energiegemeenschap zullen ook samen kunnen investeren in zonnepanelen op het dak van de buurtschool of de sporthal en deze elektriciteit zelf kunnen verbruiken. Zonne-energie kan zo voordelig verkocht en geruild worden binnen de energiegemeenschap en wordt dus \u00e9cht toegankelijk voor iedereen, ook voor gezinnen zonder zonnepanelen.&nbsp;&nbsp;<\/p>\n\n<p>Gezien de voordelen die deze collectieve systemen hebben op het elektriciteitsnet is een sterke reductie in netkosten verdedigbaar. Zo kan er een economisch model gecre\u00eberd worden waarbij gezinnen met niet gebruikte stroom uit hun zonnepanelen die tegen een iets hogere prijs aan andere gezinnen kunnen verkopen dan ze zouden krijgen door die gewoon op het net te plaatsen. Die laatste betalen dan weer een lagere prijs voor deze elektriciteit door de reductie in netkosten. Zo hebben zowel de gezinnen met als zonder zonnepanelen voordeel bij deze energiegemeenschappen.&nbsp;<\/p>\n\n<p>De omzetting van de Europese richtlijn is het uitgelezen moment om het regelgevend kader voor zonnepanelen grondig te hervormen en <em>alle <\/em>burgers te laten profiteren van zonne-energie. Met een stabiel, transparant en toekomstgericht kader kunnen onze regionale overheden het investeringsvertrouwen in zonnepanelen herstellen en behouden. Zo wordt zonne-energie toegankelijk en rendabel voor iedereen, met of zonder eigen zonnepanelen.&nbsp;<\/p>\n\n<h3 class=\"wp-block-heading\">Teken onze petitie<\/h3>\n\n<p>Er is nog een lange weg af te leggen voordat \u00e9cht iedereen van voordelige zonnestroom kan genieten. De teksten voor de omzetting van de Europese richtlijn zijn vandaag nog niet sterk genoeg, en ook in de bestaande regelgeving moeten er nog obstakels en hindernissen weggewerkt worden. Greenpeace lanceerde daarom een petitie en eist van onze ministers van energie een stabiel, transparant en eenvoudig regelgevend kader dat een sterk economisch model cre\u00ebert. Teken onze petitie!\u00a0<\/p>\n\n<a class=\"cta-blog-button\" href=\"https:\/\/act.greenpeace.org\/page\/74516\/action\/1\" target=\"_blank\" rel=\"noopener noreferrer\">Ik teken de petitie<\/a>\n\n<span class=\"shareSocialArea\">\n<a class=\"shareFacebook\" href=\"https:\/\/www.facebook.com\/sharer\/sharer.php?u=https:\/\/www.greenpeace.org\/belgium\/nl\/story\/20038\/zonne-energie-voor-iedereen\/\" target=\"_blank\" rel=\"noopener noreferrer\">Ik deel op Facebook<\/a>\n<a class=\"shareTwitter\" href=\"https:\/\/twitter.com\/share?url=https:\/\/www.greenpeace.org\/belgium\/nl\/story\/20038\/zonne-energie-voor-iedereen\/&#038;text=Zonne-energie%20voor%20iedereen%21%20-%20De%20zon%20schijnt%20voor%20iedereen,%20maar%20toch%20kan%20nog%20niet%20iedereen%20profiteren%20van%20zonne-energie.%20Althans,%20nog%20voor%20even,%20want%20nog%20voor%20de%20zomer%20moet%20dit%20veel%20eenvoudiger%20en%20interessanter%20worden.%20via%20@greenpeace_be&#038;related=greenpeace_be\" target=\"_blank\" rel=\"noopener noreferrer\">Ik deel op Twitter<\/a>\n<a class=\"shareWhatsapp\" href=\"https:\/\/api.whatsapp.com\/send?text=Zonne-energie+voor+iedereen%21+https%3A%2F%2Fwww.greenpeace.org%2Fbelgium%2Fnl%2Fstory%2F20038%2Fzonne-energie-voor-iedereen%2F\" target=\"_blank\" rel=\"noopener noreferrer\">Ik deel op Whatsapp<\/a>\n<\/span>\n\n<table class=\"hideme\" style=\"width: 100%;\" width=\"100%\">\n<tbody>\n<tr style=\"width: 100%;\">\n<td class=\"icon\"><a href=\"https:\/\/www.facebook.com\/greenpeace.belgium\" target=\"_blank\" rel=\"noopener noreferrer\">\n<img decoding=\"async\" title=\"Facebook\" src=\"https:\/\/storage.googleapis.com\/planet4-belgium-stateless\/2019\/09\/09281872-fb.png\" alt=\"Facebook\" width=\"100%\">\n<\/a><\/td>\n<td class=\"name\"><a href=\"https:\/\/www.facebook.com\/greenpeace.belgium\" target=\"_blank\" rel=\"noopener noreferrer\">\nFacebook\n<\/a><\/td>\n<td class=\"icon\"><a href=\"https:\/\/www.instagram.com\/greenpeace_be\/\" target=\"_blank\" rel=\"noopener noreferrer\">\n<img decoding=\"async\" title=\"Instagram\" src=\"https:\/\/storage.googleapis.com\/planet4-belgium-stateless\/2019\/09\/89871ad4-insta.png\" alt=\"Instagram\" width=\"100%\">\n<\/a><\/td>\n<td class=\"name\"><a href=\"https:\/\/www.instagram.com\/greenpeace_be\/\" target=\"_blank\" rel=\"noopener noreferrer\">\nInstagram\n<\/a><\/td>\n<td class=\"icon\"><a href=\"https:\/\/twitter.com\/greenpeace_be\" target=\"_blank\" rel=\"noopener noreferrer\">\n<img decoding=\"async\" title=\"Twitter\" src=\"https:\/\/storage.googleapis.com\/planet4-belgium-stateless\/2019\/09\/aebb8c6a-tw.png\" alt=\"Twitter\" width=\"100%\">\n<\/a><\/td>\n<td class=\"name\"><a href=\"https:\/\/twitter.com\/greenpeace_be\" target=\"_blank\" rel=\"noopener noreferrer\">\nTwitter\n<\/a><\/td>\n<td class=\"icon\"><a href=\"https:\/\/www.youtube.com\/user\/GreenpeaceBelgium\" target=\"_blank\" rel=\"noopener noreferrer\">\n<img decoding=\"async\" title=\"YouTube\" src=\"https:\/\/storage.googleapis.com\/planet4-belgium-stateless\/2019\/09\/4fd7759c-yt.png\" alt=\"YouTube\" width=\"100%\">\n<\/a><\/td>\n<td class=\"name\"><a href=\"https:\/\/www.youtube.com\/user\/GreenpeaceBelgium\" target=\"_blank\" rel=\"noopener noreferrer\">\nYouTube\n<\/a><\/td>\n<td class=\"icon\"><a href=\"https:\/\/www.pinterest.com\/greenpeacebe\/\" target=\"_blank\" rel=\"noopener noreferrer\">\n<img decoding=\"async\" title=\"YouTube\" src=\"https:\/\/storage.googleapis.com\/planet4-belgium-stateless\/2020\/05\/4454201c-pinterest.png\" alt=\"Pinterest\" width=\"100%\">\n<\/a><\/td>\n<td class=\"name\"><a href=\"https:\/\/www.pinterest.com\/greenpeacebe\/\" target=\"_blank\" rel=\"noopener noreferrer\">\nPinterest\n<\/a><\/td>\n<\/tr>\n<\/tbody>\n<\/table>\n<div class=\"EmptyMessage\">Block content is empty. Check the block&#8217;s settings or remove it.<\/div>","protected":false},"excerpt":{"rendered":"<p>De zon schijnt voor iedereen, maar toch kan nog niet iedereen profiteren van zonne-energie. Althans, nog voor even, want nog voor de zomer moet dit veel eenvoudiger en interessanter worden. <\/p>\n","protected":false},"author":49,"featured_media":20039,"comment_status":"closed","ping_status":"closed","sticky":false,"template":"","format":"standard","meta":{"ep_exclude_from_search":false,"p4_og_title":"Zonne-energie voor iedereen!","p4_og_description":"De zon schijnt voor iedereen, maar toch kan nog niet iedereen profiteren van zonne-energie. Althans, nog voor even, want nog voor de zomer moet dit veel eenvoudiger en interessanter worden. ","p4_og_image":"","p4_og_image_id":"","p4_seo_canonical_url":"","p4_campaign_name":"not set","p4_local_project":"not set","p4_basket_name":"not set","p4_department":"","footnotes":""},"categories":[109],"tags":[87],"p4-page-type":[122],"class_list":["post-20038","post","type-post","status-publish","format-standard","has-post-thumbnail","hentry","category-kleine-veranderingen-grote-gevolgen","tag-energie-nl","p4-page-type-stories"],"_links":{"self":[{"href":"https:\/\/www.greenpeace.org\/belgium\/nl\/wp-json\/wp\/v2\/posts\/20038","targetHints":{"allow":["GET"]}}],"collection":[{"href":"https:\/\/www.greenpeace.org\/belgium\/nl\/wp-json\/wp\/v2\/posts"}],"about":[{"href":"https:\/\/www.greenpeace.org\/belgium\/nl\/wp-json\/wp\/v2\/types\/post"}],"author":[{"embeddable":true,"href":"https:\/\/www.greenpeace.org\/belgium\/nl\/wp-json\/wp\/v2\/users\/49"}],"replies":[{"embeddable":true,"href":"https:\/\/www.greenpeace.org\/belgium\/nl\/wp-json\/wp\/v2\/comments?post=20038"}],"version-history":[{"count":4,"href":"https:\/\/www.greenpeace.org\/belgium\/nl\/wp-json\/wp\/v2\/posts\/20038\/revisions"}],"predecessor-version":[{"id":25180,"href":"https:\/\/www.greenpeace.org\/belgium\/nl\/wp-json\/wp\/v2\/posts\/20038\/revisions\/25180"}],"wp:featuredmedia":[{"embeddable":true,"href":"https:\/\/www.greenpeace.org\/belgium\/nl\/wp-json\/wp\/v2\/media\/20039"}],"wp:attachment":[{"href":"https:\/\/www.greenpeace.org\/belgium\/nl\/wp-json\/wp\/v2\/media?parent=20038"}],"wp:term":[{"taxonomy":"category","embeddable":true,"href":"https:\/\/www.greenpeace.org\/belgium\/nl\/wp-json\/wp\/v2\/categories?post=20038"},{"taxonomy":"post_tag","embeddable":true,"href":"https:\/\/www.greenpeace.org\/belgium\/nl\/wp-json\/wp\/v2\/tags?post=20038"},{"taxonomy":"p4-page-type","embeddable":true,"href":"https:\/\/www.greenpeace.org\/belgium\/nl\/wp-json\/wp\/v2\/p4-page-type?post=20038"}],"curies":[{"name":"wp","href":"https:\/\/api.w.org\/{rel}","templated":true}]}}