{"id":23148,"date":"2021-07-14T16:20:52","date_gmt":"2021-07-14T14:20:52","guid":{"rendered":"https:\/\/www.greenpeace.org\/belgium\/?p=23148"},"modified":"2021-07-14T16:20:55","modified_gmt":"2021-07-14T14:20:55","slug":"fit-for-55-ook-belgie-en-gewesten-moeten-aan-de-bak-voor-ambitieus-en-sociaal-klimaatbeleid","status":"publish","type":"post","link":"https:\/\/www.greenpeace.org\/belgium\/nl\/persbericht\/23148\/fit-for-55-ook-belgie-en-gewesten-moeten-aan-de-bak-voor-ambitieus-en-sociaal-klimaatbeleid\/","title":{"rendered":"\u2018Fit for 55\u2019: ook Belgi\u00eb en gewesten moeten aan de bak voor ambitieus en sociaal klimaatbeleid"},"content":{"rendered":"\n<p><strong>Met de 13 wetsvoorstellen van \u201cFit For 55\u201d lanceert de Europese Commissie een&nbsp; maatregelenpakket over alle beleidsdomeinen heen om de klimaatopwarming tegen te gaan. Zo\u2019n omvattende aanpak is noodzakelijk, maar de huidige voorstellen schieten tekort om fossiele brandstoffen uit te faseren, de vervuiler te doen betalen en en de klimaatopwarming te beperken tot 1,5\u00b0. Toch is de impact groot, en zullen Belgi\u00eb en de drie gewesten de komende jaren meer dan \u00e9\u00e9n tandje moeten bijsteken. Ze moeten nu volop de kaart trekken van een ambitieus en sociaal klimaatbeleid. Dat zal vooral kansen opleveren.&nbsp;<\/strong><\/p>\n\n<h2 class=\"wp-block-heading\">Omvattend pakket<\/h2>\n\n<p>De wetsvoorstellen van het Fit for 55-pakket bestrijken zowat de hele Europese economie en moeten invulling geven aan de Europese Green Deal. Zo worden onder meer lucht- en scheepvaart in het emissiehandelssysteem opgenomen. LULUCF, het programma om koolstof op te slaan in de bodems van bossen, venen en graslanden wordt een stuk dwingender. En er wordt een prijs gekleefd op de CO2-uitstoot van gebouwen en transport. Ook legt de Europese Commissie 2035 als einddatum voor de verkoop van wagens met een verbrandingsmotor op tafel.&nbsp;<\/p>\n\n<h2 class=\"wp-block-heading\">Sociaal klimaatbeleid cruciaal<\/h2>\n\n<p>De Europese Commissie legt in haar voorstel veel nadruk op het belang van een sociale klimaattransitie. Via het Sociaal Klimaatfonds laat de Commissie een deel van de inkomsten van de emissiehandel doorstromen naar de zwakkeren in de samenleving. Die middelen zijn ook in Belgi\u00eb bijzonder welkom. Toch ontslaat het Belgi\u00eb en de gewesten allerminst van hun eigen verantwoordelijkheden. Meer dan 1 op 5 Belgische gezinnen leeft in energiearmoede, een cijfer dat al jaren niet meer daalt omdat structureel beleid ontbreekt. Klimaatbeleid kan enkel slagen als iedereen mee kan. Een rechtvaardig en sociaal klimaatbeleid is cruciaal.&nbsp;<\/p>\n\n<h2 class=\"wp-block-heading\">Belgi\u00eb en gewesten moeten klimaatkansen grijpen<\/h2>\n\n<p>Belgi\u00eb zal haar eigen doelstelling voor de niet-ETS sectoren (transport, huishoudens, handel &amp; diensten, landbouw) moeten aanscherpen van -35% naar minimaal -47%, een inspanning die nog verdeeld moet worden tussen het federale niveau en de gewesten.&nbsp;<\/p>\n\n<p>Terwijl de federale, Brusselse en Waalse regering ondubbelzinnig de Green Deal en de tussentijdse -55%-doelstelling steunen, staat Vlaanderen al jaren op de rem. Het is tijd om volop de kansen te grijpen die Europa aanbiedt. De energie- en klimaattransitie zal tot 80.000 nieuwe jobs in Belgi\u00eb cre\u00ebren, propere lucht opleveren, maar ook energiezuinige woningen en leefbare steden en gemeenten.&nbsp;<\/p>\n\n<h2 class=\"wp-block-heading\">Not fit for 1,5\u00b0<\/h2>\n\n<p>Het Fit for 55-pakket volstaat helaas niet om de klimaatopwarming onder de 1,5\u00b0 te houden, de afspraak uit het Parijsakkoord. Als milieubeweging vragen we het Europese Parlement en de Raad om de richtlijnen verder aan te scherpen in lijn met de wetenschap. Zo niet, dreigen we de centrale ambitie van de Europese Green Deal, klimaatneutraliteit in 2050, te missen.<\/p>\n\n<p>De discussies tussen de Europese Commissie, de Europese Raad en het Europees Parlement beloven pittig te worden de komende twee \u00e0 drie jaar, tot wanneer alles beklonken is. De milieubeweging verwacht dat Belgi\u00eb een constructieve en ambitieuze positie inneemt tijdens die onderhandelingen. Gelukkig hoeven onze overheden helemaal niet te wachten tot het pakket uitonderhandeld is om in actie te schieten: tal van knelpunten en kansen zijn bekend, en de oplossingen liggen klaar.<\/p>\n\n<p>We staan op een kruispunt voor onze toekomst en die van de toekomstige generaties. Het is hoog tijd om de sociaal-rechtvaardige klimaattransitie in Belgi\u00eb te versnellen.<\/p>\n\n<p><strong>Ondertekenaars:<\/strong><\/p>\n\n<p>Bond Beter Leefmilieu: Benjamin Clarysse (0485 89 28 64)<br>BRAL &#8211; Stadsbeweging voor Brussel<br>Greenpeace: Carine Thibaut (0483 34 08 83)<br>Inter Environnement Wallonie<br>Natuurpunt<br>WWF: Koen Stuyck (0499708641)<\/p>\n","protected":false},"excerpt":{"rendered":"<p>Met de 13 wetsvoorstellen van \u201cFit For 55\u201d lanceert de Europese Commissie een  maatregelenpakket over alle beleidsdomeinen heen om de klimaatopwarming tegen te gaan. Zo\u2019n omvattende aanpak is noodzakelijk, maar de huidige voorstellen schieten tekort om fossiele brandstoffen uit te faseren, de vervuiler te doen betalen en en de klimaatopwarming te beperken tot 1,5\u00b0. Toch is de impact groot, en zullen Belgi\u00eb en de drie gewesten de komende jaren meer dan \u00e9\u00e9n tandje moeten bijsteken. Ze moeten nu volop de kaart trekken van een ambitieus en sociaal klimaatbeleid. Dat zal vooral kansen opleveren. <\/p>\n","protected":false},"author":50,"featured_media":23149,"comment_status":"closed","ping_status":"closed","sticky":false,"template":"","format":"standard","meta":{"ep_exclude_from_search":false,"p4_og_title":"","p4_og_description":"","p4_og_image":"","p4_og_image_id":"","p4_seo_canonical_url":"","p4_campaign_name":"not set","p4_local_project":"not set","p4_basket_name":"not set","p4_department":"","footnotes":""},"categories":[21],"tags":[100,103],"p4-page-type":[121],"class_list":["post-23148","post","type-post","status-publish","format-standard","has-post-thumbnail","hentry","category-geen-onderdeel-van-een-categorie","tag-politiek","tag-klimaat","p4-page-type-persbericht"],"_links":{"self":[{"href":"https:\/\/www.greenpeace.org\/belgium\/nl\/wp-json\/wp\/v2\/posts\/23148","targetHints":{"allow":["GET"]}}],"collection":[{"href":"https:\/\/www.greenpeace.org\/belgium\/nl\/wp-json\/wp\/v2\/posts"}],"about":[{"href":"https:\/\/www.greenpeace.org\/belgium\/nl\/wp-json\/wp\/v2\/types\/post"}],"author":[{"embeddable":true,"href":"https:\/\/www.greenpeace.org\/belgium\/nl\/wp-json\/wp\/v2\/users\/50"}],"replies":[{"embeddable":true,"href":"https:\/\/www.greenpeace.org\/belgium\/nl\/wp-json\/wp\/v2\/comments?post=23148"}],"version-history":[{"count":1,"href":"https:\/\/www.greenpeace.org\/belgium\/nl\/wp-json\/wp\/v2\/posts\/23148\/revisions"}],"predecessor-version":[{"id":23151,"href":"https:\/\/www.greenpeace.org\/belgium\/nl\/wp-json\/wp\/v2\/posts\/23148\/revisions\/23151"}],"wp:featuredmedia":[{"embeddable":true,"href":"https:\/\/www.greenpeace.org\/belgium\/nl\/wp-json\/wp\/v2\/media\/23149"}],"wp:attachment":[{"href":"https:\/\/www.greenpeace.org\/belgium\/nl\/wp-json\/wp\/v2\/media?parent=23148"}],"wp:term":[{"taxonomy":"category","embeddable":true,"href":"https:\/\/www.greenpeace.org\/belgium\/nl\/wp-json\/wp\/v2\/categories?post=23148"},{"taxonomy":"post_tag","embeddable":true,"href":"https:\/\/www.greenpeace.org\/belgium\/nl\/wp-json\/wp\/v2\/tags?post=23148"},{"taxonomy":"p4-page-type","embeddable":true,"href":"https:\/\/www.greenpeace.org\/belgium\/nl\/wp-json\/wp\/v2\/p4-page-type?post=23148"}],"curies":[{"name":"wp","href":"https:\/\/api.w.org\/{rel}","templated":true}]}}