{"id":23922,"date":"2021-05-07T16:19:00","date_gmt":"2021-05-07T14:19:00","guid":{"rendered":"https:\/\/www.greenpeace.org\/belgium\/?p=23922"},"modified":"2021-09-14T16:26:18","modified_gmt":"2021-09-14T14:26:18","slug":"en-het-winnende-ontwerp-is","status":"publish","type":"post","link":"https:\/\/www.greenpeace.org\/belgium\/nl\/stories\/23922\/en-het-winnende-ontwerp-is\/","title":{"rendered":"En het winnende ontwerp is&#8230;"},"content":{"rendered":"\t\t\t<section\n\t\t\tclass=\"boxout  \"\n\t\t\t\n\t\t>\n\t\t\t<a\n\t\t\t\tdata-ga-category=\"Take Action Boxout\"\n\t\t\t\tdata-ga-action=\"Image\"\n\t\t\t\tdata-ga-label=\"n\/a\"\n\t\t\t\tclass=\"cover-card-overlay\"\n\t\t\t\thref=\"https:\/\/www.greenpeace.org\/belgium\/nl\/50-jaar\/\" \n\t\t\t><\/a>\n\t\t\t\t\t\t\t<img\n\t\t\t\t\t\tsrc=\"https:\/\/www.greenpeace.org\/static\/planet4-belgium-stateless\/2021\/09\/fa6ad206-01-1024x686.jpg\"\n\t\t\t\t\t\tsrcset=\"https:\/\/www.greenpeace.org\/static\/planet4-belgium-stateless\/2021\/09\/fa6ad206-01-300x201.jpg 300w, https:\/\/www.greenpeace.org\/static\/planet4-belgium-stateless\/2021\/09\/fa6ad206-01-1024x686.jpg 1024w, https:\/\/www.greenpeace.org\/static\/planet4-belgium-stateless\/2021\/09\/fa6ad206-01-768x515.jpg 768w, https:\/\/www.greenpeace.org\/static\/planet4-belgium-stateless\/2021\/09\/fa6ad206-01-507x340.jpg 507w, https:\/\/www.greenpeace.org\/static\/planet4-belgium-stateless\/2021\/09\/fa6ad206-01.jpg 1200w\"\n\t\t\t\t\t\tsizes=\"(min-width: 1000px) 358px, (min-width: 780px) 313px, 88px\"\n\t\t\t\t\t\talt=\"\" title=\"\"\n\t\t\t\t\/>\n            \t\t\t<div class=\"boxout-content\">\n\t\t\t\t\t\t\t\t\t<a\n\t\t\t\t\t\tclass=\"boxout-heading medium\"\n\t\t\t\t\t\tdata-ga-category=\"Take Action Boxout\"\n\t\t\t\t\t\tdata-ga-action=\"Title\"\n\t\t\t\t\t\tdata-ga-label=\"n\/a\"\n\t\t\t\t\t\thref=\"https:\/\/www.greenpeace.org\/belgium\/nl\/50-jaar\/\"\n\t\t\t\t\t\t\n\t\t\t\t\t>\n\t\t\t\t\t\tVijftig jaar Greenpeace\n\t\t\t\t\t<\/a>\n\t\t\t\t\t\t\t\t                                    <a\n                        class=\"btn btn-primary\"\n                        data-ga-category=\"Take Action Boxout\"\n                        data-ga-action=\"Call to Action\"\n                        data-ga-label=\"n\/a\"\n                        href=\"https:\/\/www.greenpeace.org\/belgium\/nl\/50-jaar\/\"\n                        \n                    >\n                        #50Years\n                    <\/a>\n                \t\t\t<\/div>\n\t\t\t\t\t<\/section>\n\t\n<p><strong>Greenpeace wordt dit jaar 50 en om ons te helpen deze gelegenheid te vieren, hebben we kunstenaars en creatieve mensen van over de hele wereld uitgenodigd voor een ontwerpwedstrijd.<\/strong><\/p>\n\n<p>We waren ongelooflijk geraakt door de hoeveelheid liefde en creativiteit in de reacties van mensen over de hele wereld.<\/p>\n\n<p>Onze wereldwijde oproep leverde meer dan 200 geweldige inzendingen op van Greenpeace-supporters, waardoor het voor de jury moeilijk was om een winnaar te kiezen. We hadden het geluk dat de Thaise straatkunstenaar <a href=\"https:\/\/www.instagram.com\/mue_bon\/\">Muebon<\/a> deel uitmaakte van ons panel van juryleden uit Brazili\u00eb, Hongkong, Indonesi\u00eb, de Filipijnen, Rusland, Noorwegen en Afrika.<\/p>\n\n<p>De kunstwerken die werden ingezonden varieerden van eigenzinnig tot dramatisch &#8211; prachtige beelden ge\u00efnspireerd door mensen, de natuur en sociale bewegingen die samen werken aan een groene, rechtvaardige en vreedzame toekomst.<\/p>\n\n<p>We zijn zeer verheugd om hier de topontwerpen te presenteren, waarvan de jury vond dat ze de evolutie van Greenpeace door de geschiedenis heen vastlegden, en de toekomst die we allemaal voor ogen hebben!<\/p>\n\n<h2 class=\"wp-block-heading\">Winnaar: Regenboogvlucht door Leire Dominguez<\/h2>\n\n<div class=\"wp-block-image\"><figure class=\"aligncenter size-large\"><img decoding=\"async\" src=\"https:\/\/www.greenpeace.org\/static\/planet4-international-stateless\/2021\/05\/ea9d70d9-leire-dominguez.png\" alt=\"\"\/><figcaption>\u00a0Greenpeace 50e \u00a9 Leire Dominguez \/ Greenpeace<\/figcaption><\/figure><\/div>\n\n<p>Leire Dominguez is afkomstig uit Barcelona. Haar winnende ontwerp verbeeldt zowel het ontstaan als de evolutie van Greenpeace in de afgelopen 50 jaar. De &#8216;Vredesduif&#8217; die vanaf een van onze schepen opsteekt, toont de oorsprong van de organisatie en herinnert aan de eerste actie van Greenpeace tegen atoomproeven. De vlucht van de duif, die de vorm van &#8220;50&#8221; heeft, toont het dynamisme en de energie van Greenpeace &#8211; voortdurend in ontwikkeling en uitdagingen om uit te groeien tot de beweging die het vandaag is. Greenpeace heeft een zeer lange weg afgelegd &#8211; van vreedzaam actie voeren tegen kernproeven en walvisjacht, tot het opkomen voor milieu- en sociale rechtvaardigheid voor iedereen.\u00a0<\/p>\n\n<p>Leire zei dat ze ge\u00efnspireerd was om mee te doen aan de wedstrijd vanwege haar diepe bewondering voor Greenpeace en het werk van de organisatie. &#8220;Ik heb geprobeerd een paar eenvoudige beelden te verzamelen die de betekenis van Greenpeace weergeven: menselijke kracht voor de zorg van de planeet, geleid door de kleurrijke lijn die de 50 jaar Greenpeace tekent&#8221;.\u00a0<\/p>\n\n<p>Je kunt meer van Leires werk zien op haar <a href=\"https:\/\/leiredomingueztorres.wixsite.com\/portfolio\/about-me\">website<\/a> en <a href=\"https:\/\/www.instagram.com\/leire_domingueztorres\/\">Instagram account.<\/a>.<\/p>\n\n<h2 class=\"wp-block-heading\">Runner-up: Rainbow Warrior, Hernieuwbare energiebronnen en wilde dieren door Nickolay Drozdovskiy\u00a0<\/h2>\n\n<div class=\"wp-block-image\"><figure class=\"aligncenter size-large\"><img decoding=\"async\" src=\"https:\/\/www.greenpeace.org\/static\/planet4-international-stateless\/2021\/05\/93bafa03-nickolay-drozdovskiy-1024x989.png\" alt=\"\"\/><figcaption>Greenpeace 50 \u00a9 Nickolay Drozdovskiy \/ Greenpeace<\/figcaption><\/figure><\/div>\n\n<p>Nickolay Drozdovskiy is een kunstenaar die afkomstig is uit Rusland en werkt als IT-systeembeheerder voor Greenpeace. Hij werd ge\u00efnspireerd om mee te doen aan de wedstrijd omdat hij zich niets belangrijkers kon voorstellen dan het beschermen van onze planeet.<\/p>\n\n<p>&#8220;We willen allemaal leven op een plek waar de lucht schoon is en waar de bossen en oceanen kunnen bloeien. Wat me inspireerde om mee te doen aan deze wedstrijd, was de kans om mijn creativiteit te verkennen en iets te cre\u00ebren dat andere mensen kan inspireren en hen kan helpen samen te komen voor \u00e9\u00e9n enkel doel &#8211; onze planeet vredig en gezond houden.&#8221;<\/p>\n\n<p>Je kunt meer van Nickolay&#8217;s werk zien op zijn <a href=\"https:\/\/www.instagram.com\/qball76\/\">Instagram-account<\/a>.<\/p>\n\n<p>We willen ook een aantal inzendingen erkennen en een shout-out geven die tijdens de wedstrijd op de shortlist zijn geplaatst!<\/p>\n\n<h2 class=\"wp-block-heading\">Nature over Earth door <a href=\"https:\/\/www.instagram.com\/drgrahambooks\/?hl=en\">Danielle Graham<\/a><\/h2>\n\n<div class=\"wp-block-image\"><figure class=\"aligncenter size-large\"><img decoding=\"async\" src=\"https:\/\/www.greenpeace.org\/static\/planet4-international-stateless\/2021\/05\/97362c72-danielle-graham-1024x1024.png\" alt=\"\"\/><figcaption>Greenpeace 50e \u00a9 Danielle Graham \/ Greenpeace<\/figcaption><\/figure><\/div>\n\n<h2 class=\"wp-block-heading\">Meisje en walvis door <a href=\"https:\/\/www.instagram.com\/sound_travel2020\/\">Helen Han<\/a><\/h2>\n\n<div class=\"wp-block-image\"><figure class=\"aligncenter size-large\"><img decoding=\"async\" src=\"https:\/\/www.greenpeace.org\/static\/planet4-international-stateless\/2021\/05\/2cbb5f88-helen-hanmom-e1620390717421-768x1024.png\" alt=\"\"\/><figcaption>Greenpeace 50 \u00a9 Helen Hanmom \/ Greenpeace<\/figcaption><\/figure><\/div>\n\n<h2 class=\"wp-block-heading\">Mieren doen bloemenvlag actie door Andrea Bertl<\/h2>\n\n<div class=\"wp-block-image\"><figure class=\"aligncenter size-large\"><img decoding=\"async\" src=\"https:\/\/www.greenpeace.org\/static\/planet4-international-stateless\/2021\/05\/c8793353-andrea-bertl-e1620389668415-844x1024.jpg\" alt=\"\"\/><figcaption>Greenpeace 50 \u00a9 Andrea Bertl \/ Greenpeace<\/figcaption><\/figure><\/div>\n\n<h2 class=\"wp-block-heading\">Aarde hand reiken door Gimena<\/h2>\n\n<div class=\"wp-block-image\"><figure class=\"aligncenter size-large\"><img decoding=\"async\" src=\"https:\/\/www.greenpeace.org\/static\/planet4-international-stateless\/2021\/05\/d25fdac4-gimena-barragan-scaled-e1620392538403-745x1024.jpg\" alt=\"\"\/><figcaption>Greenpeace 50 \u00a9 Gimena Barragan \/ Greenpeace<\/figcaption><\/figure><\/div>\n\n<h2 class=\"wp-block-heading\">Hart Aarde in de handen van ouder en kind door <a href=\"https:\/\/www.instagram.com\/lizamirox\/?hl=en\">Elizabeth Mirochnik<\/a><\/h2>\n\n<div class=\"wp-block-image\"><figure class=\"aligncenter size-large\"><img decoding=\"async\" src=\"https:\/\/www.greenpeace.org\/static\/planet4-international-stateless\/2021\/05\/5de9c90a-elizabeth-mirochnik-1024x1024.jpeg\" alt=\"\"\/><figcaption>Greenpeace 50 \u00a9 Elizabeth Mirochnik \/ Greenpeace<\/figcaption><\/figure><\/div>\n\n<p>Blijf op de hoogte voor meer spannende aankondigingen terwijl we 50 jaar Greenpeace vieren.<\/p>\n\n<a class=\"cta-blog-button\" href=\"https:\/\/www.greenpeace.org\/belgium\/nl\/50-jaar\/\" rel=\"noopener noreferrer\">#50Years<\/a>\n\n<span class=\"shareSocialArea\">\n<a class=\"shareFacebook\" href=\"https:\/\/www.facebook.com\/sharer\/sharer.php?u=https:\/\/www.greenpeace.org\/belgium\/nl\/story\/23922\/en-het-winnende-ontwerp-is\/&#038;utm_source=facebook&#038;utm_medium=share&#038;utm_content=postid-23922\" target=\"_blank\" rel=\"noopener noreferrer\">Ik deel op Facebook<\/a>\n<a class=\"shareTwitter\" href=\"https:\/\/twitter.com\/share?url=https:\/\/www.greenpeace.org\/belgium\/nl\/story\/23922\/en-het-winnende-ontwerp-is\/&#038;text=En%20het%20winnende%20ontwerp%20is...,%20via%20@greenpeace_be&#038;related=greenpeace_be&#038;utm_source=twitter&#038;utm_medium=share&#038;utm_content=postid-23922\" target=\"_blank\" rel=\"noopener noreferrer\">Ik deel op Twitter<\/a>\n<a class=\"shareWhatsapp\" href=\"https:\/\/wa.me\/?text=https:\/\/www.greenpeace.org\/belgium\/nl\/story\/23922\/en-het-winnende-ontwerp-is\/&#038;utm_source=whatsapp&#038;utm_medium=share&#038;utm_content=postid-23922\" target=\"_blank\" rel=\"noopener noreferrer\">Ik deel op Whatsapp<\/a>\n<\/span>\n\n\n<a class=\"ctaDonateContainer\" target=\"_blank\" href=\"https:\/\/act.greenpeace.org\/page\/35703\/donate\/1?locale=nl-BE\" rel=\"noopener noreferrer\">\n<div id=\"cta-donate\">\n<div id=\"cta-donate-text\">\n<h2 style=\"text-shadow: 0 2px 5px rgba(0,0,0,.25); color: #fff;\">Ik steun Greenpeace<\/h2>\n<\/div>\n<div id=\"cta-donate-button\">\n<a class=\"ctaDonateBtn\" target=\"_blank\" href=\"https:\/\/act.greenpeace.org\/page\/35703\/donate\/1?locale=nl-BE\" rel=\"noopener noreferrer\">Ik doe een gift<\/a>\n<\/div>\n<\/div>\n<\/a>\n\n\n<table class=\"hideme\" style=\"width: 100%;\" width=\"100%\">\n<tbody>\n<tr style=\"width: 100%;\">\n<td class=\"icon\"><a href=\"https:\/\/www.facebook.com\/greenpeace.belgium\" target=\"_blank\" rel=\"noopener noreferrer\">\n<img decoding=\"async\" title=\"Facebook\" src=\"https:\/\/storage.googleapis.com\/planet4-belgium-stateless\/2019\/09\/09281872-fb.png\" alt=\"Facebook\" width=\"100%\">\n<\/a><\/td>\n<td class=\"name\"><a href=\"https:\/\/www.facebook.com\/greenpeace.belgium\" target=\"_blank\" rel=\"noopener noreferrer\">\nFacebook\n<\/a><\/td>\n<td class=\"icon\"><a href=\"https:\/\/www.instagram.com\/greenpeace_be\/\" target=\"_blank\" rel=\"noopener noreferrer\">\n<img decoding=\"async\" title=\"Instagram\" src=\"https:\/\/storage.googleapis.com\/planet4-belgium-stateless\/2019\/09\/89871ad4-insta.png\" alt=\"Instagram\" width=\"100%\">\n<\/a><\/td>\n<td class=\"name\"><a href=\"https:\/\/www.instagram.com\/greenpeace_be\/\" target=\"_blank\" rel=\"noopener noreferrer\">\nInstagram\n<\/a><\/td>\n<td class=\"icon\"><a href=\"https:\/\/twitter.com\/greenpeace_be\" target=\"_blank\" rel=\"noopener noreferrer\">\n<img decoding=\"async\" title=\"Twitter\" src=\"https:\/\/storage.googleapis.com\/planet4-belgium-stateless\/2019\/09\/aebb8c6a-tw.png\" alt=\"Twitter\" width=\"100%\">\n<\/a><\/td>\n<td class=\"name\"><a href=\"https:\/\/twitter.com\/greenpeace_be\" target=\"_blank\" rel=\"noopener noreferrer\">\nTwitter\n<\/a><\/td>\n<td class=\"icon\"><a href=\"https:\/\/www.youtube.com\/user\/GreenpeaceBelgium\" target=\"_blank\" rel=\"noopener noreferrer\">\n<img decoding=\"async\" title=\"YouTube\" src=\"https:\/\/storage.googleapis.com\/planet4-belgium-stateless\/2019\/09\/4fd7759c-yt.png\" alt=\"YouTube\" width=\"100%\">\n<\/a><\/td>\n<td class=\"name\"><a href=\"https:\/\/www.youtube.com\/user\/GreenpeaceBelgium\" target=\"_blank\" rel=\"noopener noreferrer\">\nYouTube\n<\/a><\/td>\n<td class=\"icon\"><a href=\"https:\/\/www.pinterest.com\/greenpeacebe\/\" target=\"_blank\" rel=\"noopener noreferrer\">\n<img decoding=\"async\" title=\"YouTube\" src=\"https:\/\/storage.googleapis.com\/planet4-belgium-stateless\/2020\/05\/4454201c-pinterest.png\" alt=\"Pinterest\" width=\"100%\">\n<\/a><\/td>\n<td class=\"name\"><a href=\"https:\/\/www.pinterest.com\/greenpeacebe\/\" target=\"_blank\" rel=\"noopener noreferrer\">\nPinterest\n<\/a><\/td>\n<\/tr>\n<\/tbody>\n<\/table>\n\n","protected":false},"excerpt":{"rendered":"<p>Greenpeace wordt dit jaar 50 en om ons te helpen deze gelegenheid te vieren, hebben we kunstenaars en creatieve mensen van over de hele wereld uitgenodigd voor een ontwerpwedstrijd. <\/p>\n","protected":false},"author":49,"featured_media":23918,"comment_status":"closed","ping_status":"closed","sticky":false,"template":"","format":"standard","meta":{"ep_exclude_from_search":false,"p4_og_title":"","p4_og_description":"","p4_og_image":"","p4_og_image_id":"","p4_seo_canonical_url":"","p4_campaign_name":"not set","p4_local_project":"not set","p4_basket_name":"not set","p4_department":"","footnotes":""},"categories":[112],"tags":[],"p4-page-type":[122],"class_list":["post-23922","post","type-post","status-publish","format-standard","has-post-thumbnail","hentry","category-samen-sterk-onze-succesverhalen","p4-page-type-stories"],"_links":{"self":[{"href":"https:\/\/www.greenpeace.org\/belgium\/nl\/wp-json\/wp\/v2\/posts\/23922","targetHints":{"allow":["GET"]}}],"collection":[{"href":"https:\/\/www.greenpeace.org\/belgium\/nl\/wp-json\/wp\/v2\/posts"}],"about":[{"href":"https:\/\/www.greenpeace.org\/belgium\/nl\/wp-json\/wp\/v2\/types\/post"}],"author":[{"embeddable":true,"href":"https:\/\/www.greenpeace.org\/belgium\/nl\/wp-json\/wp\/v2\/users\/49"}],"replies":[{"embeddable":true,"href":"https:\/\/www.greenpeace.org\/belgium\/nl\/wp-json\/wp\/v2\/comments?post=23922"}],"version-history":[{"count":2,"href":"https:\/\/www.greenpeace.org\/belgium\/nl\/wp-json\/wp\/v2\/posts\/23922\/revisions"}],"predecessor-version":[{"id":23924,"href":"https:\/\/www.greenpeace.org\/belgium\/nl\/wp-json\/wp\/v2\/posts\/23922\/revisions\/23924"}],"wp:featuredmedia":[{"embeddable":true,"href":"https:\/\/www.greenpeace.org\/belgium\/nl\/wp-json\/wp\/v2\/media\/23918"}],"wp:attachment":[{"href":"https:\/\/www.greenpeace.org\/belgium\/nl\/wp-json\/wp\/v2\/media?parent=23922"}],"wp:term":[{"taxonomy":"category","embeddable":true,"href":"https:\/\/www.greenpeace.org\/belgium\/nl\/wp-json\/wp\/v2\/categories?post=23922"},{"taxonomy":"post_tag","embeddable":true,"href":"https:\/\/www.greenpeace.org\/belgium\/nl\/wp-json\/wp\/v2\/tags?post=23922"},{"taxonomy":"p4-page-type","embeddable":true,"href":"https:\/\/www.greenpeace.org\/belgium\/nl\/wp-json\/wp\/v2\/p4-page-type?post=23922"}],"curies":[{"name":"wp","href":"https:\/\/api.w.org\/{rel}","templated":true}]}}