{"id":24742,"date":"2021-11-15T19:19:32","date_gmt":"2021-11-15T17:19:32","guid":{"rendered":"https:\/\/www.greenpeace.org\/belgium\/?p=24742"},"modified":"2021-12-01T13:55:31","modified_gmt":"2021-12-01T12:55:31","slug":"magere-klimaattop","status":"publish","type":"post","link":"https:\/\/www.greenpeace.org\/belgium\/nl\/stories\/24742\/magere-klimaattop\/","title":{"rendered":"Jongeren zorgen voor hoop op verder magere klimaattop"},"content":{"rendered":"\n<p><strong>Tot de allerlaatste minuut werd op COP26 hard gebikkeld tussen voor- en tegenstanders van meer ambitie en solidariteit. Het slotakkoord is zwak maar erkent eindelijk fossiele brandstoffen als belangrijkste oorzaak van de klimaatcrisis. En er is nog reden tot hoop: de klimaatjongeren speelden meer dan ooit een belangrijke rol.<\/strong><\/p>\n\n<figure class=\"wp-block-image size-large\"><img loading=\"lazy\" decoding=\"async\" width=\"1024\" height=\"683\" src=\"https:\/\/www.greenpeace.org\/static\/planet4-belgium-stateless\/2021\/11\/b2796bd7-gp1swk5t_pressmedia-1024x683.jpg\" alt=\"\" class=\"wp-image-24745\" srcset=\"https:\/\/www.greenpeace.org\/static\/planet4-belgium-stateless\/2021\/11\/b2796bd7-gp1swk5t_pressmedia-1024x683.jpg 1024w, https:\/\/www.greenpeace.org\/static\/planet4-belgium-stateless\/2021\/11\/b2796bd7-gp1swk5t_pressmedia-300x200.jpg 300w, https:\/\/www.greenpeace.org\/static\/planet4-belgium-stateless\/2021\/11\/b2796bd7-gp1swk5t_pressmedia-768x512.jpg 768w, https:\/\/www.greenpeace.org\/static\/planet4-belgium-stateless\/2021\/11\/b2796bd7-gp1swk5t_pressmedia-1536x1024.jpg 1536w, https:\/\/www.greenpeace.org\/static\/planet4-belgium-stateless\/2021\/11\/b2796bd7-gp1swk5t_pressmedia-2048x1366.jpg 2048w, https:\/\/www.greenpeace.org\/static\/planet4-belgium-stateless\/2021\/11\/b2796bd7-gp1swk5t_pressmedia-510x340.jpg 510w\" sizes=\"auto, (max-width: 1024px) 100vw, 1024px\" \/><figcaption>\u00a9 Emily Macinnes \/ Greenpeace<\/figcaption><\/figure>\n\n<h2 class=\"wp-block-heading\">Tegenvallend resultaat, teleurstellend Belgi\u00eb<\/h2>\n\n<p>Eerst het slechte nieuws: uiteraard zijn we diep teleurgesteld met het zwakke slotakkoord van de internationale klimaattop in Glasgow, verontwaardigd zelfs. Vooraf hadden we <a href=\"https:\/\/www.greenpeace.org\/belgium\/nl\/story\/24428\/onze-4-eisen-voor-cop26-het-moment-is-aangebroken-om-actie-te-nemen\/\">vier eisen<\/a> gesteld en die zijn slechts deels ingevuld. De tekst erkent dat de uitstoot nog v\u00f3\u00f3r 2030 drastisch moet dalen, maar uiteindelijk blijft het bij woorden en worden de daden doorgeschoven naar volgend jaar. Bovendien werd op het laatste moment een belangrijke zin over het uitfaseren van steenkool en fossiele subsidies nog verzwakt onder druk van India en China, en kreeg de zwendel in CO2-compensatie een boost met de creatie van nieuwe achterpoortjes waardoor grote vervuilers kunnen blijven uitstoten. Opnieuw slaagden fossiele belangen er in om uit te stellen wat onvermijdbaar is: het einde van alle fossiele brandstoffen.<\/p>\n\n<p>Ook Belgi\u00eb heeft boter op het hoofd, zegt <a href=\"https:\/\/www.greenpeace.org\/belgium\/nl\/story\/24593\/een-blik-achter-de-schermen-op-de-cop26\/\">Carine<\/a> Thibaut, onze woordvoerster die de onderhandelingen van de eerste tot de laatste minuut ter plaatse heeft gevolgd:<em> &#8220;Wij hebben premier <\/em><a href=\"https:\/\/www.greenpeace.org\/belgium\/nl\/persbericht\/24514\/reactie-klimaatcoalitie-op-speech-de-croo-de-croo-erkent-klimaaturgentie-volgen-concrete-acties\/\"><em>De Croo<\/em><\/a><em> ontmoet zodra hij aankwam in Glasgow. We hebben hem laten weten dat Belgi\u00eb met \u00e9\u00e9n stem moet spreken op deze klimaattop. Ons land laat internationaal immers vaak te weinig van zich horen of is afwezig door interne onenigheid. Belgi\u00eb is \u00e9\u00e9n van de <\/em><a href=\"https:\/\/www.greenpeace.org\/belgium\/nl\/persbericht\/24646\/belgie-op-beschamende-49ste-plaats-in-rangschikking-landen-qua-klimaatbeleid\/\"><em>slechtst presterende<\/em><\/a><em> Europese landen en heeft zich niet aangesloten bij de \u2018High Ambition Coalition\u2019, een coalitie van landen die zich engageren om de opwarming tot 1,5\u00b0C te beperken. Dat is een schande!&#8221;<\/em><\/p>\n\n<p>Toch kan &#8216;het signaal van Glasgow&#8217; moeilijk ontkend worden. Na bijna twee jaar coronaleed, waardoor deze top een jaar moest worden uitgesteld, en twee jaar met zeer veel <a href=\"https:\/\/www.greenpeace.org\/belgium\/nl\/story\/23713\/kaart-klimaatcrisis\/\">klimaatschade<\/a> zoals bosbranden, droogtes, smeltend ijs en <a href=\"https:\/\/www.greenpeace.org\/belgium\/nl\/story\/23188\/overstromingen-we-steunen-de-slachtoffers-en-strijden-voor-verandering\/\">overstromingen<\/a>, lijken toch wat landen de kop uit het zand gehaald te hebben. In de tekst wordt namelijk ook erkend dat veel kwetsbare landen vandaag al verlies en schade lijden door de klimaatcrisis, en dat we een rechtvaardige transitie nodig hebben. Al moet er dringend meer boter bij de vis. De rijke landen waaronder Belgi\u00eb, die historisch de zwaarste verantwoordelijkheid dragen aan de klimaatcrisis, moeten meer solidariteit aan de dag leggen.<\/p>\n\n<h2 class=\"wp-block-heading\"><em>People power<\/em> werkt!<\/h2>\n\n<p>Het meest hoopgevend was echter de leidersrol die jongeren hebben gespeeld op deze top. Samen met inheemse leiders, activisten en landen in de frontlinie van de klimaatcrisis zijn zij verantwoordelijk voor de positieve elementen in het slotakkoord, en dit ondanks felle tegenkanting van landen die de fossiele belangen verdedigen of hun verantwoordelijkheid willen ontlopen. Zonder <a href=\"https:\/\/www.facebook.com\/greenpeace.belgium\/posts\/10159371835395239\">hun acties<\/a> en oprechte oproepen tot concrete ambitie zou deze top volledig mislukt zijn.<\/p>\n\n<p>We moeten nu naar deze coalitie van echte leiders luisteren, want onze tijd om deze crisis op te lossen raakt op. De vele klimaatmarsen overal in de wereld hebben de voorbije weken extra druk gezet en in veel landen vertaalt zich dit in meer ambitie rond hernieuwbare energie en uitstootreductie. <em>People power<\/em> werkt, maar als we de kloof met de 1,5\u00b0C-doelstelling willen dichten, zullen we de komende tijd moeten blijven escaleren om fossiele brandstoffen, subsidies en reclames uit onze samenleving te bannen.<\/p>\n\n<figure class=\"wp-block-image size-large\"><img loading=\"lazy\" decoding=\"async\" width=\"1024\" height=\"683\" src=\"https:\/\/www.greenpeace.org\/static\/planet4-belgium-stateless\/2021\/11\/5355c893-gp1swk5n_pressmedia-1024x683.jpg\" alt=\"\" class=\"wp-image-24743\" srcset=\"https:\/\/www.greenpeace.org\/static\/planet4-belgium-stateless\/2021\/11\/5355c893-gp1swk5n_pressmedia-1024x683.jpg 1024w, https:\/\/www.greenpeace.org\/static\/planet4-belgium-stateless\/2021\/11\/5355c893-gp1swk5n_pressmedia-300x200.jpg 300w, https:\/\/www.greenpeace.org\/static\/planet4-belgium-stateless\/2021\/11\/5355c893-gp1swk5n_pressmedia-768x512.jpg 768w, https:\/\/www.greenpeace.org\/static\/planet4-belgium-stateless\/2021\/11\/5355c893-gp1swk5n_pressmedia-1536x1024.jpg 1536w, https:\/\/www.greenpeace.org\/static\/planet4-belgium-stateless\/2021\/11\/5355c893-gp1swk5n_pressmedia-2048x1366.jpg 2048w, https:\/\/www.greenpeace.org\/static\/planet4-belgium-stateless\/2021\/11\/5355c893-gp1swk5n_pressmedia-510x340.jpg 510w\" sizes=\"auto, (max-width: 1024px) 100vw, 1024px\" \/><figcaption> \u00a9 Emily Macinnes \/ Greenpeace <\/figcaption><\/figure>\n\n<h2 class=\"wp-block-heading\">Samen voor een wereld zonder fossiele brandstoffen<\/h2>\n\n<p>De strijd voor een gezonde, eerlijke en duurzame toekomst wordt niet makkelijk. Want ook al is de wetenschap glashelder over de verantwoordelijkheid van de fossiele industrie, toch waren deze bedrijven nog steeds massaal aanwezig op de klimaattop in Glasgow. Uit <a href=\"https:\/\/www.globalwitness.org\/en\/press-releases\/hundreds-fossil-fuel-lobbyists-flooding-cop26-climate-talks\/\">onderzoek<\/a> blijkt zelfs dat het aantal fossiele lobbyisten groter was dan de grootste nationale delegatie! Dat is zoals een top over de schadelijke effecten van roken waar de tabaksindustrie mee aan tafel zit.<\/p>\n\n<p>En dit terwijl veel kwetsbare landen en groepen door de hoge reis- en verblijfskosten en ongelijke toegang tot coronavaccins amper aanwezig konden zijn op de top waar over hun toekomst beslist wordt. Zo moesten ook Greenpeace collega&#8217;s uit Afrikaanse landen de klimaattop online volgen. Vier jonge activisten uit Namibi\u00eb, Oeganda, Mexico en Bangladesh <a href=\"https:\/\/www.greenpeace.org\/aotearoa\/story\/youth-activists-sailing-to-cop26-onboard-the-rainbow-warrior-ignore-warnings-from-port-authorities\/\">zeilden<\/a> daarom met de Rainbow Warrior (en &#8216;onze&#8217; vrijwilligster <a href=\"https:\/\/www.greenpeace.org\/belgium\/nl\/story\/24695\/audrey-aan-boord-van-de-rainbow-warrior\/\">Audrey<\/a>) helemaal naar de klimaattop om dit aan te kaarten. <em>&#8220;Het is lachwekkend te denken dat klimaatonderhandelingen kunnen plaatsvinden zonder de meest getroffen mensen te betrekken. We zijn al te lang genegeerd.&#8221;<\/em><\/p>\n\n<p>Gelukkig staan we niet machteloos tegenover de zware belangen van de fossiele industrie en haar constante aanwezigheid in onze economie, ons dagelijks leven en ons straatbeeld. Wij kunnen vandaag zeggen &#8220;Genoeg is genoeg&#8221;. Steun onze oproep voor een einde aan fossiele reclame en help ons zo een belangrijke pijler van het fossiel systeem onderuit te halen.<\/p>\n\n<span class=\"shareSocialArea\">\n<a class=\"shareFacebook\" href=\"https:\/\/www.facebook.com\/sharer\/sharer.php?u=https%3A%2F%2Fwww.greenpeace.org%2Fbelgium%2Fnl%2Fstory%2F24742%2Fmagere-klimaattop%2F%3Futm_medium%3Dshare%26utm_content%3Dpostid-24742%26utm_source%3Dfacebook\" target=\"_blank\" rel=\"noopener noreferrer\">Ik deel op Facebook<\/a>\n<a class=\"shareTwitter\" href=\"https:\/\/twitter.com\/intent\/tweet?related=greenpeace_be&amp;text=Jongeren%20zorgen%20voor%20hoop%20op%20verder%20magere%20klimaattop,%20via%20@greenpeace_be&amp;url=https%3A%2F%2Fwww.greenpeace.org%2Fbelgium%2Fnl%2Fstory%2F24742%2Fmagere-klimaattop%2F%3Futm_medium%3Dshare%26utm_content%3Dpostid-24742%26utm_source%3Dtwitter\" target=\"_blank\" rel=\"noopener noreferrer\">Ik deel op Twitter<\/a>\n<a class=\"shareWhatsapp\" href=\"https:\/\/wa.me\/?text=https%3A%2F%2Fwww.greenpeace.org%2Fbelgium%2Fnl%2Fstory%2F24742%2Fmagere-klimaattop%2F%3Futm_medium%3Dshare%26utm_content%3Dpostid-24742%26utm_source%3Dwhatsapp\" target=\"_blank\" rel=\"noopener noreferrer\">Ik deel op Whatsapp<\/a>\n<\/span>\n\n<div style=\"height:10px\" aria-hidden=\"true\" class=\"wp-block-spacer\"><\/div>\n<div class=\"EmptyMessage\">Block content is empty. Check the block&#8217;s settings or remove it.<\/div>","protected":false},"excerpt":{"rendered":"<p>Tot de allerlaatste minuut werd op COP26 hard gebikkeld tussen voor- en tegenstanders van meer ambitie en solidariteit. <\/p>\n","protected":false},"author":49,"featured_media":24743,"comment_status":"closed","ping_status":"closed","sticky":false,"template":"","format":"standard","meta":{"ep_exclude_from_search":false,"p4_og_title":"","p4_og_description":"","p4_og_image":"","p4_og_image_id":"","p4_seo_canonical_url":"","p4_campaign_name":"not set","p4_local_project":"not set","p4_basket_name":"not set","p4_department":"","footnotes":""},"categories":[111],"tags":[100,103],"p4-page-type":[122],"class_list":["post-24742","post","type-post","status-publish","format-standard","has-post-thumbnail","hentry","category-werken-aan-een-betere-toekomst","tag-politiek","tag-klimaat","p4-page-type-stories"],"_links":{"self":[{"href":"https:\/\/www.greenpeace.org\/belgium\/nl\/wp-json\/wp\/v2\/posts\/24742","targetHints":{"allow":["GET"]}}],"collection":[{"href":"https:\/\/www.greenpeace.org\/belgium\/nl\/wp-json\/wp\/v2\/posts"}],"about":[{"href":"https:\/\/www.greenpeace.org\/belgium\/nl\/wp-json\/wp\/v2\/types\/post"}],"author":[{"embeddable":true,"href":"https:\/\/www.greenpeace.org\/belgium\/nl\/wp-json\/wp\/v2\/users\/49"}],"replies":[{"embeddable":true,"href":"https:\/\/www.greenpeace.org\/belgium\/nl\/wp-json\/wp\/v2\/comments?post=24742"}],"version-history":[{"count":4,"href":"https:\/\/www.greenpeace.org\/belgium\/nl\/wp-json\/wp\/v2\/posts\/24742\/revisions"}],"predecessor-version":[{"id":24984,"href":"https:\/\/www.greenpeace.org\/belgium\/nl\/wp-json\/wp\/v2\/posts\/24742\/revisions\/24984"}],"wp:featuredmedia":[{"embeddable":true,"href":"https:\/\/www.greenpeace.org\/belgium\/nl\/wp-json\/wp\/v2\/media\/24743"}],"wp:attachment":[{"href":"https:\/\/www.greenpeace.org\/belgium\/nl\/wp-json\/wp\/v2\/media?parent=24742"}],"wp:term":[{"taxonomy":"category","embeddable":true,"href":"https:\/\/www.greenpeace.org\/belgium\/nl\/wp-json\/wp\/v2\/categories?post=24742"},{"taxonomy":"post_tag","embeddable":true,"href":"https:\/\/www.greenpeace.org\/belgium\/nl\/wp-json\/wp\/v2\/tags?post=24742"},{"taxonomy":"p4-page-type","embeddable":true,"href":"https:\/\/www.greenpeace.org\/belgium\/nl\/wp-json\/wp\/v2\/p4-page-type?post=24742"}],"curies":[{"name":"wp","href":"https:\/\/api.w.org\/{rel}","templated":true}]}}