{"id":3920,"date":"2019-02-05T14:00:51","date_gmt":"2019-02-05T13:00:51","guid":{"rendered":"https:\/\/www.greenpeace.org\/belgium\/?p=3920"},"modified":"2019-11-06T10:23:12","modified_gmt":"2019-11-06T08:23:12","slug":"de-toekomst-van-de-veeteelt-in-belgie","status":"publish","type":"post","link":"https:\/\/www.greenpeace.org\/belgium\/nl\/rapport\/3920\/de-toekomst-van-de-veeteelt-in-belgie\/","title":{"rendered":"De toekomst van de veeteelt in Belgi\u00eb"},"content":{"rendered":"<div>Wie het klimaat wil redden, kan niet om de grote ecologische voetafdruk van de veeteelt heen. Dat geldt ook in Belgi\u00eb. Met meer dan 46 miljoen gekweekte varkens, koeien en kippen op onze kleine oppervlakte dringt een kleinere veestapel zich op. Op vraag van Greenpeace berekenden onderzoekers van UCLouvain de impact van verschillende scenario&#8217;s voor de toekomst. Het blijkt perfect mogelijk om in Belgi\u00eb tegen 2050 met een veel kleinere veestapel toch in onze voedingsnoden te voorzien. Deze omslag kan de uitstoot van de veesector fors doen dalen (-58%) met veel minder impact op de biodiversiteit (-76%) en veel meer respect voor dierenwelzijn dan vandaag het geval is.<\/div>\n<div><\/div>\n<div><\/div>\n<div>&#8211; <a href=\"http:\/\/online.fliphtml5.com\/evmjc\/dmsv\/\">Lees onze briefing<\/a><br \/>\n&#8211; <a href=\"http:\/\/online.fliphtml5.com\/evmjc\/ixni\/\">Lees de samenvatting van de UCLouvain-studie<\/a><\/div>\n<div>&#8211; <a href=\"http:\/\/online.fliphtml5.com\/evmjc\/qkqw\/\">Lees de volledige studie (in het Engels)<\/a><\/div>\n<p>&nbsp;<\/p>\n","protected":false},"excerpt":{"rendered":"<p>Notre consommation de viande est un sujet br\u00fblant. En janvier, la c\u00e9l\u00e8bre revue sp\u00e9cialis\u00e9e The Lancet a publi\u00e9 le r\u00e9gime alimentaire \u00ab id\u00e9al \u00bb pour l\u2019\u00eatre humain comme pour l\u2019environnement,&hellip;<\/p>\n","protected":false},"author":49,"featured_media":3924,"comment_status":"closed","ping_status":"closed","sticky":false,"template":"","format":"standard","meta":{"ep_exclude_from_search":false,"p4_og_title":"","p4_og_description":"","p4_og_image":"","p4_og_image_id":"","p4_seo_canonical_url":"","p4_campaign_name":"","p4_local_project":"","p4_basket_name":"","p4_department":"","footnotes":""},"categories":[21],"tags":[102,103],"p4-page-type":[123],"class_list":["post-3920","post","type-post","status-publish","format-standard","has-post-thumbnail","hentry","category-geen-onderdeel-van-een-categorie","tag-landbouw","tag-klimaat","p4-page-type-rapport"],"_links":{"self":[{"href":"https:\/\/www.greenpeace.org\/belgium\/nl\/wp-json\/wp\/v2\/posts\/3920","targetHints":{"allow":["GET"]}}],"collection":[{"href":"https:\/\/www.greenpeace.org\/belgium\/nl\/wp-json\/wp\/v2\/posts"}],"about":[{"href":"https:\/\/www.greenpeace.org\/belgium\/nl\/wp-json\/wp\/v2\/types\/post"}],"author":[{"embeddable":true,"href":"https:\/\/www.greenpeace.org\/belgium\/nl\/wp-json\/wp\/v2\/users\/49"}],"replies":[{"embeddable":true,"href":"https:\/\/www.greenpeace.org\/belgium\/nl\/wp-json\/wp\/v2\/comments?post=3920"}],"version-history":[{"count":8,"href":"https:\/\/www.greenpeace.org\/belgium\/nl\/wp-json\/wp\/v2\/posts\/3920\/revisions"}],"predecessor-version":[{"id":3950,"href":"https:\/\/www.greenpeace.org\/belgium\/nl\/wp-json\/wp\/v2\/posts\/3920\/revisions\/3950"}],"wp:featuredmedia":[{"embeddable":true,"href":"https:\/\/www.greenpeace.org\/belgium\/nl\/wp-json\/wp\/v2\/media\/3924"}],"wp:attachment":[{"href":"https:\/\/www.greenpeace.org\/belgium\/nl\/wp-json\/wp\/v2\/media?parent=3920"}],"wp:term":[{"taxonomy":"category","embeddable":true,"href":"https:\/\/www.greenpeace.org\/belgium\/nl\/wp-json\/wp\/v2\/categories?post=3920"},{"taxonomy":"post_tag","embeddable":true,"href":"https:\/\/www.greenpeace.org\/belgium\/nl\/wp-json\/wp\/v2\/tags?post=3920"},{"taxonomy":"p4-page-type","embeddable":true,"href":"https:\/\/www.greenpeace.org\/belgium\/nl\/wp-json\/wp\/v2\/p4-page-type?post=3920"}],"curies":[{"name":"wp","href":"https:\/\/api.w.org\/{rel}","templated":true}]}}