{"id":4658,"date":"2019-04-25T11:44:48","date_gmt":"2019-04-25T09:44:48","guid":{"rendered":"https:\/\/www.greenpeace.org\/belgium\/?p=4658"},"modified":"2019-11-06T10:22:54","modified_gmt":"2019-11-06T08:22:54","slug":"live-on-air-5-mei-ook-youth-students-for-climate-feesten-mee-voor-gezonde-lucht","status":"publish","type":"post","link":"https:\/\/www.greenpeace.org\/belgium\/nl\/persbericht\/4658\/live-on-air-5-mei-ook-youth-students-for-climate-feesten-mee-voor-gezonde-lucht\/","title":{"rendered":"LIVE ON AIR &#8211; 5 mei: Ook Youth &#038; Students for Climate feesten mee voor gezonde lucht"},"content":{"rendered":"<p><strong>Op zondag 5 mei organiseren burgerbeweging Filter Caf\u00e9 Filtr\u00e9 en Greenpeace een groot feest voor gezonde lucht en een klimaatvriendelijke mobiliteit. Ook Youth, Students &amp; Grandparents for Climate zetten hun schouders mee onder het evenement. Op het programma van \u2018LIVE ON AIR\u2019 staan onder meer een fietstocht over de A12 en een dans van de wereldberoemde choreograaf Wim Vandekeybus (Ultima Vez).<\/strong><!--more--><\/p>\n<p dir=\"ltr\">Met de regionale, federale en Europese verkiezingen in aantocht willen Filter Caf\u00e9 Filtr\u00e9, Greenpeace en de klimaatjongeren aandacht vragen voor luchtkwaliteit en klimaatvriendelijke mobiliteit. \u201cLIVE ON AIR is het orgelpunt van onze wekelijkse schoolpoortacties. We willen dat onze kinderen gezond, veilig en zorgeloos kunnen opgroeien. Daarom verwachten we van onze steden en gemeenten beleid dat in de eerste plaats gericht is op mensen en niet op auto\u2019s. Veiligheid, gezonde lucht en levenskwaliteit moeten de prioriteit krijgen\u201d, zegt Annekatrien Verdickt van Filter Caf\u00e9 Filtr\u00e9.<\/p>\n<p dir=\"ltr\">Die shift naar een duurzame mobiliteit is niet enkel van belang voor onze gezondheid, maar is ook absoluut nodig om de opwarming van het klimaat te beperken tot 1,5\u00b0C. \u201cInvesteringen in openbaar vervoer en fiets-en wandelinfrastructuur, het uitfaseren van diesel- en benzinewagens, en volop inzetten op minder verkeer zijn stuk voor stuk noodzakelijke maatregelen voor een klimaatvriendelijke mobiliteit. Op 5 mei zetten we in de verf dat die verandering dringend nodig is\u201d, zegt Joeri Thijs, expert Duurzame Mobiliteit bij Greenpeace.<\/p>\n<p dir=\"ltr\">\u201cAl maanden komen we op straat voor een beter klimaatbeleid. Wij roepen op om dringend werk te maken van een klimaatvriendelijke mobiliteit\u201d, zegt Anuna De Wever van Youth For Climate. \u201cAls we de klimaatproblematiek aan de kaak willen stellen, kunnen we niet om mobiliteit heen. Daarom fietsen en dansen wij met Students For Climate mee voor propere lucht, een veilige leefomgeving en duurzame mobiliteit\u201d vult Ma\u00eft\u00e9 de Haan van Students For Climate aan.<\/p>\n<p dir=\"ltr\"><strong>Programma:<\/strong><\/p>\n<p dir=\"ltr\">Iedereen is welkom om deel te nemen aan LIVE ON AIR. Fietsen, wandelen, dansen, feesten of gewoon gezellig iets komen drinken in Brussel.<\/p>\n<p dir=\"ltr\"><strong>FIETS<\/strong><\/p>\n<p dir=\"ltr\">Twee fietsparcours vertrekken \u2018s ochtends vanuit Antwerpen en Ottignies en komen samen op het De Brouck\u00e8replein in Brussel. De fietsers kunnen voor \u00e9\u00e9n keer wegen gebruiken die normaal voorbehouden zijn voor de auto. Vanuit Antwerpen gaat de route over de A12 en vanuit Ottignies rijden de fietsers via de majestueuze Tervurenlaan, Montgomerytunnel en onder het Jubelpark de stad binnen.<\/p>\n<p dir=\"ltr\">Vertrek Antwerpen: 10u30 &#8211; <a href=\"https:\/\/www.google.be\/maps\/place\/Centrum+voor+Basiseducatie+Antwerpen+(Open+School+Antwerpen)+-+secretariaat+Desguinlei\/@51.1946542,4.3997883,17z\/data=!4m12!1m6!3m5!1s0x47c3f6da4d5f2127:0xf5c621f89745f36d!2sdeSingel+Internationale+Kunstcampus!8m2!3d51.193491!4d4.404112!3m4!1s0x47c3f6c4c764c359:0x9ab001452ab922d7!8m2!3d51.195018!4d4.3993411\" target=\"_blank\" rel=\"noopener noreferrer\">Desguinlei 33<\/a><\/p>\n<p dir=\"ltr\">Vertrek Ottignies: 11u &#8211; <a href=\"https:\/\/www.google.be\/maps\/place\/Parking+de+la+Gare+-+P2+-+Droits+de+l'Homme\/@50.6746533,4.5678622,16z\/data=!4m13!1m7!3m6!1s0x47c17bd127c2c78b:0xe8cddec167c143ab!2sOttignies-Louvain-la-Neuve!3b1!8m2!3d50.6657252!4d4.5868116!3m4!1s0x47c3d607437e64bb:0x5eefc008fe0a4bde!8m2!3d50.6737588!4d4.5732602\" target=\"_blank\" rel=\"noopener noreferrer\">parking station<\/a><\/p>\n<p dir=\"ltr\">Aankomst De Brouck\u00e8replein: 15u<\/p>\n<p dir=\"ltr\"><strong>WANDEL<\/strong><\/p>\n<p dir=\"ltr\">Wandel vanuit Ruisbroek via de vaart en de Dansaertstraat naar het centrum van Brussel. Het parcours is geschikt voor alle leeftijden en toegankelijk met kinderwagens.<\/p>\n<p dir=\"ltr\">Vertrek: 11u &#8211; <a href=\"https:\/\/www.google.com\/maps\/place\/Ruisbroek\/@50.7911467,4.2951908,18.75z\/data=!4m5!3m4!1s0x47c3c674651a4fe1:0x73299c7e70fe0fd!8m2!3d50.7910479!4d4.2950245\" target=\"_blank\" rel=\"noopener noreferrer\">station Ruisbroek<\/a><\/p>\n<p dir=\"ltr\">Aankomst De Brouck\u00e8replein: 15u<\/p>\n<p dir=\"ltr\"><strong>DANS EN FEEST<\/strong><\/p>\n<p dir=\"ltr\">Geen zin om te wandelen of te fietsen? Kom rechtstreeks naar het feest in Brussel! Om 15u30 kan iedereen meedansen met een choreografie die Wim Vandekeybus (<a href=\"https:\/\/www.ultimavez.com\/\" target=\"_blank\" rel=\"noopener noreferrer\">Ultima Vez<\/a>) speciaal voor deze gelegenheid heeft gemaakt. De muziek is gecomponeerd door Walter Hus. Met behulp van de <a href=\"https:\/\/youtu.be\/DJYQSwmWNHw\" target=\"_blank\" rel=\"noopener noreferrer\">instructievideo<\/a> en <a href=\"https:\/\/youtu.be\/chdAixr9LmA\" target=\"_blank\" rel=\"noopener noreferrer\">het filmpje van de hele dans<\/a> kan iedereen de choreografie vooraf aanleren. Bekijk zeker ook de <a href=\"https:\/\/www.youtube.com\/watch?v=UgfOu1FzV8A&amp;feature=youtu.be\" target=\"_blank\" rel=\"noopener noreferrer\">clip<\/a>. Nadien neemt dj Michael Midnight het over.<\/p>\n<p dir=\"ltr\">Feest De Brouck\u00e8replein: vanaf 15u<\/p>\n<p dir=\"ltr\"><strong>Praktisch:<\/strong><\/p>\n<ul>\n<li dir=\"ltr\">\n<p dir=\"ltr\">Alle recente informatie over LIVE ON AIR vindt u op <a href=\"https:\/\/www.greenpeace.org\/belgium\/nl\/story\/4309\/fiets-mee-voor-propere-lucht-en-duurzame-mobiliteit-op-5-mei-en-waag-je-aan-een-dans-met-wim-vandekeybus-ultima-vez\/\" target=\"_blank\" rel=\"noopener noreferrer\">de blog<\/a> en het<a href=\"https:\/\/www.facebook.com\/events\/795447870831371\/\" target=\"_blank\" rel=\"noopener noreferrer\"> facebookevenement<\/a><\/p>\n<\/li>\n<\/ul>\n<p dir=\"ltr\"><strong>Contact:<\/strong><\/p>\n<ul>\n<li dir=\"ltr\">\n<p dir=\"ltr\">Greenpeace persdienst: Sarah Jacobs en Thomas Leroy 0496 26 31 91 &#8211; <a href=\"mailto:bpress@greenpeace.org\" target=\"_blank\" rel=\"noopener noreferrer\">bpress@greenpeace.org<\/a><\/p>\n<\/li>\n<li dir=\"ltr\">\n<p dir=\"ltr\">Filter Caf\u00e9 Filtr\u00e9: Annekatrien Verdickt 0477 25 86 38 \u2013 <a href=\"mailto:annekatrien.verdickt@gmail.com\" target=\"_blank\" rel=\"noopener noreferrer\">annekatrien.verdickt@gmail.com<\/a><\/p>\n<\/li>\n<\/ul>\n<p>&nbsp;<\/p>\n","protected":false},"excerpt":{"rendered":"<p>Op zondag 5 mei organiseren burgerbeweging Filter Caf\u00e9 Filtr\u00e9 en Greenpeace een groot feest voor gezonde lucht en een klimaatvriendelijke mobiliteit. Ook Youth, Students &amp; Grandparents for Climate zetten hun&hellip;<\/p>\n","protected":false},"author":50,"featured_media":4643,"comment_status":"closed","ping_status":"closed","sticky":false,"template":"","format":"standard","meta":{"ep_exclude_from_search":false,"p4_og_title":"","p4_og_description":"","p4_og_image":"","p4_og_image_id":"","p4_seo_canonical_url":"","p4_campaign_name":"","p4_local_project":"","p4_basket_name":"","p4_department":"","footnotes":""},"categories":[21],"tags":[91],"p4-page-type":[121],"class_list":["post-4658","post","type-post","status-publish","format-standard","has-post-thumbnail","hentry","category-geen-onderdeel-van-een-categorie","tag-mobiliteit","p4-page-type-persbericht"],"_links":{"self":[{"href":"https:\/\/www.greenpeace.org\/belgium\/nl\/wp-json\/wp\/v2\/posts\/4658","targetHints":{"allow":["GET"]}}],"collection":[{"href":"https:\/\/www.greenpeace.org\/belgium\/nl\/wp-json\/wp\/v2\/posts"}],"about":[{"href":"https:\/\/www.greenpeace.org\/belgium\/nl\/wp-json\/wp\/v2\/types\/post"}],"author":[{"embeddable":true,"href":"https:\/\/www.greenpeace.org\/belgium\/nl\/wp-json\/wp\/v2\/users\/50"}],"replies":[{"embeddable":true,"href":"https:\/\/www.greenpeace.org\/belgium\/nl\/wp-json\/wp\/v2\/comments?post=4658"}],"version-history":[{"count":4,"href":"https:\/\/www.greenpeace.org\/belgium\/nl\/wp-json\/wp\/v2\/posts\/4658\/revisions"}],"predecessor-version":[{"id":5015,"href":"https:\/\/www.greenpeace.org\/belgium\/nl\/wp-json\/wp\/v2\/posts\/4658\/revisions\/5015"}],"wp:featuredmedia":[{"embeddable":true,"href":"https:\/\/www.greenpeace.org\/belgium\/nl\/wp-json\/wp\/v2\/media\/4643"}],"wp:attachment":[{"href":"https:\/\/www.greenpeace.org\/belgium\/nl\/wp-json\/wp\/v2\/media?parent=4658"}],"wp:term":[{"taxonomy":"category","embeddable":true,"href":"https:\/\/www.greenpeace.org\/belgium\/nl\/wp-json\/wp\/v2\/categories?post=4658"},{"taxonomy":"post_tag","embeddable":true,"href":"https:\/\/www.greenpeace.org\/belgium\/nl\/wp-json\/wp\/v2\/tags?post=4658"},{"taxonomy":"p4-page-type","embeddable":true,"href":"https:\/\/www.greenpeace.org\/belgium\/nl\/wp-json\/wp\/v2\/p4-page-type?post=4658"}],"curies":[{"name":"wp","href":"https:\/\/api.w.org\/{rel}","templated":true}]}}