{"id":55515,"date":"2023-12-20T18:06:38","date_gmt":"2023-12-20T17:06:38","guid":{"rendered":"https:\/\/www.greenpeace.org\/belgium\/?p=55515"},"modified":"2023-12-20T18:20:36","modified_gmt":"2023-12-20T17:20:36","slug":"fotos-videos-1200-activisten-nemen-deel-aan-3de-actie-van-code-rood-tegen-de-luchtvaartsector","status":"publish","type":"post","link":"https:\/\/www.greenpeace.org\/belgium\/nl\/stories\/55515\/fotos-videos-1200-activisten-nemen-deel-aan-3de-actie-van-code-rood-tegen-de-luchtvaartsector\/","title":{"rendered":"[Foto&#8217;s &#038; Video&#8217;s] &#8211; 1200 activisten nemen deel aan 3de actie van Code Rood tegen de luchtvaartsector"},"content":{"rendered":"\n<p><strong>Dit weekend leidde de Code Rood-beweging een massale burgerlijke ongehoorzaamheidsactie tegen de luchtvaartsector in Belgi\u00eb. 1500 activisten werden gemobiliseerd, waarvan er 1200 deelnamen aan de actie zelf. Het was de grootste actie van Code Rood tot nu toe! We zijn blij met deze succesvolle actie, die het priv\u00e9vliegtuigverkeer in Antwerpen lamlegde en e-commerce gigant Alibaba in Luik blokkeerde. Tegelijkertijd zijn we geschokt door de harde en compleet onnodige politierepressie tegen deze vreedzame burgers die zich inzetten voor de toekomst van ons allemaal.<\/strong><\/p>\n\n<figure class=\"wp-block-embed is-type-video is-provider-youtube wp-block-embed-youtube wp-embed-aspect-16-9 wp-has-aspect-ratio\"><div class=\"wp-block-embed__wrapper\">\n<lite-youtube style=\"background-image: url('https:\/\/i.ytimg.com\/vi\/5flj8iJW0lk\/hqdefault.jpg');\" videoid=\"5flj8iJW0lk\" params=\"rel=0\"><\/lite-youtube>\n<\/div><\/figure>\n\n<p>Honderden burgers uit heel Belgi\u00eb, maar ook uit Itali\u00eb, Nederland, Frankrijk, Zwitserland, Duitsland, Hongarije, Finland, Spanje en Tsjechi\u00eb namen deel aan de derde massa-actie van de Code Rood-beweging. In totaal deden 1200 activisten tijdens het weekend van 16 en 17 december mee om het gedrag van de luchtvaartsector aan te klagen.<\/p>\n\n<p>Het doelwit deze keer: de luchtvaartsector. De impact ervan op de natuur, het klimaat en de gezondheid van de inwoners van de regio is catastrofaal. Toch profiteert de sector van enorme belastingvoordelen en subsidies die in de miljoenen oplopen.<\/p>\n\n<p>Daarbij komt dan nog eens dat er meer en meer priv\u00e9jets vliegen.\u00a0Een minderheid van ultrarijken vliegt onbeperkt voor ultrakorte afstanden (zoals van Antwerpen naar Kortrijk!) en doet alsof de klimaatcrisis niet bestaat. Deze minderheid vliegt terwijl de hele wereld met steeds extremere weersomstandigheden wordt geconfronteerd. Met de actie lieten activisten zien dat dit niet langer getolereerd wordt. De luchtvaartsector kan niet zomaar ongehinderd blijven uitbreiden en vervuilen.<\/p>\n\n<figure class=\"wp-block-embed is-type-video is-provider-youtube wp-block-embed-youtube wp-embed-aspect-16-9 wp-has-aspect-ratio\"><div class=\"wp-block-embed__wrapper\">\n<lite-youtube style=\"background-image: url('https:\/\/i.ytimg.com\/vi\/4-zDiPEvlWg\/hqdefault.jpg');\" videoid=\"4-zDiPEvlWg\" params=\"rel=0\"><\/lite-youtube>\n<\/div><\/figure>\n\n<h2 class=\"wp-block-heading\">Antwerpen<\/h2>\n\n<p>Het begon allemaal op de luchthaven van Antwerpen. De politie was er massaal aanwezig. Zowel op het vliegveld als in de omgeving. Honderden activisten werden (vaak preventief zelfs) gearresteerd. Onder hen ook Edgar Szoc, voorzitter van de Franstalige <em>Ligue des droits humains<\/em> en juridisch waarnemer tijdens de actie. Een politieagent stelde hem voor de keuze: <em>\u2018verwijder de gemaakte foto&#8217;s of word gearresteerd.\u2019<\/em> Zo\u2019n verzoek is illegaal. Ondanks de massa-arrestaties kwam het priv\u00e9jetverkeer helemaal tot stilstand. Doel bereikt dus.<\/p>\n<div data-hydrate=\"planet4-blocks\/gallery\" data-attributes=\"{&quot;attributes&quot;:{&quot;multiple_image&quot;:&quot;55920,55918,55904,55906,55916&quot;,&quot;image_data&quot;:[{&quot;url&quot;:&quot;https:\\\/\\\/www.greenpeace.org\\\/static\\\/planet4-belgium-stateless\\\/2023\\\/12\\\/88b8af03-cr3-police-confrontation-1.jpeg&quot;,&quot;focalPoint&quot;:{&quot;x&quot;:0.5,&quot;y&quot;:0.5},&quot;id&quot;:55920},{&quot;url&quot;:&quot;https:\\\/\\\/www.greenpeace.org\\\/static\\\/planet4-belgium-stateless\\\/2023\\\/12\\\/a987c710-cr3-eric-de-mildt-antwerpen-airport-evening-4-scaled.jpg&quot;,&quot;focalPoint&quot;:{&quot;x&quot;:0.5,&quot;y&quot;:0.5},&quot;id&quot;:55918},{&quot;url&quot;:&quot;https:\\\/\\\/www.greenpeace.org\\\/static\\\/planet4-belgium-stateless\\\/2023\\\/12\\\/f2dc0181-eric-demildt1-scaled.jpg&quot;,&quot;focalPoint&quot;:{&quot;x&quot;:0.5,&quot;y&quot;:0.5},&quot;id&quot;:55904},{&quot;url&quot;:&quot;https:\\\/\\\/www.greenpeace.org\\\/static\\\/planet4-belgium-stateless\\\/2023\\\/12\\\/3c34c598-eric-demildt-scaled.jpg&quot;,&quot;focalPoint&quot;:{&quot;x&quot;:0.5,&quot;y&quot;:0.5},&quot;id&quot;:55906},{&quot;url&quot;:&quot;https:\\\/\\\/www.greenpeace.org\\\/static\\\/planet4-belgium-stateless\\\/2023\\\/12\\\/5a081380-cr3-legal-demonstration-antwerpen-3.jpeg&quot;,&quot;focalPoint&quot;:{&quot;x&quot;:0.5,&quot;y&quot;:0.5},&quot;id&quot;:55916}],&quot;gallery_block_style&quot;:0,&quot;gallery_block_title&quot;:&quot;&quot;,&quot;gallery_block_description&quot;:&quot;&quot;,&quot;gallery_block_focus_points&quot;:&quot;&quot;,&quot;images&quot;:[{&quot;image_src&quot;:&quot;https:\\\/\\\/www.greenpeace.org\\\/static\\\/planet4-belgium-stateless\\\/2023\\\/12\\\/88b8af03-cr3-police-confrontation-1.jpeg&quot;,&quot;image_srcset&quot;:&quot;https:\\\/\\\/www.greenpeace.org\\\/static\\\/planet4-belgium-stateless\\\/2023\\\/12\\\/88b8af03-cr3-police-confrontation-1.jpeg 2048w, https:\\\/\\\/www.greenpeace.org\\\/static\\\/planet4-belgium-stateless\\\/2023\\\/12\\\/88b8af03-cr3-police-confrontation-1-300x169.jpeg 300w, https:\\\/\\\/www.greenpeace.org\\\/static\\\/planet4-belgium-stateless\\\/2023\\\/12\\\/88b8af03-cr3-police-confrontation-1-1024x576.jpeg 1024w, https:\\\/\\\/www.greenpeace.org\\\/static\\\/planet4-belgium-stateless\\\/2023\\\/12\\\/88b8af03-cr3-police-confrontation-1-768x432.jpeg 768w, https:\\\/\\\/www.greenpeace.org\\\/static\\\/planet4-belgium-stateless\\\/2023\\\/12\\\/88b8af03-cr3-police-confrontation-1-1536x864.jpeg 1536w, https:\\\/\\\/www.greenpeace.org\\\/static\\\/planet4-belgium-stateless\\\/2023\\\/12\\\/88b8af03-cr3-police-confrontation-1-510x287.jpeg 510w&quot;,&quot;image_sizes&quot;:false,&quot;alt_text&quot;:&quot;&quot;,&quot;caption&quot;:&quot;Antwerpen, 16\\\/12\\\/2023.&quot;,&quot;focus_image&quot;:&quot;&quot;,&quot;credits&quot;:&quot;\\u00a9 Code Rood&quot;},{&quot;image_src&quot;:&quot;https:\\\/\\\/www.greenpeace.org\\\/static\\\/planet4-belgium-stateless\\\/2023\\\/12\\\/a987c710-cr3-eric-de-mildt-antwerpen-airport-evening-4-scaled.jpg&quot;,&quot;image_srcset&quot;:&quot;https:\\\/\\\/www.greenpeace.org\\\/static\\\/planet4-belgium-stateless\\\/2023\\\/12\\\/a987c710-cr3-eric-de-mildt-antwerpen-airport-evening-4-scaled.jpg 2560w, https:\\\/\\\/www.greenpeace.org\\\/static\\\/planet4-belgium-stateless\\\/2023\\\/12\\\/a987c710-cr3-eric-de-mildt-antwerpen-airport-evening-4-300x200.jpg 300w, https:\\\/\\\/www.greenpeace.org\\\/static\\\/planet4-belgium-stateless\\\/2023\\\/12\\\/a987c710-cr3-eric-de-mildt-antwerpen-airport-evening-4-1024x683.jpg 1024w, https:\\\/\\\/www.greenpeace.org\\\/static\\\/planet4-belgium-stateless\\\/2023\\\/12\\\/a987c710-cr3-eric-de-mildt-antwerpen-airport-evening-4-768x512.jpg 768w, https:\\\/\\\/www.greenpeace.org\\\/static\\\/planet4-belgium-stateless\\\/2023\\\/12\\\/a987c710-cr3-eric-de-mildt-antwerpen-airport-evening-4-1536x1024.jpg 1536w, https:\\\/\\\/www.greenpeace.org\\\/static\\\/planet4-belgium-stateless\\\/2023\\\/12\\\/a987c710-cr3-eric-de-mildt-antwerpen-airport-evening-4-2048x1366.jpg 2048w, https:\\\/\\\/www.greenpeace.org\\\/static\\\/planet4-belgium-stateless\\\/2023\\\/12\\\/a987c710-cr3-eric-de-mildt-antwerpen-airport-evening-4-510x340.jpg 510w&quot;,&quot;image_sizes&quot;:false,&quot;alt_text&quot;:&quot;&quot;,&quot;caption&quot;:&quot;Antwerpen, 16\\\/12\\\/2023.&quot;,&quot;focus_image&quot;:&quot;&quot;,&quot;credits&quot;:&quot;\\u00a9 Eric De Mildt \\\/ Code Rood&quot;},{&quot;image_src&quot;:&quot;https:\\\/\\\/www.greenpeace.org\\\/static\\\/planet4-belgium-stateless\\\/2023\\\/12\\\/f2dc0181-eric-demildt1-scaled.jpg&quot;,&quot;image_srcset&quot;:&quot;https:\\\/\\\/www.greenpeace.org\\\/static\\\/planet4-belgium-stateless\\\/2023\\\/12\\\/f2dc0181-eric-demildt1-scaled.jpg 2560w, https:\\\/\\\/www.greenpeace.org\\\/static\\\/planet4-belgium-stateless\\\/2023\\\/12\\\/f2dc0181-eric-demildt1-300x200.jpg 300w, https:\\\/\\\/www.greenpeace.org\\\/static\\\/planet4-belgium-stateless\\\/2023\\\/12\\\/f2dc0181-eric-demildt1-1024x683.jpg 1024w, https:\\\/\\\/www.greenpeace.org\\\/static\\\/planet4-belgium-stateless\\\/2023\\\/12\\\/f2dc0181-eric-demildt1-768x512.jpg 768w, https:\\\/\\\/www.greenpeace.org\\\/static\\\/planet4-belgium-stateless\\\/2023\\\/12\\\/f2dc0181-eric-demildt1-1536x1024.jpg 1536w, https:\\\/\\\/www.greenpeace.org\\\/static\\\/planet4-belgium-stateless\\\/2023\\\/12\\\/f2dc0181-eric-demildt1-2048x1366.jpg 2048w, https:\\\/\\\/www.greenpeace.org\\\/static\\\/planet4-belgium-stateless\\\/2023\\\/12\\\/f2dc0181-eric-demildt1-510x340.jpg 510w&quot;,&quot;image_sizes&quot;:false,&quot;alt_text&quot;:&quot;&quot;,&quot;caption&quot;:&quot;Antwerpen, 16\\\/12\\\/2023.&quot;,&quot;focus_image&quot;:&quot;&quot;,&quot;credits&quot;:&quot;\\u00a9 Eric De Mildt \\\/ Code Rood&quot;},{&quot;image_src&quot;:&quot;https:\\\/\\\/www.greenpeace.org\\\/static\\\/planet4-belgium-stateless\\\/2023\\\/12\\\/3c34c598-eric-demildt-scaled.jpg&quot;,&quot;image_srcset&quot;:&quot;https:\\\/\\\/www.greenpeace.org\\\/static\\\/planet4-belgium-stateless\\\/2023\\\/12\\\/3c34c598-eric-demildt-scaled.jpg 2560w, https:\\\/\\\/www.greenpeace.org\\\/static\\\/planet4-belgium-stateless\\\/2023\\\/12\\\/3c34c598-eric-demildt-300x200.jpg 300w, https:\\\/\\\/www.greenpeace.org\\\/static\\\/planet4-belgium-stateless\\\/2023\\\/12\\\/3c34c598-eric-demildt-1024x683.jpg 1024w, https:\\\/\\\/www.greenpeace.org\\\/static\\\/planet4-belgium-stateless\\\/2023\\\/12\\\/3c34c598-eric-demildt-768x512.jpg 768w, https:\\\/\\\/www.greenpeace.org\\\/static\\\/planet4-belgium-stateless\\\/2023\\\/12\\\/3c34c598-eric-demildt-1536x1024.jpg 1536w, https:\\\/\\\/www.greenpeace.org\\\/static\\\/planet4-belgium-stateless\\\/2023\\\/12\\\/3c34c598-eric-demildt-2048x1366.jpg 2048w, https:\\\/\\\/www.greenpeace.org\\\/static\\\/planet4-belgium-stateless\\\/2023\\\/12\\\/3c34c598-eric-demildt-510x340.jpg 510w&quot;,&quot;image_sizes&quot;:false,&quot;alt_text&quot;:&quot;&quot;,&quot;caption&quot;:&quot;Antwerpen, 16\\\/12\\\/2023.&quot;,&quot;focus_image&quot;:&quot;&quot;,&quot;credits&quot;:&quot;\\u00a9 Eric De Mildt \\\/ Code Rood&quot;},{&quot;image_src&quot;:&quot;https:\\\/\\\/www.greenpeace.org\\\/static\\\/planet4-belgium-stateless\\\/2023\\\/12\\\/5a081380-cr3-legal-demonstration-antwerpen-3.jpeg&quot;,&quot;image_srcset&quot;:&quot;https:\\\/\\\/www.greenpeace.org\\\/static\\\/planet4-belgium-stateless\\\/2023\\\/12\\\/5a081380-cr3-legal-demonstration-antwerpen-3.jpeg 2048w, https:\\\/\\\/www.greenpeace.org\\\/static\\\/planet4-belgium-stateless\\\/2023\\\/12\\\/5a081380-cr3-legal-demonstration-antwerpen-3-300x225.jpeg 300w, https:\\\/\\\/www.greenpeace.org\\\/static\\\/planet4-belgium-stateless\\\/2023\\\/12\\\/5a081380-cr3-legal-demonstration-antwerpen-3-1024x768.jpeg 1024w, https:\\\/\\\/www.greenpeace.org\\\/static\\\/planet4-belgium-stateless\\\/2023\\\/12\\\/5a081380-cr3-legal-demonstration-antwerpen-3-768x576.jpeg 768w, https:\\\/\\\/www.greenpeace.org\\\/static\\\/planet4-belgium-stateless\\\/2023\\\/12\\\/5a081380-cr3-legal-demonstration-antwerpen-3-1536x1152.jpeg 1536w, https:\\\/\\\/www.greenpeace.org\\\/static\\\/planet4-belgium-stateless\\\/2023\\\/12\\\/5a081380-cr3-legal-demonstration-antwerpen-3-1821x1366.jpeg 1821w, https:\\\/\\\/www.greenpeace.org\\\/static\\\/planet4-belgium-stateless\\\/2023\\\/12\\\/5a081380-cr3-legal-demonstration-antwerpen-3-453x340.jpeg 453w&quot;,&quot;image_sizes&quot;:false,&quot;alt_text&quot;:&quot;&quot;,&quot;caption&quot;:&quot;Toegestane betoging, Antwerpen, 17\\\/12\\\/2023.&quot;,&quot;focus_image&quot;:&quot;&quot;,&quot;credits&quot;:&quot;\\u00a9 Code Rood&quot;}]}}\"><section class=\"block carousel-wrap \"><\/section><\/div>\n<h2 class=\"wp-block-heading\">Luik<\/h2>\n\n<p>De actie in Luik ging zaterdag 16\/12 rond 15 uur van start. Zo\u2019n 600\u00a0actievoerders blokkeerden de kantoren van Alibaba. Hierdoor konden de vliegtuigen vol massaconsumptiegoederen uit China niet gelost worden en konden er ook geen vrachtwagens voor verdere distributie van spullen vertrekken. Tegen 22u, slaagden 200 activisten er in\u00a0om\u00a0het depot van Alibaba\u00a0 binnen te gaan. Ze werden tussen 2 en 3 uur &#8217;s nachts door de politie verwijderd. Maar de site bleef wel geblokkeerd. Doel bereikt.<\/p>\n<div data-hydrate=\"planet4-blocks\/gallery\" data-attributes=\"{&quot;attributes&quot;:{&quot;multiple_image&quot;:&quot;55891,55887,55912,55895,55893,55901,55889,55899,55910,55897,55914,55908&quot;,&quot;image_data&quot;:[{&quot;url&quot;:&quot;https:\\\/\\\/www.greenpeace.org\\\/static\\\/planet4-belgium-stateless\\\/2023\\\/12\\\/f5f22444-copy-of-partage-a-partir-de-lightroom-mobile2.jpg&quot;,&quot;focalPoint&quot;:{&quot;x&quot;:0.5,&quot;y&quot;:0.5},&quot;id&quot;:55891},{&quot;url&quot;:&quot;https:\\\/\\\/www.greenpeace.org\\\/static\\\/planet4-belgium-stateless\\\/2023\\\/12\\\/31568b6c-activist-foto.jpeg&quot;,&quot;focalPoint&quot;:{&quot;x&quot;:0.5,&quot;y&quot;:0.5},&quot;id&quot;:55887},{&quot;url&quot;:&quot;https:\\\/\\\/www.greenpeace.org\\\/static\\\/planet4-belgium-stateless\\\/2023\\\/12\\\/43b84ba6-cr3-johanna-de-tessieres-liege-110-scaled.jpg&quot;,&quot;focalPoint&quot;:{&quot;x&quot;:0.5,&quot;y&quot;:0.5},&quot;id&quot;:55912},{&quot;url&quot;:&quot;https:\\\/\\\/www.greenpeace.org\\\/static\\\/planet4-belgium-stateless\\\/2023\\\/12\\\/1aabf722-copy-of-partage-a-partir-de-lightroom-mobile4.jpg&quot;,&quot;focalPoint&quot;:{&quot;x&quot;:0.5,&quot;y&quot;:0.5},&quot;id&quot;:55895},{&quot;url&quot;:&quot;https:\\\/\\\/www.greenpeace.org\\\/static\\\/planet4-belgium-stateless\\\/2023\\\/12\\\/195ed107-copy-of-partage-a-partir-de-lightroom-mobile3.jpg&quot;,&quot;focalPoint&quot;:{&quot;x&quot;:0.5,&quot;y&quot;:0.5},&quot;id&quot;:55893},{&quot;url&quot;:&quot;https:\\\/\\\/www.greenpeace.org\\\/static\\\/planet4-belgium-stateless\\\/2023\\\/12\\\/2dc81736-copy-of-partage-a-partir-de-lightroom-mobile.jpg&quot;,&quot;focalPoint&quot;:{&quot;x&quot;:0.5,&quot;y&quot;:0.5},&quot;id&quot;:55901},{&quot;url&quot;:&quot;https:\\\/\\\/www.greenpeace.org\\\/static\\\/planet4-belgium-stateless\\\/2023\\\/12\\\/6a9d2397-copy-of-partage-a-partir-de-lightroom-mobile1.jpg&quot;,&quot;focalPoint&quot;:{&quot;x&quot;:0.5,&quot;y&quot;:0.5},&quot;id&quot;:55889},{&quot;url&quot;:&quot;https:\\\/\\\/www.greenpeace.org\\\/static\\\/planet4-belgium-stateless\\\/2023\\\/12\\\/24dbe9fa-copy-of-partage-a-partir-de-lightroom-mobile1.jpg&quot;,&quot;focalPoint&quot;:{&quot;x&quot;:0.5,&quot;y&quot;:0.5},&quot;id&quot;:55899},{&quot;url&quot;:&quot;https:\\\/\\\/www.greenpeace.org\\\/static\\\/planet4-belgium-stateless\\\/2023\\\/12\\\/060a7d89-cr3-johanna-de-tessieres-liege-42-scaled.jpg&quot;,&quot;focalPoint&quot;:{&quot;x&quot;:0.5,&quot;y&quot;:0.5},&quot;id&quot;:55910},{&quot;url&quot;:&quot;https:\\\/\\\/www.greenpeace.org\\\/static\\\/planet4-belgium-stateless\\\/2023\\\/12\\\/727f171d-copy-of-partage-a-partir-de-lightroom-mobile.jpg&quot;,&quot;focalPoint&quot;:{&quot;x&quot;:0.5,&quot;y&quot;:0.5},&quot;id&quot;:55897},{&quot;url&quot;:&quot;https:\\\/\\\/www.greenpeace.org\\\/static\\\/planet4-belgium-stateless\\\/2023\\\/12\\\/022539eb-cr3-johanna-de-tessieres-liege-exit-with-banner-2.jpg.jpeg&quot;,&quot;focalPoint&quot;:{&quot;x&quot;:0.5,&quot;y&quot;:0.5},&quot;id&quot;:55914},{&quot;url&quot;:&quot;https:\\\/\\\/www.greenpeace.org\\\/static\\\/planet4-belgium-stateless\\\/2023\\\/12\\\/3dd6d747-cr3-johanna-de-tessieres-legale-demonstration-liege-1.jpeg&quot;,&quot;focalPoint&quot;:{&quot;x&quot;:0.5,&quot;y&quot;:0.5},&quot;id&quot;:55908}],&quot;gallery_block_style&quot;:0,&quot;gallery_block_title&quot;:&quot;&quot;,&quot;gallery_block_description&quot;:&quot;&quot;,&quot;gallery_block_focus_points&quot;:&quot;&quot;,&quot;images&quot;:[{&quot;image_src&quot;:&quot;https:\\\/\\\/www.greenpeace.org\\\/static\\\/planet4-belgium-stateless\\\/2023\\\/12\\\/f5f22444-copy-of-partage-a-partir-de-lightroom-mobile2.jpg&quot;,&quot;image_srcset&quot;:&quot;https:\\\/\\\/www.greenpeace.org\\\/static\\\/planet4-belgium-stateless\\\/2023\\\/12\\\/f5f22444-copy-of-partage-a-partir-de-lightroom-mobile2.jpg 2048w, https:\\\/\\\/www.greenpeace.org\\\/static\\\/planet4-belgium-stateless\\\/2023\\\/12\\\/f5f22444-copy-of-partage-a-partir-de-lightroom-mobile2-300x200.jpg 300w, https:\\\/\\\/www.greenpeace.org\\\/static\\\/planet4-belgium-stateless\\\/2023\\\/12\\\/f5f22444-copy-of-partage-a-partir-de-lightroom-mobile2-1024x683.jpg 1024w, https:\\\/\\\/www.greenpeace.org\\\/static\\\/planet4-belgium-stateless\\\/2023\\\/12\\\/f5f22444-copy-of-partage-a-partir-de-lightroom-mobile2-768x512.jpg 768w, https:\\\/\\\/www.greenpeace.org\\\/static\\\/planet4-belgium-stateless\\\/2023\\\/12\\\/f5f22444-copy-of-partage-a-partir-de-lightroom-mobile2-1536x1025.jpg 1536w, https:\\\/\\\/www.greenpeace.org\\\/static\\\/planet4-belgium-stateless\\\/2023\\\/12\\\/f5f22444-copy-of-partage-a-partir-de-lightroom-mobile2-510x340.jpg 510w&quot;,&quot;image_sizes&quot;:false,&quot;alt_text&quot;:&quot;&quot;,&quot;caption&quot;:&quot;Code Rood, Luik, 16\\\/12\\\/2023.&quot;,&quot;focus_image&quot;:&quot;&quot;,&quot;credits&quot;:&quot;&quot;},{&quot;image_src&quot;:&quot;https:\\\/\\\/www.greenpeace.org\\\/static\\\/planet4-belgium-stateless\\\/2023\\\/12\\\/31568b6c-activist-foto.jpeg&quot;,&quot;image_srcset&quot;:&quot;https:\\\/\\\/www.greenpeace.org\\\/static\\\/planet4-belgium-stateless\\\/2023\\\/12\\\/31568b6c-activist-foto.jpeg 2048w, https:\\\/\\\/www.greenpeace.org\\\/static\\\/planet4-belgium-stateless\\\/2023\\\/12\\\/31568b6c-activist-foto-300x169.jpeg 300w, https:\\\/\\\/www.greenpeace.org\\\/static\\\/planet4-belgium-stateless\\\/2023\\\/12\\\/31568b6c-activist-foto-1024x576.jpeg 1024w, https:\\\/\\\/www.greenpeace.org\\\/static\\\/planet4-belgium-stateless\\\/2023\\\/12\\\/31568b6c-activist-foto-768x432.jpeg 768w, https:\\\/\\\/www.greenpeace.org\\\/static\\\/planet4-belgium-stateless\\\/2023\\\/12\\\/31568b6c-activist-foto-1536x864.jpeg 1536w, https:\\\/\\\/www.greenpeace.org\\\/static\\\/planet4-belgium-stateless\\\/2023\\\/12\\\/31568b6c-activist-foto-510x287.jpeg 510w&quot;,&quot;image_sizes&quot;:false,&quot;alt_text&quot;:&quot;&quot;,&quot;caption&quot;:&quot;Code Rood, Luik, 16\\\/12\\\/2023.&quot;,&quot;focus_image&quot;:&quot;&quot;,&quot;credits&quot;:&quot;&quot;},{&quot;image_src&quot;:&quot;https:\\\/\\\/www.greenpeace.org\\\/static\\\/planet4-belgium-stateless\\\/2023\\\/12\\\/43b84ba6-cr3-johanna-de-tessieres-liege-110-scaled.jpg&quot;,&quot;image_srcset&quot;:&quot;https:\\\/\\\/www.greenpeace.org\\\/static\\\/planet4-belgium-stateless\\\/2023\\\/12\\\/43b84ba6-cr3-johanna-de-tessieres-liege-110-scaled.jpg 2560w, https:\\\/\\\/www.greenpeace.org\\\/static\\\/planet4-belgium-stateless\\\/2023\\\/12\\\/43b84ba6-cr3-johanna-de-tessieres-liege-110-300x200.jpg 300w, https:\\\/\\\/www.greenpeace.org\\\/static\\\/planet4-belgium-stateless\\\/2023\\\/12\\\/43b84ba6-cr3-johanna-de-tessieres-liege-110-1024x683.jpg 1024w, https:\\\/\\\/www.greenpeace.org\\\/static\\\/planet4-belgium-stateless\\\/2023\\\/12\\\/43b84ba6-cr3-johanna-de-tessieres-liege-110-768x512.jpg 768w, https:\\\/\\\/www.greenpeace.org\\\/static\\\/planet4-belgium-stateless\\\/2023\\\/12\\\/43b84ba6-cr3-johanna-de-tessieres-liege-110-1536x1024.jpg 1536w, https:\\\/\\\/www.greenpeace.org\\\/static\\\/planet4-belgium-stateless\\\/2023\\\/12\\\/43b84ba6-cr3-johanna-de-tessieres-liege-110-2048x1366.jpg 2048w, https:\\\/\\\/www.greenpeace.org\\\/static\\\/planet4-belgium-stateless\\\/2023\\\/12\\\/43b84ba6-cr3-johanna-de-tessieres-liege-110-510x340.jpg 510w&quot;,&quot;image_sizes&quot;:false,&quot;alt_text&quot;:&quot;&quot;,&quot;caption&quot;:&quot;Code Rood, Luik, 17\\\/12\\\/2023.&quot;,&quot;focus_image&quot;:&quot;&quot;,&quot;credits&quot;:&quot;\\u00a9 Johanna de Tessi\\u00e8res \\\/ Code Rood&quot;},{&quot;image_src&quot;:&quot;https:\\\/\\\/www.greenpeace.org\\\/static\\\/planet4-belgium-stateless\\\/2023\\\/12\\\/1aabf722-copy-of-partage-a-partir-de-lightroom-mobile4.jpg&quot;,&quot;image_srcset&quot;:&quot;https:\\\/\\\/www.greenpeace.org\\\/static\\\/planet4-belgium-stateless\\\/2023\\\/12\\\/1aabf722-copy-of-partage-a-partir-de-lightroom-mobile4.jpg 2048w, https:\\\/\\\/www.greenpeace.org\\\/static\\\/planet4-belgium-stateless\\\/2023\\\/12\\\/1aabf722-copy-of-partage-a-partir-de-lightroom-mobile4-300x200.jpg 300w, https:\\\/\\\/www.greenpeace.org\\\/static\\\/planet4-belgium-stateless\\\/2023\\\/12\\\/1aabf722-copy-of-partage-a-partir-de-lightroom-mobile4-1024x683.jpg 1024w, https:\\\/\\\/www.greenpeace.org\\\/static\\\/planet4-belgium-stateless\\\/2023\\\/12\\\/1aabf722-copy-of-partage-a-partir-de-lightroom-mobile4-768x512.jpg 768w, https:\\\/\\\/www.greenpeace.org\\\/static\\\/planet4-belgium-stateless\\\/2023\\\/12\\\/1aabf722-copy-of-partage-a-partir-de-lightroom-mobile4-1536x1025.jpg 1536w, https:\\\/\\\/www.greenpeace.org\\\/static\\\/planet4-belgium-stateless\\\/2023\\\/12\\\/1aabf722-copy-of-partage-a-partir-de-lightroom-mobile4-510x340.jpg 510w&quot;,&quot;image_sizes&quot;:false,&quot;alt_text&quot;:&quot;&quot;,&quot;caption&quot;:&quot;Code Rood, Luik, 16\\\/12\\\/2023.&quot;,&quot;focus_image&quot;:&quot;&quot;,&quot;credits&quot;:&quot;&quot;},{&quot;image_src&quot;:&quot;https:\\\/\\\/www.greenpeace.org\\\/static\\\/planet4-belgium-stateless\\\/2023\\\/12\\\/195ed107-copy-of-partage-a-partir-de-lightroom-mobile3.jpg&quot;,&quot;image_srcset&quot;:&quot;https:\\\/\\\/www.greenpeace.org\\\/static\\\/planet4-belgium-stateless\\\/2023\\\/12\\\/195ed107-copy-of-partage-a-partir-de-lightroom-mobile3.jpg 2048w, https:\\\/\\\/www.greenpeace.org\\\/static\\\/planet4-belgium-stateless\\\/2023\\\/12\\\/195ed107-copy-of-partage-a-partir-de-lightroom-mobile3-300x200.jpg 300w, https:\\\/\\\/www.greenpeace.org\\\/static\\\/planet4-belgium-stateless\\\/2023\\\/12\\\/195ed107-copy-of-partage-a-partir-de-lightroom-mobile3-1024x683.jpg 1024w, https:\\\/\\\/www.greenpeace.org\\\/static\\\/planet4-belgium-stateless\\\/2023\\\/12\\\/195ed107-copy-of-partage-a-partir-de-lightroom-mobile3-768x512.jpg 768w, https:\\\/\\\/www.greenpeace.org\\\/static\\\/planet4-belgium-stateless\\\/2023\\\/12\\\/195ed107-copy-of-partage-a-partir-de-lightroom-mobile3-1536x1025.jpg 1536w, https:\\\/\\\/www.greenpeace.org\\\/static\\\/planet4-belgium-stateless\\\/2023\\\/12\\\/195ed107-copy-of-partage-a-partir-de-lightroom-mobile3-510x340.jpg 510w&quot;,&quot;image_sizes&quot;:false,&quot;alt_text&quot;:&quot;&quot;,&quot;caption&quot;:&quot;Code Rood, Luik, 16\\\/12\\\/2023.&quot;,&quot;focus_image&quot;:&quot;&quot;,&quot;credits&quot;:&quot;&quot;},{&quot;image_src&quot;:&quot;https:\\\/\\\/www.greenpeace.org\\\/static\\\/planet4-belgium-stateless\\\/2023\\\/12\\\/2dc81736-copy-of-partage-a-partir-de-lightroom-mobile.jpg&quot;,&quot;image_srcset&quot;:&quot;https:\\\/\\\/www.greenpeace.org\\\/static\\\/planet4-belgium-stateless\\\/2023\\\/12\\\/2dc81736-copy-of-partage-a-partir-de-lightroom-mobile.jpg 2048w, https:\\\/\\\/www.greenpeace.org\\\/static\\\/planet4-belgium-stateless\\\/2023\\\/12\\\/2dc81736-copy-of-partage-a-partir-de-lightroom-mobile-300x200.jpg 300w, https:\\\/\\\/www.greenpeace.org\\\/static\\\/planet4-belgium-stateless\\\/2023\\\/12\\\/2dc81736-copy-of-partage-a-partir-de-lightroom-mobile-1024x683.jpg 1024w, https:\\\/\\\/www.greenpeace.org\\\/static\\\/planet4-belgium-stateless\\\/2023\\\/12\\\/2dc81736-copy-of-partage-a-partir-de-lightroom-mobile-768x512.jpg 768w, https:\\\/\\\/www.greenpeace.org\\\/static\\\/planet4-belgium-stateless\\\/2023\\\/12\\\/2dc81736-copy-of-partage-a-partir-de-lightroom-mobile-1536x1025.jpg 1536w, https:\\\/\\\/www.greenpeace.org\\\/static\\\/planet4-belgium-stateless\\\/2023\\\/12\\\/2dc81736-copy-of-partage-a-partir-de-lightroom-mobile-510x340.jpg 510w&quot;,&quot;image_sizes&quot;:false,&quot;alt_text&quot;:&quot;&quot;,&quot;caption&quot;:&quot;Code Rood, Alibaba depot, Luik.&quot;,&quot;focus_image&quot;:&quot;&quot;,&quot;credits&quot;:&quot;&quot;},{&quot;image_src&quot;:&quot;https:\\\/\\\/www.greenpeace.org\\\/static\\\/planet4-belgium-stateless\\\/2023\\\/12\\\/6a9d2397-copy-of-partage-a-partir-de-lightroom-mobile1.jpg&quot;,&quot;image_srcset&quot;:&quot;https:\\\/\\\/www.greenpeace.org\\\/static\\\/planet4-belgium-stateless\\\/2023\\\/12\\\/6a9d2397-copy-of-partage-a-partir-de-lightroom-mobile1.jpg 2048w, https:\\\/\\\/www.greenpeace.org\\\/static\\\/planet4-belgium-stateless\\\/2023\\\/12\\\/6a9d2397-copy-of-partage-a-partir-de-lightroom-mobile1-300x200.jpg 300w, https:\\\/\\\/www.greenpeace.org\\\/static\\\/planet4-belgium-stateless\\\/2023\\\/12\\\/6a9d2397-copy-of-partage-a-partir-de-lightroom-mobile1-1024x683.jpg 1024w, https:\\\/\\\/www.greenpeace.org\\\/static\\\/planet4-belgium-stateless\\\/2023\\\/12\\\/6a9d2397-copy-of-partage-a-partir-de-lightroom-mobile1-768x512.jpg 768w, https:\\\/\\\/www.greenpeace.org\\\/static\\\/planet4-belgium-stateless\\\/2023\\\/12\\\/6a9d2397-copy-of-partage-a-partir-de-lightroom-mobile1-1536x1025.jpg 1536w, https:\\\/\\\/www.greenpeace.org\\\/static\\\/planet4-belgium-stateless\\\/2023\\\/12\\\/6a9d2397-copy-of-partage-a-partir-de-lightroom-mobile1-510x340.jpg 510w&quot;,&quot;image_sizes&quot;:false,&quot;alt_text&quot;:&quot;&quot;,&quot;caption&quot;:&quot;Code Rood, Alibaba depot, Luik.&quot;,&quot;focus_image&quot;:&quot;&quot;,&quot;credits&quot;:&quot;&quot;},{&quot;image_src&quot;:&quot;https:\\\/\\\/www.greenpeace.org\\\/static\\\/planet4-belgium-stateless\\\/2023\\\/12\\\/24dbe9fa-copy-of-partage-a-partir-de-lightroom-mobile1.jpg&quot;,&quot;image_srcset&quot;:&quot;https:\\\/\\\/www.greenpeace.org\\\/static\\\/planet4-belgium-stateless\\\/2023\\\/12\\\/24dbe9fa-copy-of-partage-a-partir-de-lightroom-mobile1.jpg 2048w, https:\\\/\\\/www.greenpeace.org\\\/static\\\/planet4-belgium-stateless\\\/2023\\\/12\\\/24dbe9fa-copy-of-partage-a-partir-de-lightroom-mobile1-300x200.jpg 300w, https:\\\/\\\/www.greenpeace.org\\\/static\\\/planet4-belgium-stateless\\\/2023\\\/12\\\/24dbe9fa-copy-of-partage-a-partir-de-lightroom-mobile1-1024x683.jpg 1024w, https:\\\/\\\/www.greenpeace.org\\\/static\\\/planet4-belgium-stateless\\\/2023\\\/12\\\/24dbe9fa-copy-of-partage-a-partir-de-lightroom-mobile1-768x512.jpg 768w, https:\\\/\\\/www.greenpeace.org\\\/static\\\/planet4-belgium-stateless\\\/2023\\\/12\\\/24dbe9fa-copy-of-partage-a-partir-de-lightroom-mobile1-1536x1025.jpg 1536w, https:\\\/\\\/www.greenpeace.org\\\/static\\\/planet4-belgium-stateless\\\/2023\\\/12\\\/24dbe9fa-copy-of-partage-a-partir-de-lightroom-mobile1-510x340.jpg 510w&quot;,&quot;image_sizes&quot;:false,&quot;alt_text&quot;:&quot;&quot;,&quot;caption&quot;:&quot;Code Rood, Alibaba depot, Luik.&quot;,&quot;focus_image&quot;:&quot;&quot;,&quot;credits&quot;:&quot;&quot;},{&quot;image_src&quot;:&quot;https:\\\/\\\/www.greenpeace.org\\\/static\\\/planet4-belgium-stateless\\\/2023\\\/12\\\/060a7d89-cr3-johanna-de-tessieres-liege-42-scaled.jpg&quot;,&quot;image_srcset&quot;:&quot;https:\\\/\\\/www.greenpeace.org\\\/static\\\/planet4-belgium-stateless\\\/2023\\\/12\\\/060a7d89-cr3-johanna-de-tessieres-liege-42-scaled.jpg 2560w, https:\\\/\\\/www.greenpeace.org\\\/static\\\/planet4-belgium-stateless\\\/2023\\\/12\\\/060a7d89-cr3-johanna-de-tessieres-liege-42-300x200.jpg 300w, https:\\\/\\\/www.greenpeace.org\\\/static\\\/planet4-belgium-stateless\\\/2023\\\/12\\\/060a7d89-cr3-johanna-de-tessieres-liege-42-1024x683.jpg 1024w, https:\\\/\\\/www.greenpeace.org\\\/static\\\/planet4-belgium-stateless\\\/2023\\\/12\\\/060a7d89-cr3-johanna-de-tessieres-liege-42-768x512.jpg 768w, https:\\\/\\\/www.greenpeace.org\\\/static\\\/planet4-belgium-stateless\\\/2023\\\/12\\\/060a7d89-cr3-johanna-de-tessieres-liege-42-1536x1024.jpg 1536w, https:\\\/\\\/www.greenpeace.org\\\/static\\\/planet4-belgium-stateless\\\/2023\\\/12\\\/060a7d89-cr3-johanna-de-tessieres-liege-42-2048x1366.jpg 2048w, https:\\\/\\\/www.greenpeace.org\\\/static\\\/planet4-belgium-stateless\\\/2023\\\/12\\\/060a7d89-cr3-johanna-de-tessieres-liege-42-510x340.jpg 510w&quot;,&quot;image_sizes&quot;:false,&quot;alt_text&quot;:&quot;&quot;,&quot;caption&quot;:&quot;Code Rood, Alibaba depot, Luik.&quot;,&quot;focus_image&quot;:&quot;&quot;,&quot;credits&quot;:&quot;\\u00a9 Johanna de Tessi\\u00e8res \\\/ Code Rood&quot;},{&quot;image_src&quot;:&quot;https:\\\/\\\/www.greenpeace.org\\\/static\\\/planet4-belgium-stateless\\\/2023\\\/12\\\/727f171d-copy-of-partage-a-partir-de-lightroom-mobile.jpg&quot;,&quot;image_srcset&quot;:&quot;https:\\\/\\\/www.greenpeace.org\\\/static\\\/planet4-belgium-stateless\\\/2023\\\/12\\\/727f171d-copy-of-partage-a-partir-de-lightroom-mobile.jpg 2048w, https:\\\/\\\/www.greenpeace.org\\\/static\\\/planet4-belgium-stateless\\\/2023\\\/12\\\/727f171d-copy-of-partage-a-partir-de-lightroom-mobile-300x200.jpg 300w, https:\\\/\\\/www.greenpeace.org\\\/static\\\/planet4-belgium-stateless\\\/2023\\\/12\\\/727f171d-copy-of-partage-a-partir-de-lightroom-mobile-1024x683.jpg 1024w, https:\\\/\\\/www.greenpeace.org\\\/static\\\/planet4-belgium-stateless\\\/2023\\\/12\\\/727f171d-copy-of-partage-a-partir-de-lightroom-mobile-768x512.jpg 768w, https:\\\/\\\/www.greenpeace.org\\\/static\\\/planet4-belgium-stateless\\\/2023\\\/12\\\/727f171d-copy-of-partage-a-partir-de-lightroom-mobile-1536x1025.jpg 1536w, https:\\\/\\\/www.greenpeace.org\\\/static\\\/planet4-belgium-stateless\\\/2023\\\/12\\\/727f171d-copy-of-partage-a-partir-de-lightroom-mobile-510x340.jpg 510w&quot;,&quot;image_sizes&quot;:false,&quot;alt_text&quot;:&quot;&quot;,&quot;caption&quot;:&quot;Code Rood, Luik.&quot;,&quot;focus_image&quot;:&quot;&quot;,&quot;credits&quot;:&quot;&quot;},{&quot;image_src&quot;:&quot;https:\\\/\\\/www.greenpeace.org\\\/static\\\/planet4-belgium-stateless\\\/2023\\\/12\\\/022539eb-cr3-johanna-de-tessieres-liege-exit-with-banner-2.jpg.jpeg&quot;,&quot;image_srcset&quot;:&quot;https:\\\/\\\/www.greenpeace.org\\\/static\\\/planet4-belgium-stateless\\\/2023\\\/12\\\/022539eb-cr3-johanna-de-tessieres-liege-exit-with-banner-2.jpg.jpeg 2048w, https:\\\/\\\/www.greenpeace.org\\\/static\\\/planet4-belgium-stateless\\\/2023\\\/12\\\/022539eb-cr3-johanna-de-tessieres-liege-exit-with-banner-2.jpg-300x200.jpeg 300w, https:\\\/\\\/www.greenpeace.org\\\/static\\\/planet4-belgium-stateless\\\/2023\\\/12\\\/022539eb-cr3-johanna-de-tessieres-liege-exit-with-banner-2.jpg-1024x683.jpeg 1024w, https:\\\/\\\/www.greenpeace.org\\\/static\\\/planet4-belgium-stateless\\\/2023\\\/12\\\/022539eb-cr3-johanna-de-tessieres-liege-exit-with-banner-2.jpg-768x512.jpeg 768w, https:\\\/\\\/www.greenpeace.org\\\/static\\\/planet4-belgium-stateless\\\/2023\\\/12\\\/022539eb-cr3-johanna-de-tessieres-liege-exit-with-banner-2.jpg-1536x1025.jpeg 1536w, https:\\\/\\\/www.greenpeace.org\\\/static\\\/planet4-belgium-stateless\\\/2023\\\/12\\\/022539eb-cr3-johanna-de-tessieres-liege-exit-with-banner-2.jpg-510x340.jpeg 510w&quot;,&quot;image_sizes&quot;:false,&quot;alt_text&quot;:&quot;&quot;,&quot;caption&quot;:&quot;Code Rood, Luik, 17\\\/12\\\/2023.&quot;,&quot;focus_image&quot;:&quot;&quot;,&quot;credits&quot;:&quot;\\u00a9 Johanna de Tessi\\u00e8res \\\/ Code Rood&quot;},{&quot;image_src&quot;:&quot;https:\\\/\\\/www.greenpeace.org\\\/static\\\/planet4-belgium-stateless\\\/2023\\\/12\\\/3dd6d747-cr3-johanna-de-tessieres-legale-demonstration-liege-1.jpeg&quot;,&quot;image_srcset&quot;:&quot;https:\\\/\\\/www.greenpeace.org\\\/static\\\/planet4-belgium-stateless\\\/2023\\\/12\\\/3dd6d747-cr3-johanna-de-tessieres-legale-demonstration-liege-1.jpeg 2048w, https:\\\/\\\/www.greenpeace.org\\\/static\\\/planet4-belgium-stateless\\\/2023\\\/12\\\/3dd6d747-cr3-johanna-de-tessieres-legale-demonstration-liege-1-300x193.jpeg 300w, https:\\\/\\\/www.greenpeace.org\\\/static\\\/planet4-belgium-stateless\\\/2023\\\/12\\\/3dd6d747-cr3-johanna-de-tessieres-legale-demonstration-liege-1-1024x658.jpeg 1024w, https:\\\/\\\/www.greenpeace.org\\\/static\\\/planet4-belgium-stateless\\\/2023\\\/12\\\/3dd6d747-cr3-johanna-de-tessieres-legale-demonstration-liege-1-768x494.jpeg 768w, https:\\\/\\\/www.greenpeace.org\\\/static\\\/planet4-belgium-stateless\\\/2023\\\/12\\\/3dd6d747-cr3-johanna-de-tessieres-legale-demonstration-liege-1-1536x987.jpeg 1536w, https:\\\/\\\/www.greenpeace.org\\\/static\\\/planet4-belgium-stateless\\\/2023\\\/12\\\/3dd6d747-cr3-johanna-de-tessieres-legale-demonstration-liege-1-510x328.jpeg 510w&quot;,&quot;image_sizes&quot;:false,&quot;alt_text&quot;:&quot;&quot;,&quot;caption&quot;:&quot;Toegestane betoging, Luik, 17\\\/12\\\/23.&quot;,&quot;focus_image&quot;:&quot;&quot;,&quot;credits&quot;:&quot;\\u00a9 Johanna de Tessi\\u00e8res \\\/ Code Rood&quot;}]}}\"><section class=\"block carousel-wrap \"><\/section><\/div>\n<h2 class=\"wp-block-heading\"><strong>Politiegeweld<\/strong><\/h2>\n\n<p>Dit weekend waren we ook trieste getuige van disproportioneel gebruik van geweld en harde repressie van de politie tegen vreedzame burgers. <a href=\"https:\/\/www.instagram.com\/reel\/C09V0ittTDc\/?utm_source=ig_web_copy_link&amp;igshid=MzRlODBiNWFlZA%3D%3D\" target=\"_blank\" rel=\"noreferrer noopener\"><u>De beelden zijn schokkend.<\/u><\/a> De feiten spreken voor zich. In Antwerpen werden twee mensen naar het ziekenhuis gebracht, \u00e9\u00e9n met een gebroken arm en gebroken vingers. Een wettelijke waarnemer werd geslagen en gearresteerd. In Luik brak een andere activiste haar arm. Er werden verschillende gevallen van wurging gemeld. Om nog maar te zwijgen over het inzetten van wapenstokken en traangas.<\/p>\n\n<p>We zijn momenteel in gesprek met onze advocaten over dit politiegeweld. In ieder geval zullen we de activisten die hier slachtoffer van zijn bijstaan als ze een klacht willen indienen.<\/p>\n\n<h2 class=\"wp-block-heading\">Onze eisen<\/h2>\n\n<p><a href=\"https:\/\/code-rouge.be\/nl\/onze-eisen\/\" target=\"_blank\" rel=\"noreferrer noopener\">We eisen een verbod op priv\u00e9jets, een einde aan subsidies voor de luchtvaart en grootschalige investeringen in openbaar vervoer<\/a>.<\/p>\n\n<h2 class=\"wp-block-heading\">Petitie<\/h2>\n\n<p>Onze inzet beperkt zich niet tot deze actie&nbsp;:&nbsp; we ondernemen ook politieke actie. We lanceerden een petitie die Belgische en Europese politici oproept om priv\u00e9jets te verbieden. Een cruciale stap om de CO2-uitstoot te beperken en ons kwetsbare milieu te beschermen. Sluit je aan bij onze eis en onderteken de petitie.<\/p>\n\n<div class=\"wp-block-buttons is-layout-flex wp-block-buttons-is-layout-flex\">\n<div class=\"wp-block-button\"><a class=\"wp-block-button__link wp-element-button\" href=\"https:\/\/act.greenpeace.org\/page\/140536\/petition\/1?locale=nl-BE\" target=\"_blank\" rel=\"noreferrer noopener\">Ik teken de petitie<\/a><\/div>\n<\/div>\n\n<div style=\"height:15px\" aria-hidden=\"true\" class=\"wp-block-spacer\"><\/div>\n\n<span class=\"shareSocialArea\">\n<a class=\"shareFacebook\" href=\"https:\/\/www.facebook.com\/sharer\/sharer.php?u=https%3A%2F%2Fwww.greenpeace.org%2Fbelgium%2Fnl%2Fstories%2F55515%2Ffotos-videos-1200-activisten-nemen-deel-aan-3de-actie-van-code-rood-tegen-de-luchtvaartsector%2F%3Futm_medium%3Dshare%26utm_content%3Dpostid-55515%26utm_source%3Dfacebook\" target=\"_blank\" rel=\"noopener noreferrer\">Ik deel op Facebook<\/a>\n<a class=\"shareTwitter\" href=\"https:\/\/twitter.com\/intent\/tweet?related=greenpeace_be&#038;text=1200%20activisten%20nemen%20deel%20aan%203de%20actie%20van%20Code%20Rood%20tegen%20de%20luchtvaartsector%20-%20Dit%20weekend%20leidde%20de%20Code%20Rood-beweging%20een%20massale%20burgerlijke%20ongehoorzaamheidsactie%20tegen%20de%20luchtvaartsector%20in%20Belgi%C3%AB.%20Het%20was%20de%20grootste%20actie%20van%20Code%20Rood%20tot%20nu%20toe%21,%20via%20@greenpeace_be&#038;url=https%3A%2F%2Fwww.greenpeace.org%2Fbelgium%2Fnl%2Fstories%2F55515%2Ffotos-videos-1200-activisten-nemen-deel-aan-3de-actie-van-code-rood-tegen-de-luchtvaartsector%2F%3Futm_medium%3Dshare%26utm_content%3Dpostid-55515%26utm_source%3Dtwitter\" target=\"_blank\" rel=\"noopener noreferrer\">Ik deel op Twitter<\/a>\n<a class=\"shareWhatsapp\" href=\"https:\/\/wa.me\/?text=https%3A%2F%2Fwww.greenpeace.org%2Fbelgium%2Fnl%2Fstories%2F55515%2Ffotos-videos-1200-activisten-nemen-deel-aan-3de-actie-van-code-rood-tegen-de-luchtvaartsector%2F%3Futm_medium%3Dshare%26utm_content%3Dpostid-55515%26utm_source%3Dwhatsapp\" target=\"_blank\" rel=\"noopener noreferrer\">Ik deel op Whatsapp<\/a>\n<\/span>\n","protected":false},"excerpt":{"rendered":"<p>Dit weekend leidde de Code Rood-beweging een massale burgerlijke ongehoorzaamheidsactie tegen de luchtvaartsector in Belgi\u00eb. Het was de grootste actie van Code Rood tot nu toe! <\/p>\n","protected":false},"author":105,"featured_media":55922,"comment_status":"closed","ping_status":"closed","sticky":false,"template":"","format":"standard","meta":{"ep_exclude_from_search":false,"p4_og_title":"1200 activisten nemen deel aan 3de actie van Code Rood tegen de luchtvaartsector","p4_og_description":"Dit weekend leidde de Code Rood-beweging een massale burgerlijke ongehoorzaamheidsactie tegen de luchtvaartsector in Belgi\u00eb. Het was de grootste actie van Code Rood tot nu toe! ","p4_og_image":"","p4_og_image_id":"","p4_seo_canonical_url":"","p4_campaign_name":"not set","p4_local_project":"not set","p4_basket_name":"not set","p4_department":"","footnotes":""},"categories":[157],"tags":[87,91,103],"p4-page-type":[122],"class_list":["post-55515","post","type-post","status-publish","format-standard","has-post-thumbnail","hentry","category-actualiteit","tag-energie-nl","tag-mobiliteit","tag-klimaat","p4-page-type-stories"],"_links":{"self":[{"href":"https:\/\/www.greenpeace.org\/belgium\/nl\/wp-json\/wp\/v2\/posts\/55515","targetHints":{"allow":["GET"]}}],"collection":[{"href":"https:\/\/www.greenpeace.org\/belgium\/nl\/wp-json\/wp\/v2\/posts"}],"about":[{"href":"https:\/\/www.greenpeace.org\/belgium\/nl\/wp-json\/wp\/v2\/types\/post"}],"author":[{"embeddable":true,"href":"https:\/\/www.greenpeace.org\/belgium\/nl\/wp-json\/wp\/v2\/users\/105"}],"replies":[{"embeddable":true,"href":"https:\/\/www.greenpeace.org\/belgium\/nl\/wp-json\/wp\/v2\/comments?post=55515"}],"version-history":[{"count":9,"href":"https:\/\/www.greenpeace.org\/belgium\/nl\/wp-json\/wp\/v2\/posts\/55515\/revisions"}],"predecessor-version":[{"id":55936,"href":"https:\/\/www.greenpeace.org\/belgium\/nl\/wp-json\/wp\/v2\/posts\/55515\/revisions\/55936"}],"wp:featuredmedia":[{"embeddable":true,"href":"https:\/\/www.greenpeace.org\/belgium\/nl\/wp-json\/wp\/v2\/media\/55922"}],"wp:attachment":[{"href":"https:\/\/www.greenpeace.org\/belgium\/nl\/wp-json\/wp\/v2\/media?parent=55515"}],"wp:term":[{"taxonomy":"category","embeddable":true,"href":"https:\/\/www.greenpeace.org\/belgium\/nl\/wp-json\/wp\/v2\/categories?post=55515"},{"taxonomy":"post_tag","embeddable":true,"href":"https:\/\/www.greenpeace.org\/belgium\/nl\/wp-json\/wp\/v2\/tags?post=55515"},{"taxonomy":"p4-page-type","embeddable":true,"href":"https:\/\/www.greenpeace.org\/belgium\/nl\/wp-json\/wp\/v2\/p4-page-type?post=55515"}],"curies":[{"name":"wp","href":"https:\/\/api.w.org\/{rel}","templated":true}]}}