{"id":58289,"date":"2024-09-13T12:02:30","date_gmt":"2024-09-13T11:02:30","guid":{"rendered":"https:\/\/www.greenpeace.org\/belgium\/?p=58289"},"modified":"2024-09-13T12:02:33","modified_gmt":"2024-09-13T11:02:33","slug":"greenpeace-opent-een-nieuw-kantoor-in-oekraine","status":"publish","type":"post","link":"https:\/\/www.greenpeace.org\/belgium\/nl\/persbericht\/58289\/greenpeace-opent-een-nieuw-kantoor-in-oekraine\/","title":{"rendered":"Greenpeace opent een nieuw kantoor in Oekra\u00efne"},"content":{"rendered":"\n<p><strong>Greenpeace Centraal- en Oost-Europa heeft zojuist een nieuw kantoor geopend in Kyiv, Oekra\u00efne. Sinds Rusland het land in 2022 binnenviel, werkt de milieuorganisatie samen met haar bondgenoten in Oekra\u00efne. Met een kantoor daar zal de ngo haar werk aan de ecologische wederopbouw in het land kunnen versnellen en de milieugevolgen van de Russische invasie verder kunnen onderzoeken. Greenpeace zal ook de veiligheidskwesties met betrekking tot de Oekra\u00efense kerncentrales nauwlettend blijven volgen.<\/strong><\/p>\n\n<p>De opening van dit kantoor luidt een nieuwe fase in van het werk van Greenpeace in Oekra\u00efne. Sinds het begin van de oorlog zijn de naburige kantoren van Greenpeace Centraal- en Oost-Europa (Slowakije, Polen, Hongarije, Roemeni\u00eb en Bulgarije) betrokken geweest bij humanitair werk ter plaatse. In samenwerking met lokale milieuorganisaties heeft Greenpeace al<a href=\"https:\/\/maps.greenpeace.org\/maps\/gpcee\/ukraine_damage_2022\/\"> de rampzalige gevolgen van de oorlog<\/a> gedocumenteerd, waaronder de vernietiging van<a href=\"https:\/\/greenpeace.at\/cee-press-hub\/new-report-claims-that-the-destruction-of-kakhovka-dam-is-an-environmental-war-crime\/\"> de Kakhovka-dam<\/a>. Greenpeace heeft ook de crises in de kerncentrales<a href=\"https:\/\/storymaps.arcgis.com\/stories\/1afeaa6ad822495fb94787f158fe815d\"> van Chornobyl<\/a> en<a href=\"https:\/\/www.greenpeace.org\/ukraine\/en\/investigations-reports\/1675\/mckenzie-intelligence-analysis-published-on-russian-claims-of-drone-attacks-on-znpp-offers-strong-indications-of-staged-false-flag-operation-by-russia\/?_gl=1*1u560w8*_up*MQ..*_ga*MjczNzkyMTc3LjE3MjU4NzIyODk.*_ga_0CCB1GTVV6*MTcyNTg3MjI4OC4xLjAuMTcyNTg3MjI4OC42MC4wLjA.*_ga_XCF9PQ4NJK*MTcyNTg3MjI4OC4xLjAuMTcyNTg3MjI4OC42MC4wLjA.\"> Zaporizhzhia<\/a> onderzocht en verschillende proefprojecten voor groene wederopbouw uitgevoerd.<\/p>\n\n<p><em>\u201cDe missie van dit nieuwe kantoor is om Oekra\u00efne te helpen bij de duurzame wederopbouw<\/em>\u201d,<em> <\/em>legt Jan Vande Putte van Greenpeace Belgi\u00eb uit vanuit Kyiv. Als energie-expert was hij nauw betrokken bij het werk van Greenpeace in Oekra\u00efne en de opstart van het nieuwe kantoor<em>.<\/em> \u201c<em>De komende jaren verwachten we dat de Europese Unie en andere landen miljarden euro&#8217;s zullen investeren in de wederopbouw van Oekra\u00efne.<\/em> <em>De strikte onafhankelijkheid van Greenpeace ten opzichte van zowel regeringen als bedrijven stelt ons in staat een sleutelrol te spelen in deze wederopbouw van een onafhankelijk, modern en groen Oekra\u00efne.<\/em>\u201d<\/p>\n\n<p>Greenpeace Oekra\u00efne zal zich net als andere afdelingen van Greenpeace inzetten voor het be\u00ebindigen van de afhankelijkheid van fossiele brandstoffen, het herstellen van de biodiversiteit en het benadrukken van de gevaren van kernenergie. Dit zijn de strategische hoekstenen van het werk van Greenpeace wereldwijd.<em>\u201cIk ben diep ontroerd en erg trots op het team van Greenpeace Oekra\u00efne en alle mensen die een rol hebben gespeeld bij het opzetten van dit nieuwe kantoor, vaak onder zeer moeilijke omstandigheden<\/em>,\u201d zegt Mads Christensen, uitvoerend directeur van Greenpeace International. <em>&#8220;Ons werk in Oekra\u00efne laat al zien hoe duurzame energie kan helpen om scholen en ziekenhuizen van elektriciteit te voorzien, zelfs te midden van de verschrikkingen van de oorlog.<\/em><em>Met het nieuwe kantoor in Kyiv zal Greenpeace samenwerken met het Oekra\u00efense volk om een groen en veilig Oekra\u00efne op te bouwen.<\/em><em>Samen verbeelden we niet alleen een betere toekomst, we cre\u00ebren hem ook.&#8221;<\/em><\/p>\n","protected":false},"excerpt":{"rendered":"<p>Greenpeace Centraal- en Oost-Europa heeft zojuist een nieuw kantoor geopend in Kyiv, Oekra\u00efne. Sinds Rusland het land in 2022 binnenviel, werkt de milieuorganisatie samen met haar bondgenoten in Oekra\u00efne. Met&hellip;<\/p>\n","protected":false},"author":80,"featured_media":58287,"comment_status":"open","ping_status":"closed","sticky":false,"template":"","format":"standard","meta":{"ep_exclude_from_search":false,"p4_og_title":"Greenpeace opent een nieuw kantoor in Oekra\u00efne","p4_og_description":"Greenpeace Centraal- en Oost-Europa heeft zojuist een nieuw kantoor geopend in Kyiv, Oekra\u00efne. Sinds Rusland het land in 2022 binnenviel, werkt de milieuorganisatie samen met haar bondgenoten in Oekra\u00efne. Met een kantoor daar zal de ngo haar werk aan de ecologische wederopbouw in het land kunnen versnellen en de milieugevolgen van de Russische invasie verder kunnen onderzoeken. Greenpeace zal ook de veiligheidskwesties met betrekking tot de Oekra\u00efense kerncentrales nauwlettend blijven volgen.","p4_og_image":"https:\/\/www.greenpeace.org\/static\/planet4-belgium-stateless\/2024\/09\/ebb7608b-gp0su29jt_medium-res-1200px.jpg","p4_og_image_id":"58287","p4_seo_canonical_url":"","p4_campaign_name":"","p4_local_project":"","p4_basket_name":"","p4_department":"","footnotes":""},"categories":[157,156,158],"tags":[],"p4-page-type":[121],"class_list":["post-58289","post","type-post","status-publish","format-standard","has-post-thumbnail","hentry","category-actualiteit","category-in-het-nieuws","category-pers","p4-page-type-persbericht"],"_links":{"self":[{"href":"https:\/\/www.greenpeace.org\/belgium\/nl\/wp-json\/wp\/v2\/posts\/58289","targetHints":{"allow":["GET"]}}],"collection":[{"href":"https:\/\/www.greenpeace.org\/belgium\/nl\/wp-json\/wp\/v2\/posts"}],"about":[{"href":"https:\/\/www.greenpeace.org\/belgium\/nl\/wp-json\/wp\/v2\/types\/post"}],"author":[{"embeddable":true,"href":"https:\/\/www.greenpeace.org\/belgium\/nl\/wp-json\/wp\/v2\/users\/80"}],"replies":[{"embeddable":true,"href":"https:\/\/www.greenpeace.org\/belgium\/nl\/wp-json\/wp\/v2\/comments?post=58289"}],"version-history":[{"count":1,"href":"https:\/\/www.greenpeace.org\/belgium\/nl\/wp-json\/wp\/v2\/posts\/58289\/revisions"}],"predecessor-version":[{"id":58290,"href":"https:\/\/www.greenpeace.org\/belgium\/nl\/wp-json\/wp\/v2\/posts\/58289\/revisions\/58290"}],"wp:featuredmedia":[{"embeddable":true,"href":"https:\/\/www.greenpeace.org\/belgium\/nl\/wp-json\/wp\/v2\/media\/58287"}],"wp:attachment":[{"href":"https:\/\/www.greenpeace.org\/belgium\/nl\/wp-json\/wp\/v2\/media?parent=58289"}],"wp:term":[{"taxonomy":"category","embeddable":true,"href":"https:\/\/www.greenpeace.org\/belgium\/nl\/wp-json\/wp\/v2\/categories?post=58289"},{"taxonomy":"post_tag","embeddable":true,"href":"https:\/\/www.greenpeace.org\/belgium\/nl\/wp-json\/wp\/v2\/tags?post=58289"},{"taxonomy":"p4-page-type","embeddable":true,"href":"https:\/\/www.greenpeace.org\/belgium\/nl\/wp-json\/wp\/v2\/p4-page-type?post=58289"}],"curies":[{"name":"wp","href":"https:\/\/api.w.org\/{rel}","templated":true}]}}