{"id":6168,"date":"2019-07-17T15:17:20","date_gmt":"2019-07-17T13:17:20","guid":{"rendered":"https:\/\/www.greenpeace.org\/belgium\/?p=6168"},"modified":"2019-11-06T10:22:36","modified_gmt":"2019-11-06T08:22:36","slug":"brussels-akkoord-stap-vooruit-voor-klimaat-maar-nog-niet-de-nodige-kwantumsprong","status":"publish","type":"post","link":"https:\/\/www.greenpeace.org\/belgium\/nl\/persbericht\/6168\/brussels-akkoord-stap-vooruit-voor-klimaat-maar-nog-niet-de-nodige-kwantumsprong\/","title":{"rendered":"Brussels akkoord: stap vooruit voor klimaat, maar (nog) niet de nodige kwantumsprong"},"content":{"rendered":"<p><b>Milieuorganisatie Greenpeace ziet positieve elementen in het regeerakkoord voor de nieuwe Brusselse Gewestregering, maar reageert ook kritisch. Er worden belangrijke stappen gezet naar een ambitieus en eerlijk klimaatbeleid, maar de hoofdstad van Europa zou zich nog ambitieuzer moeten tonen. De deadline voor het bannen van diesel- en benzinewagens komt bijvoorbeeld te laat.\u00a0<\/b><!--more--><\/p>\n<p><span style=\"font-weight: 400;\">\u201c<\/span><i><span style=\"font-weight: 400;\">Dit regeerakkoord biedt kansen voor een ambitieus en eerlijk klimaatbeleid\u201d<\/span><\/i><span style=\"font-weight: 400;\">, reageert Joeri Thijs, woordvoerder van Greenpeace. <\/span><i><span style=\"font-weight: 400;\">\u201cDeze Brusselse regering streeft als eerste regering in ons land naar een klimaatneutrale samenleving tegen 2050. Dat is een belangrijke eerste stap. Gezien de klimaaturgentie, verwachten we dat de toekomstige federale, Vlaamse en Waalse regeringen hier een voorbeeld aan zullen nemen.\u201d<\/span><\/i><\/p>\n<p><span style=\"font-weight: 400;\">Maar het akkoord is nog niet de kwantumsprong die nodig is als antwoord op de klimaatuitdaging en de gezondheidsimpact van luchtvervuiling.<\/span><\/p>\n<p><span style=\"font-weight: 400;\">\u201c<\/span><i><span style=\"font-weight: 400;\">Europa moet streven naar klimaatneutraliteit in 2040 om het klimaatakkoord van Parijs na te komen. Als hoofdstad van Europa steekt Brussel dus best nog een tandje bij. Onder andere de uitfasering van fossiele wagens moet vroeger, zoals in Parijs. Het afscheid van diesel in 2030 en van benzine en CNG in 2035 is te laat. 2030 zou de uiterste deadline moeten zijn voor \u00e1lle fossiele auto&#8217;s. Wij hopen daarover snel een gesprek aan te knopen met de nieuwe bevoegde ministers\u201d, zegt Thijs.<\/span><\/i><span style=\"font-weight: 400;\">[1,2]<\/span><\/p>\n<p><span style=\"font-weight: 400;\">Greenpeace is wel tevreden met de invoering van circulatieplannen, de zone 30 en de ambitie om meer in fietsinfrastructuur te investeren. De klimaattransitie wordt ook aan het sociale gekoppeld. \u201c<\/span><i><span style=\"font-weight: 400;\">Het akkoord voorziet instrumenten om die transitie op een sociale en eerlijke manier te realiseren, zoals het inzetten op beter en goedkoper openbaar vervoer, het isoleren van sociale woningen en de ambitie om veel meer Brusselaars te laten participeren in zonne-energie. Dat is erg positief\u201d, <\/span><\/i><span style=\"font-weight: 400;\">zegt Thijs.<\/span><\/p>\n<p><span style=\"font-weight: 400;\">Greenpeace zal de uitvoering en de aanscherping van dit regeerakkoord in de komende maanden en jaren nauwgezet opvolgen.\u00a0<\/span><\/p>\n<p><i><span style=\"font-weight: 400;\">\u201cEr is nog werk aan de winkel om alle ambities waar te maken, en vooral ook de autodruk te doen afnemen. Waarom niet de vlucht vooruit met een stadstol, in afwachting van gesprekken met de andere gewesten over een kilometerheffing? Het \u00e9\u00e9n sluit het ander niet uit. We vragen ook duidelijke maatregelen om de zones 30 te handhaven \u00e9n garanties voor de broodnodige investeringen in fietsinfrastructuur\u201d, <\/span><\/i><span style=\"font-weight: 400;\">besluit Thijs.<\/span><\/p>\n<h3>Noten<\/h3>\n<ol>\n<li><span style=\"font-weight: 400;\">In <\/span><a href=\"https:\/\/www.greenpeace.org\/eu-unit\/issues\/climate-energy\/1718\/media-briefing-eus-last-chance-to-tackle-climate-change\/\"><span style=\"font-weight: 400;\">deze briefing<\/span><\/a><span style=\"font-weight: 400;\"> zet Greenpeace EU op een rijtje wat nodig is om de Europese Unie in lijn te brengen met de beloftes in het klimaatakkoord van Parijs.<\/span><\/li>\n<li><span style=\"font-weight: 400;\">Om de uitstoot van het verkeer voldoende snel terug te dringen om de klimaatopwarming trachten te beperken tot 1,5\u00b0C, is een afscheid van fossiele wagens in 2035 in de stedelijke context veel te laat. Studies in opdracht van Greenpeace <\/span><a href=\"http:\/\/www.greenpeace.nl\/Global\/nederland\/report\/2016\/klimaat%20en%20energie\/Paris%20Agreement%20for%20NL%202016%2029%2009_NewClimate%20(1).pdf\"><span style=\"font-weight: 400;\">Nederland<\/span><\/a><span style=\"font-weight: 400;\"> en <\/span><a href=\"https:\/\/newclimate.org\/2016\/02\/23\/what-does-the-paris-agreement-mean-for-climate-protection-in-germany\/\"><span style=\"font-weight: 400;\">Duitsland<\/span><\/a><span style=\"font-weight: 400;\"> geven aan dat \u00e1l het particuliere autoverkeer emissievrij zou moeten zijn ten laatste in 2035, en dat steden daar het voortouw moeten nemen. De stad waar het klimaatakkoord in 2015 werd afgesloten heeft dat begrepen: Parijs schakelt weg van dieselverkeer in 2024 en van fossiel verkeer in 2030. Nog tot 2030 wachten om dieselwagens uit de hoofdstad te weren zal het voor de Brusselse regering bovendien nog moeilijker maken om de luchtvervuiling terug te dringen, en tegemoet te komen aan de eisen voor gezondere lucht van zowel vele Brusselaars als de Europese Commissie.<\/span><\/li>\n<\/ol>\n<h3>Contact<\/h3>\n<p><span style=\"font-weight: 400;\">Joeri Thijs, woordvoerder Greenpeace, +32 496 26 31 92<\/span><\/p>\n","protected":false},"excerpt":{"rendered":"<p>Milieuorganisatie Greenpeace ziet positieve elementen in het regeerakkoord voor de nieuwe Brusselse Gewestregering, maar reageert ook kritisch. Er worden belangrijke stappen gezet naar een ambitieus en eerlijk klimaatbeleid, maar de&hellip;<\/p>\n","protected":false},"author":50,"featured_media":4099,"comment_status":"closed","ping_status":"closed","sticky":false,"template":"","format":"standard","meta":{"ep_exclude_from_search":false,"p4_og_title":"","p4_og_description":"","p4_og_image":"","p4_og_image_id":"","p4_seo_canonical_url":"","p4_campaign_name":"","p4_local_project":"","p4_basket_name":"","p4_department":"","footnotes":""},"categories":[21],"tags":[100],"p4-page-type":[121],"class_list":["post-6168","post","type-post","status-publish","format-standard","has-post-thumbnail","hentry","category-geen-onderdeel-van-een-categorie","tag-politiek","p4-page-type-persbericht"],"_links":{"self":[{"href":"https:\/\/www.greenpeace.org\/belgium\/nl\/wp-json\/wp\/v2\/posts\/6168","targetHints":{"allow":["GET"]}}],"collection":[{"href":"https:\/\/www.greenpeace.org\/belgium\/nl\/wp-json\/wp\/v2\/posts"}],"about":[{"href":"https:\/\/www.greenpeace.org\/belgium\/nl\/wp-json\/wp\/v2\/types\/post"}],"author":[{"embeddable":true,"href":"https:\/\/www.greenpeace.org\/belgium\/nl\/wp-json\/wp\/v2\/users\/50"}],"replies":[{"embeddable":true,"href":"https:\/\/www.greenpeace.org\/belgium\/nl\/wp-json\/wp\/v2\/comments?post=6168"}],"version-history":[{"count":2,"href":"https:\/\/www.greenpeace.org\/belgium\/nl\/wp-json\/wp\/v2\/posts\/6168\/revisions"}],"predecessor-version":[{"id":6170,"href":"https:\/\/www.greenpeace.org\/belgium\/nl\/wp-json\/wp\/v2\/posts\/6168\/revisions\/6170"}],"wp:featuredmedia":[{"embeddable":true,"href":"https:\/\/www.greenpeace.org\/belgium\/nl\/wp-json\/wp\/v2\/media\/4099"}],"wp:attachment":[{"href":"https:\/\/www.greenpeace.org\/belgium\/nl\/wp-json\/wp\/v2\/media?parent=6168"}],"wp:term":[{"taxonomy":"category","embeddable":true,"href":"https:\/\/www.greenpeace.org\/belgium\/nl\/wp-json\/wp\/v2\/categories?post=6168"},{"taxonomy":"post_tag","embeddable":true,"href":"https:\/\/www.greenpeace.org\/belgium\/nl\/wp-json\/wp\/v2\/tags?post=6168"},{"taxonomy":"p4-page-type","embeddable":true,"href":"https:\/\/www.greenpeace.org\/belgium\/nl\/wp-json\/wp\/v2\/p4-page-type?post=6168"}],"curies":[{"name":"wp","href":"https:\/\/api.w.org\/{rel}","templated":true}]}}