{"id":62323,"date":"2026-03-24T14:50:44","date_gmt":"2026-03-24T13:50:44","guid":{"rendered":"https:\/\/www.greenpeace.org\/belgium\/?p=62323"},"modified":"2026-03-24T14:51:17","modified_gmt":"2026-03-24T13:51:17","slug":"greenpeace-actie-bij-belgian-wind-day-met-boodschap-voor-energieminister-mathieu-bihet","status":"publish","type":"post","link":"https:\/\/www.greenpeace.org\/belgium\/nl\/persbericht\/62323\/greenpeace-actie-bij-belgian-wind-day-met-boodschap-voor-energieminister-mathieu-bihet\/","title":{"rendered":"Greenpeace-actie bij Belgian Wind Day met boodschap voor energieminister Mathieu Bihet"},"content":{"rendered":"\n<p><em>Brussel, 24 maart 2026<\/em><strong> <\/strong><strong>\u2013 Aan de ingang van de<\/strong><a href=\"https:\/\/www.belgianwindday.be\/\"><strong>Belgian Wind Day<\/strong><\/a><strong> <\/strong><strong>hadden activisten van Greenpeace Belgi\u00eb een duidelijke boodschap voor de federale minister van Energie, Mathieu Bihet. De ngo hekelt het gebrek aan een energie\u00adstrategie van onze regering. Net nu regeringen samen zitten om met antwoorden te komen op de energiecrisis, stelt ze <\/strong><a href=\"https:\/\/www.greenpeace.org\/static\/planet4-belgium-stateless\/2026\/03\/619d50a9-ff-phase-out-emergency-plan_update-2026_nl.pdf\"><strong>een actieplan<\/strong><\/a><strong> <\/strong><strong>voor met 27 aanbevelingen om onze afhankelijkheid van fossiele energie snel af te bouwen en zo de exploderende prijzen waar de Belg momenteel mee wordt geconfronteerd tegen te gaan.<\/strong><\/p>\n\n<figure class=\"wp-block-image size-large\"><img loading=\"lazy\" decoding=\"async\" width=\"1024\" height=\"685\" src=\"https:\/\/www.greenpeace.org\/static\/planet4-belgium-stateless\/2026\/03\/b479ce00-image-1024x685.png\" alt=\"\" class=\"wp-image-62324\" srcset=\"https:\/\/www.greenpeace.org\/static\/planet4-belgium-stateless\/2026\/03\/b479ce00-image-1024x685.png 1024w, https:\/\/www.greenpeace.org\/static\/planet4-belgium-stateless\/2026\/03\/b479ce00-image-300x201.png 300w, https:\/\/www.greenpeace.org\/static\/planet4-belgium-stateless\/2026\/03\/b479ce00-image-768x514.png 768w, https:\/\/www.greenpeace.org\/static\/planet4-belgium-stateless\/2026\/03\/b479ce00-image-1536x1027.png 1536w, https:\/\/www.greenpeace.org\/static\/planet4-belgium-stateless\/2026\/03\/b479ce00-image-508x340.png 508w, https:\/\/www.greenpeace.org\/static\/planet4-belgium-stateless\/2026\/03\/b479ce00-image.png 1600w\" sizes=\"auto, (max-width: 1024px) 100vw, 1024px\" \/><\/figure>\n\n<p>\u00a9Eric De Mildt &#8211; Greenpeace<\/p>\n\n<p><em>\u201cWe hebben in 2022 een stevige prijs betaald toen Rusland Oekra\u00efne aanviel,\u201d<\/em> zegt Joeri Thijs, woordvoerder bij Greenpeace Belgi\u00eb.<em> \u201cVier jaar later heeft onze regering daar geen lessen uit getrokken. De energiefactuur van de mensen dreigt opnieuw te exploderen door de illegale aanvallen van de Verenigde Staten en Isra\u00ebl op Iran. Deze situatie toont opnieuw het belang aan van een plan om fossiele energie uit te faseren, zowel voor gezinnen als voor de industrie.\u201d<\/em><\/p>\n\n<p>Europa heeft zijn afhankelijkheid van Russisch gas via pijpleiding van v\u00f3\u00f3r de oorlog in Oekra\u00efne ingeruild voor afhankelijkheid van vloeibaar fossiel gas, ook uit de Verenigde Staten.<\/p>\n\n<p><em>\u201cDat is een grote strategische fout, en ook in ons land is die afhankelijkheid groot,\u201d<\/em> vervolgt Thijs.<a href=\"https:\/\/eur-lex.europa.eu\/legal-content\/EN\/TXT\/?uri=CELEX%3A52024DC0404&amp;qid=1739370086578\"> Belgi\u00eb<\/a> behoort tot de 12 Europese landen die hun gasverbruik tussen 2022 en 2024 het minst hebben afgebouwd. Het aandeel hernieuwbare energie is minder dan 14%, ver achter landen als Zweden (66%), Finland (48%) en Denemarken (41%).<\/p>\n\n<p><strong>Ontwikkeling van wind op zee on hold gezet<\/strong><\/p>\n\n<p>Minister van Energie Mathieu Bihet opent zelf de Belgian Wind Day, een conferentie over windenergie. <em>\u201cEen pijnlijke paradox\u201d<\/em> vindt Joeri Thijs dat. <em>\u201cDoor zijn sabotage sinds het begin van de legislatuur heeft minister Bihet de ontwikkeling van windprojecten in de Noordzee stilgelegd.\u201d<\/em><\/p>\n\n<p><em><br><\/em>Greenpeace publiceert vandaag <a href=\"https:\/\/www.greenpeace.org\/static\/planet4-belgium-stateless\/2026\/03\/619d50a9-ff-phase-out-emergency-plan_update-2026_nl.pdf\">een noodplan<\/a> met 27 maatregelen om de afhankelijkheid van fossiele energie in ons land af te bouwen, in vier sleutel\u00adsectoren: <strong>mobiliteit, industrie, warmte en elektriciteitsproductie<\/strong>.<\/p>\n\n<p><em>\u201c<\/em><a href=\"https:\/\/www.euronews.com\/2026\/03\/11\/spains-renewables-revolution-likely-to-keep-energy-bills-low-even-as-gas-prices-soar\"><em>Het voorbeeld van Spanje<\/em><\/a><em> <\/em><em>toont dat een groter aandeel hernieuwbare energie in de elektriciteitsproductie de energieprijs kan<\/em><a href=\"https:\/\/www.nature.com\/articles\/s41560-025-01704-0\"><em>stabiliseren en structureel verlagen<\/em><\/a><em>. Als minister Bihet echt meer windenergie wil stimuleren &#8211; zoals zijn aanwezigheid hier suggereert &#8211; moet hij zo snel mogelijk de aanbestedingen opnieuw opstarten voor de windzones Prinses Elizabeth 1 en 2, die hij zelf heeft stilgelegd en in de koelkast gestopt,\u201d <\/em>besluit Joeri Thijs.<\/p>\n\n<p><strong>Noten<\/strong><\/p>\n\n<p><a href=\"https:\/\/www.greenpeace.org\/static\/planet4-belgium-stateless\/2026\/03\/619d50a9-ff-phase-out-emergency-plan_update-2026_nl.pdf\">Lees hier<\/a> het noodplan van Greenpeace Belgi\u00eb<\/p>\n","protected":false},"excerpt":{"rendered":"<p> Aan de ingang van deBelgian Wind Day hadden activisten van Greenpeace Belgi\u00eb een duidelijke boodschap voor de federale minister van Energie, Mathieu Bihet. De ngo hekelt het gebrek aan een energie\u00adstrategie van onze regering. Net nu regeringen samen zitten om met antwoorden te komen op de energiecrisis, stelt ze een actieplan voor met 27 aanbevelingen om onze afhankelijkheid van fossiele energie snel af te bouwen en zo de exploderende prijzen waar de Belg momenteel mee wordt geconfronteerd tegen te gaan.<\/p>\n","protected":false},"author":80,"featured_media":62326,"comment_status":"closed","ping_status":"closed","sticky":false,"template":"","format":"standard","meta":{"ep_exclude_from_search":false,"p4_og_title":"Greenpeace-actie bij Belgian Wind Day met boodschap voor energieminister Mathieu Bihet","p4_og_description":" Aan de ingang van deBelgian Wind Day hadden activisten van Greenpeace Belgi\u00eb een duidelijke boodschap voor de federale minister van Energie, Mathieu Bihet. De ngo hekelt het gebrek aan een energie\u00adstrategie van onze regering. Net nu regeringen samen zitten om met antwoorden te komen op de energiecrisis, stelt ze een actieplan voor met 27 aanbevelingen om onze afhankelijkheid van fossiele energie snel af te bouwen en zo de exploderende prijzen waar de Belg momenteel mee wordt geconfronteerd tegen te gaan.","p4_og_image":"https:\/\/www.greenpeace.org\/static\/planet4-belgium-stateless\/2026\/03\/d6a06c8b-whatsapp-image-2026-03-24-at-14.34.42.jpeg","p4_og_image_id":"62326","p4_seo_canonical_url":"","p4_campaign_name":"","p4_local_project":"","p4_basket_name":"","p4_department":"","footnotes":""},"categories":[193,197,207,208,156,158],"tags":[],"p4-page-type":[121],"class_list":["post-62323","post","type-post","status-publish","format-standard","has-post-thumbnail","hentry","category-campagnes-nl","category-energie-nl","category-fossiele-energie","category-hernieuwebare-energie","category-in-het-nieuws","category-pers","p4-page-type-persbericht"],"_links":{"self":[{"href":"https:\/\/www.greenpeace.org\/belgium\/nl\/wp-json\/wp\/v2\/posts\/62323","targetHints":{"allow":["GET"]}}],"collection":[{"href":"https:\/\/www.greenpeace.org\/belgium\/nl\/wp-json\/wp\/v2\/posts"}],"about":[{"href":"https:\/\/www.greenpeace.org\/belgium\/nl\/wp-json\/wp\/v2\/types\/post"}],"author":[{"embeddable":true,"href":"https:\/\/www.greenpeace.org\/belgium\/nl\/wp-json\/wp\/v2\/users\/80"}],"replies":[{"embeddable":true,"href":"https:\/\/www.greenpeace.org\/belgium\/nl\/wp-json\/wp\/v2\/comments?post=62323"}],"version-history":[{"count":1,"href":"https:\/\/www.greenpeace.org\/belgium\/nl\/wp-json\/wp\/v2\/posts\/62323\/revisions"}],"predecessor-version":[{"id":62328,"href":"https:\/\/www.greenpeace.org\/belgium\/nl\/wp-json\/wp\/v2\/posts\/62323\/revisions\/62328"}],"wp:featuredmedia":[{"embeddable":true,"href":"https:\/\/www.greenpeace.org\/belgium\/nl\/wp-json\/wp\/v2\/media\/62326"}],"wp:attachment":[{"href":"https:\/\/www.greenpeace.org\/belgium\/nl\/wp-json\/wp\/v2\/media?parent=62323"}],"wp:term":[{"taxonomy":"category","embeddable":true,"href":"https:\/\/www.greenpeace.org\/belgium\/nl\/wp-json\/wp\/v2\/categories?post=62323"},{"taxonomy":"post_tag","embeddable":true,"href":"https:\/\/www.greenpeace.org\/belgium\/nl\/wp-json\/wp\/v2\/tags?post=62323"},{"taxonomy":"p4-page-type","embeddable":true,"href":"https:\/\/www.greenpeace.org\/belgium\/nl\/wp-json\/wp\/v2\/p4-page-type?post=62323"}],"curies":[{"name":"wp","href":"https:\/\/api.w.org\/{rel}","templated":true}]}}