{"id":62498,"date":"2026-04-24T09:30:48","date_gmt":"2026-04-24T08:30:48","guid":{"rendered":"https:\/\/www.greenpeace.org\/belgium\/?p=62498"},"modified":"2026-04-24T10:24:16","modified_gmt":"2026-04-24T09:24:16","slug":"in-santa-marta-moeten-landen-de-olifant-in-de-kamer-aanpakken-fossiele-brandstoffen","status":"publish","type":"post","link":"https:\/\/www.greenpeace.org\/belgium\/nl\/actualiteit\/62498\/in-santa-marta-moeten-landen-de-olifant-in-de-kamer-aanpakken-fossiele-brandstoffen\/","title":{"rendered":"In Santa Marta moeten landen de olifant in de kamer aanpakken: fossiele brandstoffen"},"content":{"rendered":"\n<p>Gaan we eindelijk van \u2018praten\u2019 naar \u2018doen\u2019 in de strijd tegen de klimaatcrisis? Van 24 tot 29 april vindt in Santa Marta, Colombia, de eerste internationale conferentie plaats over de transitie naar een tijdperk zonder fossiele brandstoffen. Een coalitie van meer dan 50 \u201cbereidwillige landen\u201d komt daar samen. Ze willen oplossingen en processen identificeren die verder gaan dan de traditionele klimaatonderhandelingen en concrete actie versnellen.<\/p>\n\n<p>De urgentie is duidelijk. Tijdens de klimaattop in Dubai in 2023 maakten landen het doel om de opwarming van de aarde te beperken tot 1,5 \u00b0C concreter: een \u201cingrijpende, snelle en consistente daling van de uitstoot van broeikasgassen\u201d en een \u201ctransitie weg van fossiele brandstoffen op een rechtvaardige, ordelijke en billijke manier, om tegen 2050 klimaatneutraliteit te bereiken\u201d. Toch is de vooruitgang sindsdien vertraagd. Het probleem ligt niet meer bij de ambitie op papier, maar bij de uitvoering.<\/p>\n\n<figure class=\"wp-block-image size-full\"><img loading=\"lazy\" decoding=\"async\" width=\"800\" height=\"600\" src=\"https:\/\/www.greenpeace.org\/static\/planet4-belgium-stateless\/2026\/04\/5b4a96e3-gp0su8qy1_low-res-800px.jpg\" alt=\"\" class=\"wp-image-62505\" srcset=\"https:\/\/www.greenpeace.org\/static\/planet4-belgium-stateless\/2026\/04\/5b4a96e3-gp0su8qy1_low-res-800px.jpg 800w, https:\/\/www.greenpeace.org\/static\/planet4-belgium-stateless\/2026\/04\/5b4a96e3-gp0su8qy1_low-res-800px-300x225.jpg 300w, https:\/\/www.greenpeace.org\/static\/planet4-belgium-stateless\/2026\/04\/5b4a96e3-gp0su8qy1_low-res-800px-768x576.jpg 768w, https:\/\/www.greenpeace.org\/static\/planet4-belgium-stateless\/2026\/04\/5b4a96e3-gp0su8qy1_low-res-800px-453x340.jpg 453w\" sizes=\"auto, (max-width: 800px) 100vw, 800px\" \/><figcaption class=\"wp-element-caption\">In de aanloop naar de conferentie in Santa Marta plaatsten activisten van Greenpeace Spanje een gigantische afbeelding van Donald Trump die olie uitbraakt op een fontein op de Plaza de Col\u00f3n in Madrid, met de boodschap: No oil, no war. \u00a9 Pablo Blazquez \/ Greenpeace<\/figcaption><\/figure>\n\n<p><strong>De kernvraag is dus: zal deze coalitie van \u201cbereidwillige landen\u201d een verschil maken?<\/strong><\/p>\n\n<p>Er zit zeker potentieel in de coalitie. Tijdens de laatste klimaattop in Brazili\u00eb vorig jaar bevestigden zowat 85 landen hun ambitie om aan de slag te gaan met de geleidelijke afbouw van fossiele brandstoffen. Onder hen grote economie\u00ebn zoals Duitsland, het Verenigd Koninkrijk, Frankrijk en Spanje, Brazili\u00eb en Mexico. Samen vertegenwoordigen ze een gezamenlijk bruto binnenlands product van 33.300 miljard dollar, hoger dan dat van de Verenigde Staten en ruimschoots hoger dan dat van China. Zo\u2019n economisch gewicht kan financi\u00eble markten, overheidsbeleid en bedrijfsstrategie\u00ebn wereldwijd be\u00efnvloeden. Als Santa Marta leidt tot een geloofwaardige routekaart voor de uitfasering van fossiel, kan de impact groot zijn.<\/p>\n\n<p>De geschiedenis leert ons dat coalities van bereidwillige landen kunnen helpen om uit een impasse te raken. In de jaren \u201890 startten landen, gefrustreerd door de vastgelopen onderhandelingen bij de VN, een versneld parallel proces om landmijnen te verbieden. Dat leidde tot het Verdrag van Ottawa (ondertekend door 125 landen) dat de productie, overdracht en het gebruik van landmijnen verbood. Zelfs landen die het verdrag niet ondertekenden, zoals de Verenigde Staten, hebben zich later grotendeels afgestemd op de basisprincipes ervan.<\/p>\n\n<p><strong>Kan Belgi\u00eb een verschil maken?<\/strong><\/p>\n\n<p>Belgi\u00eb maakt deel uit van deze coalitie &#8211; en dat is belangrijk. Als een van de eerste voorstanders van de wereldwijde routekaart als deze conferentie, heeft Belgi\u00eb zich aan de juiste kant van de transitie gepositioneerd. Federaal minister van Klimaat Jean-Luc Crucke zal ook deelnemen aan de onderhandelingen in Santa Marta.<\/p>\n\n<p>Maar er gaapt een kloof tussen internationale positionering en nationale actie. Belgi\u00eb beschikt zelf nog steeds niet over een geloofwaardig plan om fossiele brandstoffen geleidelijk af te bouwen. Het huidige energiebeleid is ontoereikend, het gasverbruik is minder gedaald dan in veel andere Europese landen, en hernieuwbare energie vertegenwoordigt minder dan 15% van onze energiemix &#8211; daarmee zijn we na Malta de <a href=\"https:\/\/www.europarl.europa.eu\/topics\/en\/article\/20221128STO58001\/how-the-eu-is-boosting-renewable-energy\">slechtste leerling van de klas<\/a>, ver achter landen zoals Zweden (66%), Finland (48%) en Denemarken (42%).<\/p>\n\n<p>Als Belgi\u00eb echt een voortrekkersrol wil spelen op het internationale toneel, moet het ook hier bij ons de daad bij het woord voegen. Een rechtvaardige en billijke uitfasering van fossiele brandstoffen vereist een duidelijk en concreet nationaal plan. Bij Greenpeace identificeerden we al <a href=\"https:\/\/www.greenpeace.org\/belgium\/nl\/actualiteit\/62307\/versneld-los-van-olie-en-gas-27-voorstellen-voor-een-noodplan\/\">27 maatregelen<\/a> die de afhankelijkheid van olie en gas snel kunnen verminderen.<\/p>\n\n<p>De uitkomst in Santa Marta zal uitwijzen of landen bereid zijn om woorden om te zetten in daden. Voor Belgi\u00eb is de boodschap eenvoudig: geloofwaardigheid in het buitenland begint met actie in eigen land.<\/p>\n\n<div class=\"wp-block-buttons is-layout-flex wp-block-buttons-is-layout-flex\">\n<div class=\"wp-block-button\"><a class=\"wp-block-button__link wp-element-button\" href=\"https:\/\/www.instagram.com\/greenpeace_be\/\">Volg ons voor meer nieuws over deze top<\/a><\/div>\n<\/div>\n","protected":false},"excerpt":{"rendered":"<p>Gaan we eindelijk van \u2018praten\u2019 naar \u2018doen\u2019 in de strijd tegen de klimaatcrisis? Van 24 tot 29 april vindt in Santa Marta, Colombia, de eerste internationale conferentie plaats over de transitie naar een tijdperk zonder fossiele brandstoffen. Een coalitie van meer dan 50 \u201cbereidwillige landen\u201d komt daar samen. Ze willen oplossingen en processen identificeren die verder gaan dan de traditionele klimaatonderhandelingen en concrete actie versnellen.<\/p>\n","protected":false},"author":105,"featured_media":62496,"comment_status":"closed","ping_status":"closed","sticky":false,"template":"","format":"standard","meta":{"ep_exclude_from_search":false,"p4_og_title":"In Santa Marta moeten landen de olifant in de kamer aanpakken: fossiele brandstoffen","p4_og_description":"Gaan we eindelijk van \u2018praten\u2019 naar \u2018doen\u2019 in de strijd tegen de klimaatcrisis? Van 24 tot 29 april vindt in Santa Marta, Colombia, de eerste internationale conferentie plaats over de transitie naar een tijdperk zonder fossiele brandstoffen. Een coalitie van meer dan 50 \u201cbereidwillige landen\u201d komt daar samen. Ze willen oplossingen en processen identificeren die verder gaan dan de traditionele klimaatonderhandelingen en concrete actie versnellen.","p4_og_image":"","p4_og_image_id":"","p4_seo_canonical_url":"","p4_campaign_name":"","p4_local_project":"","p4_basket_name":"","p4_department":"","footnotes":""},"categories":[157,156],"tags":[87],"p4-page-type":[231],"class_list":["post-62498","post","type-post","status-publish","format-standard","has-post-thumbnail","hentry","category-actualiteit","category-in-het-nieuws","tag-energie-nl","p4-page-type-actualiteit"],"_links":{"self":[{"href":"https:\/\/www.greenpeace.org\/belgium\/nl\/wp-json\/wp\/v2\/posts\/62498","targetHints":{"allow":["GET"]}}],"collection":[{"href":"https:\/\/www.greenpeace.org\/belgium\/nl\/wp-json\/wp\/v2\/posts"}],"about":[{"href":"https:\/\/www.greenpeace.org\/belgium\/nl\/wp-json\/wp\/v2\/types\/post"}],"author":[{"embeddable":true,"href":"https:\/\/www.greenpeace.org\/belgium\/nl\/wp-json\/wp\/v2\/users\/105"}],"replies":[{"embeddable":true,"href":"https:\/\/www.greenpeace.org\/belgium\/nl\/wp-json\/wp\/v2\/comments?post=62498"}],"version-history":[{"count":3,"href":"https:\/\/www.greenpeace.org\/belgium\/nl\/wp-json\/wp\/v2\/posts\/62498\/revisions"}],"predecessor-version":[{"id":62512,"href":"https:\/\/www.greenpeace.org\/belgium\/nl\/wp-json\/wp\/v2\/posts\/62498\/revisions\/62512"}],"wp:featuredmedia":[{"embeddable":true,"href":"https:\/\/www.greenpeace.org\/belgium\/nl\/wp-json\/wp\/v2\/media\/62496"}],"wp:attachment":[{"href":"https:\/\/www.greenpeace.org\/belgium\/nl\/wp-json\/wp\/v2\/media?parent=62498"}],"wp:term":[{"taxonomy":"category","embeddable":true,"href":"https:\/\/www.greenpeace.org\/belgium\/nl\/wp-json\/wp\/v2\/categories?post=62498"},{"taxonomy":"post_tag","embeddable":true,"href":"https:\/\/www.greenpeace.org\/belgium\/nl\/wp-json\/wp\/v2\/tags?post=62498"},{"taxonomy":"p4-page-type","embeddable":true,"href":"https:\/\/www.greenpeace.org\/belgium\/nl\/wp-json\/wp\/v2\/p4-page-type?post=62498"}],"curies":[{"name":"wp","href":"https:\/\/api.w.org\/{rel}","templated":true}]}}