{"id":9429,"date":"2020-03-03T08:30:00","date_gmt":"2020-03-03T07:30:00","guid":{"rendered":"https:\/\/www.greenpeace.org\/belgium\/?p=9429"},"modified":"2021-12-01T14:11:40","modified_gmt":"2021-12-01T13:11:40","slug":"5-weetjes-over-orang-oetans","status":"publish","type":"post","link":"https:\/\/www.greenpeace.org\/belgium\/nl\/stories\/9429\/5-weetjes-over-orang-oetans\/","title":{"rendered":"5 weetjes over orang-oetans"},"content":{"rendered":"\n<p><strong>Vandaag, op World Wildlife Day, willen we tonen hoe belangrijk het is om de biodiversiteit te beschermen. Dat doen we met een eerbetoon aan de orang-oetan, een mensaap die ernstig bedreigd wordt door ontbossing. Hier zijn 5 dingen die je waarschijnlijk nog niet wist over dit indrukwekkende dier.  <\/strong><\/p>\n\n<figure class=\"wp-block-image size-large  caption-style-blue-overlay caption-alignment-center\"><img loading=\"lazy\" decoding=\"async\" width=\"999\" height=\"663\" src=\"http:\/\/www.greenpeace.org\/belgium\/wp-content\/uploads\/2020\/03\/f621d7a3-orangoutans3.jpg\" alt=\"5 weetjes over orang-oetans\" class=\"wp-image-9424\" srcset=\"https:\/\/www.greenpeace.org\/static\/planet4-belgium-stateless\/2020\/03\/f621d7a3-orangoutans3.jpg 999w, https:\/\/www.greenpeace.org\/static\/planet4-belgium-stateless\/2020\/03\/f621d7a3-orangoutans3-300x199.jpg 300w, https:\/\/www.greenpeace.org\/static\/planet4-belgium-stateless\/2020\/03\/f621d7a3-orangoutans3-768x510.jpg 768w, https:\/\/www.greenpeace.org\/static\/planet4-belgium-stateless\/2020\/03\/f621d7a3-orangoutans3-510x338.jpg 510w\" sizes=\"auto, (max-width: 999px) 100vw, 999px\" \/><\/figure>\n\n<h3 class=\"wp-block-heading\">1. De orang-oetan leeft op twee eilanden<\/h3>\n\n<p>De orang-oetan leeft op twee eilanden, beide gelegen in Zuidoost-Azi\u00eb: Sumatra (Indonesi\u00eb) en Borneo (Indonesi\u00eb en Maleisi\u00eb). Vroeger woonden de mensapen ook op het eiland Java, op het Indochinese schiereiland en zelfs in Zuid-China, maar daar is de soort nu verdwenen.<\/p>\n\n<figure class=\"wp-block-image size-large  caption-style-blue-overlay caption-alignment-center\"><img loading=\"lazy\" decoding=\"async\" width=\"999\" height=\"663\" src=\"http:\/\/www.greenpeace.org\/belgium\/wp-content\/uploads\/2020\/03\/6f7fe123-orangoutans_sumatra.jpg\" alt=\"5 weetjes over orang-oetans\" class=\"wp-image-9420\" srcset=\"https:\/\/www.greenpeace.org\/static\/planet4-belgium-stateless\/2020\/03\/6f7fe123-orangoutans_sumatra.jpg 999w, https:\/\/www.greenpeace.org\/static\/planet4-belgium-stateless\/2020\/03\/6f7fe123-orangoutans_sumatra-300x199.jpg 300w, https:\/\/www.greenpeace.org\/static\/planet4-belgium-stateless\/2020\/03\/6f7fe123-orangoutans_sumatra-768x510.jpg 768w, https:\/\/www.greenpeace.org\/static\/planet4-belgium-stateless\/2020\/03\/6f7fe123-orangoutans_sumatra-510x338.jpg 510w\" sizes=\"auto, (max-width: 999px) 100vw, 999px\" \/><\/figure>\n\n<span class=\"mid-button-fix\"><a class=\"cta-blog-button-mid\" href=\"https:\/\/www.greenpeace.org\/belgium\/nl\/mee-doen\/volg-het-nieuws-van-onze-campagnes\/\" target=\"_blank\" rel=\"noopener noreferrer\">Schrijf je in op onze newsletter<\/a><\/span>\n\n<h3 class=\"wp-block-heading\">2. 3 soorten orang-oetans<\/h3>\n\n<p>Nog niet zo lang geleden dacht men dat er twee soorten orang-oetans waren (die van Borneo en die van Sumatra), maar vorig jaar werd een nieuwe soort ontdekt ten noorden van het eiland Sumatra: de Tapanuli orang-oetan. Met een populatie van ongeveer 800 apen is het de meest bedreigde mensapensoort ter wereld. <\/p>\n\n<figure class=\"wp-block-image size-large  caption-style-blue-overlay caption-alignment-center\"><img loading=\"lazy\" decoding=\"async\" width=\"999\" height=\"663\" src=\"http:\/\/www.greenpeace.org\/belgium\/wp-content\/uploads\/2020\/03\/d4753466-orangoutans.jpg\" alt=\"5 weetjes over orang-oetans\" class=\"wp-image-9416\" srcset=\"https:\/\/www.greenpeace.org\/static\/planet4-belgium-stateless\/2020\/03\/d4753466-orangoutans.jpg 999w, https:\/\/www.greenpeace.org\/static\/planet4-belgium-stateless\/2020\/03\/d4753466-orangoutans-300x199.jpg 300w, https:\/\/www.greenpeace.org\/static\/planet4-belgium-stateless\/2020\/03\/d4753466-orangoutans-768x510.jpg 768w, https:\/\/www.greenpeace.org\/static\/planet4-belgium-stateless\/2020\/03\/d4753466-orangoutans-510x338.jpg 510w\" sizes=\"auto, (max-width: 999px) 100vw, 999px\" \/><\/figure>\n\n<h3 class=\"wp-block-heading\">3. De orang-oetan en de mens: voor 97% hetzelfde<\/h3>\n\n<p>De orang-oetan heeft 97% van zijn DNA gemeenschappelijk met dat van de mens. Daardoor is hij een van onze meest nabije familieleden in het dierenrijk. Daarnaast betekent \u201corang-oetan\u201d letterlijk &#8220;man van het bos&#8221; in het Maleisisch en het Indonesisch.<\/p>\n\n<h3 class=\"wp-block-heading\">4. Dagelijks sterven 25 orang-oetans<\/h3>\n\n<p>Elke dag verdwijnen 25 orang-oetans&#8230; De diersoort staat nu op de lijst met dieren die met uitsterven bedreigd zijn, die opgesteld wordt door de Internationale Unie voor Natuurbehoud (IUCN). <\/p>\n\n<figure class=\"wp-block-image size-large  caption-style-blue-overlay caption-alignment-center\"><img loading=\"lazy\" decoding=\"async\" width=\"999\" height=\"663\" src=\"http:\/\/www.greenpeace.org\/belgium\/wp-content\/uploads\/2020\/03\/32a665d7-orangoutans2.jpg\" alt=\"5 weetjes over orang-oetans\" class=\"wp-image-9422\" srcset=\"https:\/\/www.greenpeace.org\/static\/planet4-belgium-stateless\/2020\/03\/32a665d7-orangoutans2.jpg 999w, https:\/\/www.greenpeace.org\/static\/planet4-belgium-stateless\/2020\/03\/32a665d7-orangoutans2-300x199.jpg 300w, https:\/\/www.greenpeace.org\/static\/planet4-belgium-stateless\/2020\/03\/32a665d7-orangoutans2-768x510.jpg 768w, https:\/\/www.greenpeace.org\/static\/planet4-belgium-stateless\/2020\/03\/32a665d7-orangoutans2-510x338.jpg 510w\" sizes=\"auto, (max-width: 999px) 100vw, 999px\" \/><\/figure>\n\n<h3 class=\"wp-block-heading\">5. Palmolie vernielt zijn habitat<\/h3>\n\n<p>Tegenwoordig zijn branden in Indonesi\u00eb dagelijkse kost. Elk jaar gaan uitgestrekte bossen en veengebieden in rook op en komen er industri\u00eble plantages voor de productie van palmolie, maar ook van pulp, papier en hout, in de plaats. <\/p>\n\n<figure class=\"wp-block-image size-large  caption-style-blue-overlay caption-alignment-center\"><img loading=\"lazy\" decoding=\"async\" width=\"999\" height=\"663\" src=\"http:\/\/www.greenpeace.org\/belgium\/wp-content\/uploads\/2020\/03\/d2d1a6cd-orangoutans_fires.jpg\" alt=\"5 weetjes over orang-oetans\" class=\"wp-image-9418\" srcset=\"https:\/\/www.greenpeace.org\/static\/planet4-belgium-stateless\/2020\/03\/d2d1a6cd-orangoutans_fires.jpg 999w, https:\/\/www.greenpeace.org\/static\/planet4-belgium-stateless\/2020\/03\/d2d1a6cd-orangoutans_fires-300x199.jpg 300w, https:\/\/www.greenpeace.org\/static\/planet4-belgium-stateless\/2020\/03\/d2d1a6cd-orangoutans_fires-768x510.jpg 768w, https:\/\/www.greenpeace.org\/static\/planet4-belgium-stateless\/2020\/03\/d2d1a6cd-orangoutans_fires-510x338.jpg 510w\" sizes=\"auto, (max-width: 999px) 100vw, 999px\" \/><\/figure>\n\n<p>De branden vormen een serieuze bedreiging voor orang-oetans, maar ook voor tijgers en olifanten op Sumatra, waardoor hun al bedreigde populatie nog verder vermindert. Het moet stoppen! <\/p>\n\n<a class=\"cta-blog-button\" href=\"https:\/\/www.greenpeace.org\/belgium\/nl\/mee-doen\/volg-het-nieuws-van-onze-campagnes\/\" target=\"_blank\" rel=\"noopener noreferrer\">Schrijf je in op onze newsletter<\/a>\n\n<span class=\"shareSocialArea\">\n<a class=\"shareFacebook\" href=\"https:\/\/www.facebook.com\/sharer\/sharer.php?u=https:\/\/www.greenpeace.org\/belgium\/nl\/story\/9429\/5-weetjes-over-orang-oetans\/\" target=\"_blank\" rel=\"noopener noreferrer\">Ik deel op Facebook<\/a>\n<a class=\"shareTwitter\" href=\"https:\/\/twitter.com\/share?url=https:\/\/www.greenpeace.org\/belgium\/nl\/story\/9429\/5-weetjes-over-orang-oetans\/&amp;text=5%20weetjes%20over%20orang-oetans%20-%20De%20orang-oetan%20wordt%20ernstig%20bedreigd%20door%20ontbossing.%20Hier%20zijn%205%20dingen%20die%20je%20waarschijnlijk%20nog%20niet%20wist%20over%20dit%20indrukwekkende%20dier.%20%20via%20@greenpeace_be&amp;related=greenpeace_be\" target=\"_blank\" rel=\"noopener noreferrer\">Ik deel op Twitter<\/a>\n<a class=\"shareWhatsapp\" href=\"https:\/\/api.whatsapp.com\/send?text=5+weetjes+over+orang-oetans+https%3A%2F%2Fwww.greenpeace.org%2Fbelgium%2Fnl%2Fstory%2F9429%2F5-weetjes-over-orang-oetans%2F\" target=\"_blank\" rel=\"noopener noreferrer\">Ik deel op Whatsapp<\/a>\n<\/span>\n\n<table class=\"hideme\" style=\"width: 100%;\" width=\"100%\">\n<tbody>\n<tr style=\"width: 100%;\">\n<td class=\"icon\"><a href=\"https:\/\/www.facebook.com\/greenpeace.belgium\" target=\"_blank\" rel=\"noopener noreferrer\">\n<img decoding=\"async\" title=\"Facebook\" src=\"http:\/\/www.greenpeace.org\/belgium\/wp-content\/uploads\/2019\/09\/09281872-fb.png\" alt=\"Facebook\" width=\"100%\">\n<\/a><\/td>\n<td class=\"name\"><a href=\"https:\/\/www.facebook.com\/greenpeace.belgium\" target=\"_blank\" rel=\"noopener noreferrer\">\nFacebook\n<\/a><\/td>\n<td class=\"icon\"><a href=\"https:\/\/www.instagram.com\/greenpeace_be\/\" target=\"_blank\" rel=\"noopener noreferrer\">\n<img decoding=\"async\" title=\"Instagram\" src=\"http:\/\/www.greenpeace.org\/belgium\/wp-content\/uploads\/2019\/09\/89871ad4-insta.png\" alt=\"Instagram\" width=\"100%\">\n<\/a><\/td>\n<td class=\"name\"><a href=\"https:\/\/www.instagram.com\/greenpeace_be\/\" target=\"_blank\" rel=\"noopener noreferrer\">\nInstagram\n<\/a><\/td>\n<td class=\"icon\"><a href=\"https:\/\/twitter.com\/greenpeace_be\" target=\"_blank\" rel=\"noopener noreferrer\">\n<img decoding=\"async\" title=\"Twitter\" src=\"http:\/\/www.greenpeace.org\/belgium\/wp-content\/uploads\/2019\/09\/aebb8c6a-tw.png\" alt=\"Twitter\" width=\"100%\">\n<\/a><\/td>\n<td class=\"name\"><a href=\"https:\/\/twitter.com\/greenpeace_be\" target=\"_blank\" rel=\"noopener noreferrer\">\nTwitter\n<\/a><\/td>\n<td class=\"icon\"><a href=\"https:\/\/www.youtube.com\/user\/GreenpeaceBelgium\" target=\"_blank\" rel=\"noopener noreferrer\">\n<img decoding=\"async\" title=\"YouTube\" src=\"http:\/\/www.greenpeace.org\/belgium\/wp-content\/uploads\/2019\/09\/4fd7759c-yt.png\" alt=\"YouTube\" width=\"100%\">\n<\/a><\/td>\n<td class=\"name\"><a href=\"https:\/\/www.youtube.com\/user\/GreenpeaceBelgium\" target=\"_blank\" rel=\"noopener noreferrer\">\nYouTube\n<\/a><\/td>\n<\/tr>\n<\/tbody>\n<\/table>\n<div class=\"EmptyMessage\">Block content is empty. Check the block&#8217;s settings or remove it.<\/div>","protected":false},"excerpt":{"rendered":"<p>Vandaag, op World Wildlife Day, willen we tonen hoe belangrijk het is om de biodiversiteit te beschermen. Dat doen we met een eerbetoon aan de orang-oetan, een mensaap die ernstig&hellip;<\/p>\n","protected":false},"author":49,"featured_media":9422,"comment_status":"closed","ping_status":"closed","sticky":false,"template":"","format":"standard","meta":{"ep_exclude_from_search":false,"p4_og_title":"5 weetjes over orang-oetans","p4_og_description":"De orang-oetan wordt ernstig bedreigd door ontbossing. Hier zijn 5 dingen die je waarschijnlijk nog niet wist over dit indrukwekkende dier. \r\n","p4_og_image":"","p4_og_image_id":"","p4_seo_canonical_url":"","p4_campaign_name":"not set","p4_local_project":"not set","p4_basket_name":"not set","p4_department":"","footnotes":""},"categories":[110],"tags":[],"p4-page-type":[122],"class_list":["post-9429","post","type-post","status-publish","format-standard","has-post-thumbnail","hentry","category-de-planeet-heeft-je-nodig","p4-page-type-stories"],"_links":{"self":[{"href":"https:\/\/www.greenpeace.org\/belgium\/nl\/wp-json\/wp\/v2\/posts\/9429","targetHints":{"allow":["GET"]}}],"collection":[{"href":"https:\/\/www.greenpeace.org\/belgium\/nl\/wp-json\/wp\/v2\/posts"}],"about":[{"href":"https:\/\/www.greenpeace.org\/belgium\/nl\/wp-json\/wp\/v2\/types\/post"}],"author":[{"embeddable":true,"href":"https:\/\/www.greenpeace.org\/belgium\/nl\/wp-json\/wp\/v2\/users\/49"}],"replies":[{"embeddable":true,"href":"https:\/\/www.greenpeace.org\/belgium\/nl\/wp-json\/wp\/v2\/comments?post=9429"}],"version-history":[{"count":5,"href":"https:\/\/www.greenpeace.org\/belgium\/nl\/wp-json\/wp\/v2\/posts\/9429\/revisions"}],"predecessor-version":[{"id":25392,"href":"https:\/\/www.greenpeace.org\/belgium\/nl\/wp-json\/wp\/v2\/posts\/9429\/revisions\/25392"}],"wp:featuredmedia":[{"embeddable":true,"href":"https:\/\/www.greenpeace.org\/belgium\/nl\/wp-json\/wp\/v2\/media\/9422"}],"wp:attachment":[{"href":"https:\/\/www.greenpeace.org\/belgium\/nl\/wp-json\/wp\/v2\/media?parent=9429"}],"wp:term":[{"taxonomy":"category","embeddable":true,"href":"https:\/\/www.greenpeace.org\/belgium\/nl\/wp-json\/wp\/v2\/categories?post=9429"},{"taxonomy":"post_tag","embeddable":true,"href":"https:\/\/www.greenpeace.org\/belgium\/nl\/wp-json\/wp\/v2\/tags?post=9429"},{"taxonomy":"p4-page-type","embeddable":true,"href":"https:\/\/www.greenpeace.org\/belgium\/nl\/wp-json\/wp\/v2\/p4-page-type?post=9429"}],"curies":[{"name":"wp","href":"https:\/\/api.w.org\/{rel}","templated":true}]}}