{"id":10014,"date":"2019-07-17T07:30:36","date_gmt":"2019-07-17T10:30:36","guid":{"rendered":"https:\/\/www.greenpeace.org\/brasil\/?p=10014"},"modified":"2025-07-02T04:35:17","modified_gmt":"2025-07-02T07:35:17","slug":"florestas-preservar-ou-preservar","status":"publish","type":"post","link":"https:\/\/www.greenpeace.org\/brasil\/blog\/florestas-preservar-ou-preservar\/","title":{"rendered":"Florestas: preservar ou preservar?"},"content":{"rendered":"<h4>Hoje \u00e9 o Dia de Prote\u00e7\u00e3o das Florestas, uma data para lembrar que existem pessoas que lutam todos os dias para defender tesouros insubstitu\u00edveis<\/h4>\n<p>A Amaz\u00f4nia \u00e9 t\u00e3o grandiosa que \u00e9 dif\u00edcil imaginar que uma for\u00e7a da natureza deste tamanho possa ser afetada pela a\u00e7\u00e3o humana. \u201cUma \u00e1rvore a menos n\u00e3o vai fazer diferen\u00e7a\u201d, diriam. \u201cOito mil quil\u00f4metros quadrados de desmatamento s\u00e3o insignificantes\u201d, <a href=\"https:\/\/www.greenpeace.org\/brasil\/blog\/ao-contrario-do-que-diz-salles-o-desmatamento-da-amazonia-nao-e-insignificante\/\">disse de fato<\/a> o atual Ministro do Meio Ambiente, Ricardo Salles.<\/p>\n<div id=\"attachment_10023\" style=\"width: 810px\" class=\"wp-caption alignnone\"><img loading=\"lazy\" decoding=\"async\" aria-describedby=\"caption-attachment-10023\" class=\"size-full wp-image-10023\" src=\"https:\/\/www.greenpeace.org\/static\/planet4-brasil-stateless\/2019\/07\/5a827ac2-gp0stpo9q_web_size.jpg\" alt=\"\" width=\"800\" height=\"534\" srcset=\"https:\/\/www.greenpeace.org\/static\/planet4-brasil-stateless\/2019\/07\/5a827ac2-gp0stpo9q_web_size.jpg 800w, https:\/\/www.greenpeace.org\/static\/planet4-brasil-stateless\/2019\/07\/5a827ac2-gp0stpo9q_web_size-300x200.jpg 300w, https:\/\/www.greenpeace.org\/static\/planet4-brasil-stateless\/2019\/07\/5a827ac2-gp0stpo9q_web_size-768x513.jpg 768w, https:\/\/www.greenpeace.org\/static\/planet4-brasil-stateless\/2019\/07\/5a827ac2-gp0stpo9q_web_size-510x340.jpg 510w\" sizes=\"auto, (max-width: 800px) 100vw, 800px\" \/><p id=\"caption-attachment-10023\" class=\"wp-caption-text\">Floresta pr\u00f3xima ao Rio Tapaj\u00f3s, na regi\u00e3o da Terra Ind\u00edgena Sawr\u00e9 Muybu, do povo Munduruku, no Par\u00e1. Foto: Valdemir Cunha\/Greenpeace.<\/p><\/div>\n<p>Mas, na verdade, a Amaz\u00f4nia tem um limite e, segundo estimativas recentes, <a href=\"https:\/\/www.unicamp.br\/unicamp\/ju\/artigos\/luiz-marques\/ponto-critico-na-amazonia\">estamos bem perto de atingi-lo<\/a>. \u00c9 o que os cientistas chamam de \u201cponto de n\u00e3o retorno\u201d, quando a floresta n\u00e3o ser\u00e1 mais capaz de exercer suas fun\u00e7\u00f5es b\u00e1sicas, iniciando um processo de rea\u00e7\u00e3o em cadeia irrevers\u00edvel, que mudar\u00e1 para sempre a paisagem e o clima no mundo.<\/p>\n<p>Pesquisas recentes, que levam em considera\u00e7\u00e3o as mudan\u00e7as que j\u00e1 podemos ver no clima,\u00a0 sugerem que este ponto seria alcan\u00e7ado caso o desmatamento da Amaz\u00f4nia chegue a 25% de sua \u00e1rea. Estamos bem pr\u00f3ximos disso: s\u00f3 nos \u00faltimos 50 anos j\u00e1 perdemos quase 20% da floresta.<\/p>\n<p>E a situa\u00e7\u00e3o deve<a href=\"https:\/\/www.greenpeace.org\/brasil\/blog\/governo-bolsonaro-confirma-agenda-antiambiental-e-de-destruicao-da-amazonia\/\"> piorar rapidamente<\/a>, segundo os \u00faltimos dados de alertas do desmatamento na Amaz\u00f4nia, divulgados pelo Inpe (Instituto Nacional de Pesquisas Espaciais), houve um aumento de 88% no n\u00famero de alertas em junho de 2019, em compara\u00e7\u00e3o com o mesmo m\u00eas do ano passado. Embora n\u00e3o sejam os dados consolidados do desmatamento, eles apontam um cen\u00e1rio alarmante. Apenas no \u00faltimo ano, cerca de 1 bilh\u00e3o de \u00e1rvores foram derrubadas, uma \u00e1rea equivalente a mais de 5 vezes o tamanho da cidade de S\u00e3o Paulo. Quase tudo, de forma ilegal.<\/p>\n<p>A Amaz\u00f4nia \u00e9 fundamental para a distribui\u00e7\u00e3o de umidade pelo continente e para o controle do clima em todo o mundo. Isso n\u00e3o \u00e9 fake news, \u00e9 algo que vem sendo provado e comprovado pelos mais diversos ramos da ci\u00eancia. Mas negar sua import\u00e2ncia \u00e9 bom para os neg\u00f3cios de quem lucra com a destrui\u00e7\u00e3o da floresta. Ou voc\u00ea achou que eles estavam preocupados com o seu futuro?<\/p>\n<p>Para estas empresas e pol\u00edticos vale a pena desmatar, vale a pena colocar em risco a vida das futuras gera\u00e7\u00f5es, vale a pena criminalizar quem trabalha para proteger a floresta. Mas, para n\u00f3s, n\u00e3o.<\/p>\n<p>Estou h\u00e1 cinco anos nessa miss\u00e3o de tentar \u201csalvar as florestas\u201d junto do Greenpeace e a verdade \u00e9 que trabalhar como ambientalista n\u00e3o tem \u201cmamata\u201d nenhuma, como gostam de dizer pol\u00edticos e ruralistas. Nossa vida n\u00e3o tem almo\u00e7o gr\u00e1tis de lagosta pago com o dinheiro do contribuinte. Na maior parte do tempo \u00e9 s\u00f3 estrada de lama, mosquito e noites acordada preparando as hist\u00f3rias e den\u00fancias que contaremos ao mundo. Sem contar a viol\u00eancia a que estamos expostos: nos \u00faltimos dois anos, o Brasil foi considerado o pa\u00eds <a href=\"https:\/\/www.greenpeace.org\/brasil\/blog\/brasil-lidera-mortes-no-campo-com-um-quarto-de-todos-os-assassinatos-do-mundo\/\">mais perigoso do mundo para lutar pela defesa da terra, da \u00e1gua e das florestas<\/a>.<\/p>\n<p>N\u00e3o h\u00e1 glamour em proteger a floresta. Mas n\u00e3o h\u00e1 um s\u00f3 dia na minha vida que eu n\u00e3o sinta que estou onde deveria estar, fazendo o que deveria fazer. Proteger a floresta importa e n\u00f3s devemos fazer tudo o que estiver ao nosso alcance. Todos n\u00f3s.<\/p>\n<p>Fa\u00e7a parte do abaixo-assinado e exija que empresas e governos tomem uma atitude.<\/p>\n<p><!--HubSpot Call-to-Action Code --><span id=\"hs-cta-wrapper-1b26419a-6a65-490f-8457-cc4916abaa62\" class=\"hs-cta-wrapper\"><span id=\"hs-cta-1b26419a-6a65-490f-8457-cc4916abaa62\" class=\"hs-cta-node hs-cta-1b26419a-6a65-490f-8457-cc4916abaa62\"><!-- [if lte IE 8]>\n\n\n\n\n<div id=\"hs-cta-ie-element\"><\/div>\n\n\n\n\n<![endif]--><a href=\"https:\/\/cta-redirect.hubspot.com\/cta\/redirect\/537105\/1b26419a-6a65-490f-8457-cc4916abaa62\"><img decoding=\"async\" id=\"hs-cta-img-1b26419a-6a65-490f-8457-cc4916abaa62\" class=\"hs-cta-img aligncenter\" style=\"border-width: 0px;\" src=\"https:\/\/no-cache.hubspot.com\/cta\/default\/537105\/1b26419a-6a65-490f-8457-cc4916abaa62.png\" alt=\"ASSINE E PRESSIONE AS EMPRESAS\" \/><\/a><\/span><\/span><\/p>\n","protected":false},"excerpt":{"rendered":"<p>Hoje \u00e9 o Dia de Prote\u00e7\u00e3o das Florestas, uma data para lembrar que existem pessoas que lutam todos os dias para defender tesouros insubstitu\u00edveis A Amaz\u00f4nia \u00e9 t\u00e3o grandiosa que&hellip;<\/p>\n","protected":false},"author":24,"featured_media":10023,"comment_status":"open","ping_status":"closed","sticky":false,"template":"","format":"standard","meta":{"ep_exclude_from_search":false,"p4_og_title":"","p4_og_description":"","p4_og_image":"","p4_og_image_id":"","p4_seo_canonical_url":"","p4_campaign_name":"","p4_local_project":"","p4_basket_name":"","p4_department":"","footnotes":""},"categories":[3],"tags":[22,26],"p4-page-type":[16],"class_list":["post-10014","post","type-post","status-publish","format-standard","has-post-thumbnail","hentry","category-proteja-a-natureza","tag-florestas","tag-biodiversidade","p4-page-type-blog"],"_links":{"self":[{"href":"https:\/\/www.greenpeace.org\/brasil\/wp-json\/wp\/v2\/posts\/10014","targetHints":{"allow":["GET"]}}],"collection":[{"href":"https:\/\/www.greenpeace.org\/brasil\/wp-json\/wp\/v2\/posts"}],"about":[{"href":"https:\/\/www.greenpeace.org\/brasil\/wp-json\/wp\/v2\/types\/post"}],"author":[{"embeddable":true,"href":"https:\/\/www.greenpeace.org\/brasil\/wp-json\/wp\/v2\/users\/24"}],"replies":[{"embeddable":true,"href":"https:\/\/www.greenpeace.org\/brasil\/wp-json\/wp\/v2\/comments?post=10014"}],"version-history":[{"count":10,"href":"https:\/\/www.greenpeace.org\/brasil\/wp-json\/wp\/v2\/posts\/10014\/revisions"}],"predecessor-version":[{"id":58753,"href":"https:\/\/www.greenpeace.org\/brasil\/wp-json\/wp\/v2\/posts\/10014\/revisions\/58753"}],"wp:featuredmedia":[{"embeddable":true,"href":"https:\/\/www.greenpeace.org\/brasil\/wp-json\/wp\/v2\/media\/10023"}],"wp:attachment":[{"href":"https:\/\/www.greenpeace.org\/brasil\/wp-json\/wp\/v2\/media?parent=10014"}],"wp:term":[{"taxonomy":"category","embeddable":true,"href":"https:\/\/www.greenpeace.org\/brasil\/wp-json\/wp\/v2\/categories?post=10014"},{"taxonomy":"post_tag","embeddable":true,"href":"https:\/\/www.greenpeace.org\/brasil\/wp-json\/wp\/v2\/tags?post=10014"},{"taxonomy":"p4-page-type","embeddable":true,"href":"https:\/\/www.greenpeace.org\/brasil\/wp-json\/wp\/v2\/p4-page-type?post=10014"}],"curies":[{"name":"wp","href":"https:\/\/api.w.org\/{rel}","templated":true}]}}