{"id":1013,"date":"2016-08-25T00:00:00","date_gmt":"2016-08-25T00:00:00","guid":{"rendered":"https:\/\/www.greenpeace.org\/brasil\/blog\/principais-supermercados-do-brasil-fecham-o-cerco-contra-a-carne-de-desmatamento\/"},"modified":"2019-11-06T05:21:12","modified_gmt":"2019-11-06T08:21:12","slug":"principais-supermercados-do-brasil-fecham-o-cerco-contra-a-carne-de-desmatamento","status":"publish","type":"post","link":"https:\/\/www.greenpeace.org\/brasil\/blog\/principais-supermercados-do-brasil-fecham-o-cerco-contra-a-carne-de-desmatamento\/","title":{"rendered":"Principais supermercados do Brasil fecham o cerco contra a carne de desmatamento"},"content":{"rendered":"<h4 class=\"leader\"><em>Em resposta \u00e0 exig\u00eancia dos consumidores, Carrefour torna p\u00fablica sua nova pol\u00edtica de compra de carne bovina. P\u00e3o de A\u00e7\u00facar e Walmart tamb\u00e9m j\u00e1 aderiram<\/em><\/h4>\n<div>\n<div class=\"events-box big-box left\">\n<div class=\"frame\">\n<div style=\"width: 610px\" class=\"wp-caption alignnone\"><a class=\"open-img EnlargeImage\" title=\"\" href=\"https:\/\/www.greenpeace.org\/static\/planet4-brasil-stateless\/2018\/07\/GP0STPT7T_Low_res_with_credit_line.jpg\"><img loading=\"lazy\" decoding=\"async\" id=\"ctl00_cphContentArea_Property3_ctl00_ctl02_Image1\" class=\"Thumbnail\" style=\"border-width: 0px;\" src=\"https:\/\/www.greenpeace.org\/static\/planet4-brasil-stateless\/2018\/07\/GP0STPT7T_Low_res_with_credit_line.jpg\" alt=\"\" width=\"600\" height=\"400\" \/><\/a><p class=\"wp-caption-text\">Com a entrada das tr\u00eas maiores redes de supermercados do Brasil no acordo, a estimativa do Greenpeace \u00e9 que pelo menos 80% do volume de abate bovino na Amaz\u00f4nia passe a ser monitorado. (\u00a9 Bruno Kelly \/ Greenpeace)<\/p><\/div>\n<p>O Carrefour, segunda maior rede de varejo do Brasil, acaba de anunciar sua pol\u00edtica de compra de carne bovina e as novas ferramentas que ser\u00e3o implementadas para garantir a seus consumidores a venda de carne livre de desmatamento e viola\u00e7\u00f5es socioambientais.<\/p>\n<\/div>\n<\/div>\n<p>Com isso, as tr\u00eas maiores redes do Brasil, que juntas correspondem por um ter\u00e7o do mercado varejista nacional, segundo o ranking da Associa\u00e7\u00e3o Brasileira de Supermercados (ABRAS), acabam de criar uma importante barreira para o desmatamento da Amaz\u00f4nia, enquanto enviam um recado claro a toda a cadeia de produ\u00e7\u00e3o de carne bovina: os consumidores tem o direito a uma carne sem desmatamento e os frigor\u00edficos que atuam na Amaz\u00f4nia ter\u00e3o que se adequar.<\/p>\n<p>\u201cOs supermercados s\u00e3o uma das principais portas de entrada da carne para a mesa dos brasileiros e, com o comprometimento e apoio do Carrefour, juntamente com as outras duas maiores redes, poderemos mante-las fechadas para o produto contaminado com desmatamento, trabalho escravo e invas\u00e3o de terras ind\u00edgenas\u201d, afirma Adriana Charoux, da campanha Amaz\u00f4nia do Greenpeace.<\/p>\n<p>A vit\u00f3ria \u00e9 uma resposta \u00e0 campanha <a href=\"http:\/\/carneaomolhomadeira.org.br\/\">Carne ao Molho Madeira<\/a>, lan\u00e7ada pelo Greenpeace no final do ano passado, e aos pedidos de milhares de consumidores, que questionaram os supermercados sobre a origem da carne e exigiram um produto seguro e livre de violac\u00f5es socioambientais. Mais de 29 mil pessoas assinaram a peti\u00e7\u00e3o.<\/p>\n<p>Um dos pontos importantes anunciados pelos tr\u00eas gigantes do varejo, que deve impactar nas g\u00f4ndolas de mais de 2.500 lojas em diversos estados, \u00e9 a implementa\u00e7\u00e3o de sistemas de monitoramento e exclus\u00e3o de fornecedores, todos baseados no Desmatamento Zero. Com a ajuda dos supermercados, os frigor\u00edficos m\u00e9dios e pequenos t\u00eam um est\u00edmulo a mais para desenvolver e integrar sistemas de monitoramento da carne que vendem diariamente aos seus clientes.<\/p>\n<h4 style=\"text-align: center;\"><em><a href=\"http:\/\/www.greenpeace.org\/brasil\/pt\/Noticias\/-Walmart-assume-politica-de-Desmatamento-Zero-para-toda-a-carne-vendida-nas-lojas\/\">Walmart<\/a> e <a href=\"http:\/\/www.greenpeace.org\/brasil\/pt\/Noticias\/Pao-de-Acucar-se-compromete-com-Desmatamento-Zero\/\">P\u00e3o de A\u00e7\u00facar<\/a> j\u00e1 se comprometeram<\/em><\/h4>\n<p>Outro avan\u00e7o \u00e9 que as tr\u00eas redes passar\u00e3o a exigir carne sem desmatamento de todos os biomas.<\/p>\n<p>Com o an\u00fancio do Carrefour, somado ao j\u00e1 assumido pelos outros supermercados, haver\u00e1 pelo menos mais sete frigor\u00edficos que atuam na Amaz\u00f4nia comprometidos com o Desmatamento Zero. A estimativa do Greenpeace \u00e9 que isso represente pelo menos 80% do volume de abate bovino na Amaz\u00f4nia.<\/p>\n<p>Apesar de todos os avan\u00e7os alcan\u00e7ados, a pecu\u00e1ria ainda \u00e9 o principal vetor de desmatamento na Amaz\u00f4nia e isso precisa mudar.<\/p>\n<p>&#8220;Os governos tem a responsabilidade de transformar os acordos de mercado em pol\u00edticas p\u00fablicas robustas que incluam todos os produtores, frigor\u00edficos e supermercados que atuam na complexa cadeia da pecu\u00e1ria&#8221; completa Adriana.<\/p>\n<p>Os mecanismos existem e est\u00e3o dispon\u00edveis. E a demanda leg\u00edtima da sociedade, representada pelas mais de 1.4 milh\u00e3o de assinaturas, mostra que n\u00e3o queremos ser c\u00famplices do desmatamento e tantas outras mazelas que caminham de m\u00e3os dadas com ele, seja na Amaz\u00f4nia ou qualquer outra floresta.<\/p>\n<h4><strong>Saiba mais sobre o Compromisso P\u00fablico da Pecu\u00e1ria<\/strong><\/h4>\n<p>Assinado em 2009, ap\u00f3s den\u00fancia do Greenpeace, o Compromisso P\u00fablico da Pecu\u00e1ria conta atualmente com tr\u00eas frigor\u00edficos signat\u00e1rios \u2013 JBS, Marfrig e Minerva, que juntos representam cerca de 70% do abate na Amaz\u00f4nia. Segundo<a href=\"http:\/\/onlinelibrary.wiley.com\/doi\/10.1111\/conl.12175\/abstract\"> estudo<\/a>, o acordo foi fundamental para acelerar a regulariza\u00e7\u00e3o fundi\u00e1ria e a queda do desmatamento nas fazendas que forneciam diretamente para os frigor\u00edficos que entraram no compromisso.<\/p>\n<\/div>\n","protected":false},"excerpt":{"rendered":"<p>Em resposta \u00e0 exig\u00eancia dos consumidores, Carrefour torna p\u00fablica sua nova pol\u00edtica de compra de carne bovina. P\u00e3o de A\u00e7\u00facar e Walmart tamb\u00e9m j\u00e1 aderiram.<\/p>\n","protected":false},"author":28,"featured_media":1015,"comment_status":"open","ping_status":"open","sticky":false,"template":"","format":"standard","meta":{"ep_exclude_from_search":false,"p4_og_title":"","p4_og_description":"","p4_og_image":"","p4_og_image_id":"","p4_seo_canonical_url":"","p4_campaign_name":"","p4_local_project":"","p4_basket_name":"","p4_department":"","footnotes":""},"categories":[3],"tags":[22],"p4-page-type":[16],"class_list":["post-1013","post","type-post","status-publish","format-standard","has-post-thumbnail","hentry","category-proteja-a-natureza","tag-florestas","p4-page-type-blog"],"_links":{"self":[{"href":"https:\/\/www.greenpeace.org\/brasil\/wp-json\/wp\/v2\/posts\/1013","targetHints":{"allow":["GET"]}}],"collection":[{"href":"https:\/\/www.greenpeace.org\/brasil\/wp-json\/wp\/v2\/posts"}],"about":[{"href":"https:\/\/www.greenpeace.org\/brasil\/wp-json\/wp\/v2\/types\/post"}],"author":[{"embeddable":true,"href":"https:\/\/www.greenpeace.org\/brasil\/wp-json\/wp\/v2\/users\/28"}],"replies":[{"embeddable":true,"href":"https:\/\/www.greenpeace.org\/brasil\/wp-json\/wp\/v2\/comments?post=1013"}],"version-history":[{"count":3,"href":"https:\/\/www.greenpeace.org\/brasil\/wp-json\/wp\/v2\/posts\/1013\/revisions"}],"predecessor-version":[{"id":2572,"href":"https:\/\/www.greenpeace.org\/brasil\/wp-json\/wp\/v2\/posts\/1013\/revisions\/2572"}],"wp:featuredmedia":[{"embeddable":true,"href":"https:\/\/www.greenpeace.org\/brasil\/wp-json\/wp\/v2\/media\/1015"}],"wp:attachment":[{"href":"https:\/\/www.greenpeace.org\/brasil\/wp-json\/wp\/v2\/media?parent=1013"}],"wp:term":[{"taxonomy":"category","embeddable":true,"href":"https:\/\/www.greenpeace.org\/brasil\/wp-json\/wp\/v2\/categories?post=1013"},{"taxonomy":"post_tag","embeddable":true,"href":"https:\/\/www.greenpeace.org\/brasil\/wp-json\/wp\/v2\/tags?post=1013"},{"taxonomy":"p4-page-type","embeddable":true,"href":"https:\/\/www.greenpeace.org\/brasil\/wp-json\/wp\/v2\/p4-page-type?post=1013"}],"curies":[{"name":"wp","href":"https:\/\/api.w.org\/{rel}","templated":true}]}}