{"id":10189,"date":"2019-07-28T16:10:15","date_gmt":"2019-07-28T19:10:15","guid":{"rendered":"https:\/\/www.greenpeace.org\/brasil\/?p=10189"},"modified":"2021-12-01T09:32:07","modified_gmt":"2021-12-01T12:32:07","slug":"greenpeace-repudia-violencia-contra-indigenas-e-cobra-do-estado-a-protecao-do-territorio-wajapi-ap","status":"publish","type":"post","link":"https:\/\/www.greenpeace.org\/brasil\/blog\/greenpeace-repudia-violencia-contra-indigenas-e-cobra-do-estado-a-protecao-do-territorio-wajapi-ap\/","title":{"rendered":"Greenpeace repudia viol\u00eancia contra ind\u00edgenas e cobra do Estado a prote\u00e7\u00e3o do territ\u00f3rio Waj\u00e3pi (AP)"},"content":{"rendered":"<h4>O governo brasileiro deve agir com rapidez para encontrar e punir os respons\u00e1veis pelo crime,e coibir as invas\u00f5es de garimpeiros e grileiros nos territ\u00f3rios, que amea\u00e7am tamb\u00e9m v\u00e1rios outros povos ind\u00edgenas na Amaz\u00f4nia brasileira<\/h4>\n<div id=\"attachment_10191\" style=\"width: 610px\" class=\"wp-caption aligncenter\"><img loading=\"lazy\" decoding=\"async\" aria-describedby=\"caption-attachment-10191\" class=\"size-full wp-image-10191\" src=\"https:\/\/www.greenpeace.org\/static\/planet4-brasil-stateless\/2019\/07\/28027ab6-festa-do-pacu-a\u00e7u-waj\u00e3pi-\u00a9-m\u00e1rio-vilela-\u00bb-funai-138-medium-600x398.jpg\" alt=\"\" width=\"600\" height=\"398\" srcset=\"https:\/\/www.greenpeace.org\/static\/planet4-brasil-stateless\/2019\/07\/28027ab6-festa-do-pacu-a\u00e7u-waj\u00e3pi-\u00a9-m\u00e1rio-vilela-\u00bb-funai-138-medium-600x398.jpg 600w, https:\/\/www.greenpeace.org\/static\/planet4-brasil-stateless\/2019\/07\/28027ab6-festa-do-pacu-a\u00e7u-waj\u00e3pi-\u00a9-m\u00e1rio-vilela-\u00bb-funai-138-medium-600x398-300x199.jpg 300w, https:\/\/www.greenpeace.org\/static\/planet4-brasil-stateless\/2019\/07\/28027ab6-festa-do-pacu-a\u00e7u-waj\u00e3pi-\u00a9-m\u00e1rio-vilela-\u00bb-funai-138-medium-600x398-510x338.jpg 510w\" sizes=\"auto, (max-width: 600px) 100vw, 600px\" \/><p id=\"caption-attachment-10191\" class=\"wp-caption-text\">Povo Waj\u00e3pi na festa do Pacu A\u00e7u<\/p><\/div>\n<p><span style=\"font-weight: 400;\">A Funai confirmou neste s\u00e1bado (27) a morte do cacique Emyra Waj\u00e3pi pr\u00f3ximo \u00e0 aldeia Mariry, ap\u00f3s a invas\u00e3o de um grupo de garimpeiros na terra ind\u00edgena, no Amap\u00e1, essa semana. O Greenpeace manifesta rep\u00fadio por mais esta viol\u00eancia e se solidariza e apoia a <\/span><a href=\"https:\/\/www.apina.org.br\/index.html\"><span style=\"font-weight: 400;\">APINA, o Conselho das Aldeias Waj\u00e3pi<\/span><\/a><span style=\"font-weight: 400;\"> e a <\/span><a href=\"https:\/\/coiab.org.br\/conteudo\/1564332669994x570521800619838000\"><span style=\"font-weight: 400;\">COIAB \u2013 Coordena\u00e7\u00e3o das Organiza\u00e7\u00f5es Ind\u00edgenas da Amaz\u00f4nia Brasileira<\/span><\/a><span style=\"font-weight: 400;\"> em suas reivindica\u00e7\u00f5es pela garantia dos seus direitos constitucionais e sua autodetermina\u00e7\u00e3o em decidir como querem viver.\u00a0<\/span><\/p>\n<p><span style=\"font-weight: 400;\">Hoje, milhares de ind\u00edgenas encontram-se em risco no Brasil por conta de invas\u00f5es, extra\u00e7\u00e3o ilegal de madeira, garimpo e tentativas de tomada de suas terras. Boa parte destas amea\u00e7as s\u00e3o alimentadas pelo pr\u00f3prio governo, ao repetir sistematicamente sua inten\u00e7\u00e3o de abrir as terras ind\u00edgenas para explorar os recursos naturais por empresas estrangeiras, e ao sucatear os \u00f3rg\u00e3os de fiscaliza\u00e7\u00e3o ambiental e a FUNAI.\u00a0<\/span><\/p>\n<p><span style=\"font-weight: 400;\"><strong>\u00c9 dever do Estado proteger os territ\u00f3rios ind\u00edgenas e seus povos, coibindo atividades ilegais de garimpo e minera\u00e7\u00e3o para evitar a escalada de conflitos que amea\u00e7am tamb\u00e9m outros povos ind\u00edgenas<\/strong>.\u00a0<\/span><\/p>\n<p><span style=\"font-weight: 400;\">O Greenpeace cobra do governo agilidade na resolu\u00e7\u00e3o deste conflito, com a investiga\u00e7\u00e3o e puni\u00e7\u00e3o dos respons\u00e1veis, al\u00e9m de garantir a integridade f\u00edsica e cultural do povo Waj\u00e3pi atrav\u00e9s da prote\u00e7\u00e3o do seu territ\u00f3rio.\u00a0\u00a0<\/span><\/p>\n<p style=\"text-align: center;\"><a href=\"https:\/\/www.socioambiental.org\/sites\/blog.socioambiental.org\/files\/nsa\/arquivos\/nota_apina_invasao_tiw_julho2019.pdf\"><b>Nota da APINA sobre a invas\u00e3o da terra ind\u00edgena Waj\u00e3p<\/b><b>i\u00a0<\/b><\/a><\/p>\n<p style=\"text-align: center;\"><a href=\"https:\/\/coiab.org.br\/conteudo\/1564332669994x570521800619838000\"><b>Nota da COIAB contra os ataques ao povo Waj\u00e3pi\u00a0<\/b><\/a><\/p>\n<p style=\"text-align: center;\">\n<div class=\"EmptyMessage\">Block content is empty. Check the block&#8217;s settings or remove it.<\/div>","protected":false},"excerpt":{"rendered":"<p>O governo brasileiro deve agir com rapidez para encontrar e punir os respons\u00e1veis pelo crime,e coibir as invas\u00f5es de garimpeiros e grileiros nos territ\u00f3rios, que amea\u00e7am tamb\u00e9m v\u00e1rios outros povos ind\u00edgenas na Amaz\u00f4nia brasileira<\/p>\n","protected":false},"author":28,"featured_media":10191,"comment_status":"open","ping_status":"closed","sticky":false,"template":"","format":"standard","meta":{"ep_exclude_from_search":false,"p4_og_title":"","p4_og_description":"","p4_og_image":"","p4_og_image_id":"","p4_seo_canonical_url":"","p4_campaign_name":"","p4_local_project":"","p4_basket_name":"","p4_department":"","footnotes":""},"categories":[2],"tags":[22],"p4-page-type":[16],"class_list":["post-10189","post","type-post","status-publish","format-standard","has-post-thumbnail","hentry","category-transforme-a-sociedade","tag-florestas","p4-page-type-blog"],"_links":{"self":[{"href":"https:\/\/www.greenpeace.org\/brasil\/wp-json\/wp\/v2\/posts\/10189","targetHints":{"allow":["GET"]}}],"collection":[{"href":"https:\/\/www.greenpeace.org\/brasil\/wp-json\/wp\/v2\/posts"}],"about":[{"href":"https:\/\/www.greenpeace.org\/brasil\/wp-json\/wp\/v2\/types\/post"}],"author":[{"embeddable":true,"href":"https:\/\/www.greenpeace.org\/brasil\/wp-json\/wp\/v2\/users\/28"}],"replies":[{"embeddable":true,"href":"https:\/\/www.greenpeace.org\/brasil\/wp-json\/wp\/v2\/comments?post=10189"}],"version-history":[{"count":6,"href":"https:\/\/www.greenpeace.org\/brasil\/wp-json\/wp\/v2\/posts\/10189\/revisions"}],"predecessor-version":[{"id":35393,"href":"https:\/\/www.greenpeace.org\/brasil\/wp-json\/wp\/v2\/posts\/10189\/revisions\/35393"}],"wp:featuredmedia":[{"embeddable":true,"href":"https:\/\/www.greenpeace.org\/brasil\/wp-json\/wp\/v2\/media\/10191"}],"wp:attachment":[{"href":"https:\/\/www.greenpeace.org\/brasil\/wp-json\/wp\/v2\/media?parent=10189"}],"wp:term":[{"taxonomy":"category","embeddable":true,"href":"https:\/\/www.greenpeace.org\/brasil\/wp-json\/wp\/v2\/categories?post=10189"},{"taxonomy":"post_tag","embeddable":true,"href":"https:\/\/www.greenpeace.org\/brasil\/wp-json\/wp\/v2\/tags?post=10189"},{"taxonomy":"p4-page-type","embeddable":true,"href":"https:\/\/www.greenpeace.org\/brasil\/wp-json\/wp\/v2\/p4-page-type?post=10189"}],"curies":[{"name":"wp","href":"https:\/\/api.w.org\/{rel}","templated":true}]}}