{"id":10632,"date":"2019-08-19T11:40:16","date_gmt":"2019-08-19T14:40:16","guid":{"rendered":"https:\/\/www.greenpeace.org\/brasil\/?p=10632"},"modified":"2025-04-09T13:30:59","modified_gmt":"2025-04-09T16:30:59","slug":"entre-sonhos-e-realidades-a-fotografia-muda-o-mundo","status":"publish","type":"post","link":"https:\/\/www.greenpeace.org\/brasil\/blog\/entre-sonhos-e-realidades-a-fotografia-muda-o-mundo\/","title":{"rendered":"Entre sonhos e realidades: a fotografia muda o mundo"},"content":{"rendered":"\n<h2 class=\"wp-block-heading\">No Dia Mundial da Fotografia, celebramos as imagens poderosas que nos fazem pensar, agir e sonhar.<\/h2>\n\n<h4 class=\"wp-block-heading\">&nbsp;<\/h4>\n\n<figure class=\"wp-block-image alignnone  caption-style-medium caption-alignment-center\"><img loading=\"lazy\" decoding=\"async\" width=\"1199\" height=\"781\" src=\"https:\/\/www.greenpeace.org\/static\/planet4-brasil-stateless\/2019\/08\/416a2e89-gp0stpy4u_medium_res.jpg\" alt=\"\" class=\"wp-image-10656\" srcset=\"https:\/\/www.greenpeace.org\/static\/planet4-brasil-stateless\/2019\/08\/416a2e89-gp0stpy4u_medium_res.jpg 1199w, https:\/\/www.greenpeace.org\/static\/planet4-brasil-stateless\/2019\/08\/416a2e89-gp0stpy4u_medium_res-300x195.jpg 300w, https:\/\/www.greenpeace.org\/static\/planet4-brasil-stateless\/2019\/08\/416a2e89-gp0stpy4u_medium_res-768x500.jpg 768w, https:\/\/www.greenpeace.org\/static\/planet4-brasil-stateless\/2019\/08\/416a2e89-gp0stpy4u_medium_res-1024x667.jpg 1024w, https:\/\/www.greenpeace.org\/static\/planet4-brasil-stateless\/2019\/08\/416a2e89-gp0stpy4u_medium_res-510x332.jpg 510w\" sizes=\"auto, (max-width: 1199px) 100vw, 1199px\" \/><figcaption>Crian\u00e7as Munduruku pulam no rio na aldeia Dace Watpu. Terra Ind\u00edgena Sawr\u00e9 Muybu, Par\u00e1, 2016.<div class=\"credit icon-left\"> \u00a9 Ot\u00e1vio Almeida \/ Greenpeace<\/div><\/figcaption><\/figure>\n\n<p>Uma imagem vale mais que mil palavras. Essas palavras passaram pela cabe\u00e7a das 12 pessoas a bordo do barco Phyllis Cormack, em 1971, a caminho de Amchitka, uma ilha no sudoeste do Alasca. O objetivo um tanto maluco era impedir testes nucleares do governo dos Estados Unidos.<\/p>\n\n<p>&#8220;E se n\u00e3o conseguirmos impedir os testes?&#8221; Pode acontecer. Mas vamos em frente! &#8220;O que fazemos para que as pessoas entendam o que est\u00e1 em jogo?&#8221; Vamos mostrar o que est\u00e1 acontecendo para quem n\u00e3o pode estar l\u00e1!<\/p>\n\n<p>Assim surgiu uma das bases do Greenpeace: ser testemunha ocular dos crimes e agress\u00f5es \u00e0 natureza. E que melhor jeito de mostrar ao mundo o que est\u00e1 acontecendo, sen\u00e3o com imagens? Desde o corajoso barquinho enfrentando testes nucleares, o Greenpeace apontou muitas c\u00e2meras para injusti\u00e7as sociais e amea\u00e7as ambientais.<\/p>\n<div data-render=\"planet4-blocks\/gallery\" data-attributes=\"{&quot;attributes&quot;:{&quot;multiple_image&quot;:&quot;10633,10634,10635,10636,10637,10638,10639,10640,10641,10642&quot;,&quot;image_data&quot;:[[]],&quot;gallery_block_style&quot;:0,&quot;gallery_block_title&quot;:&quot;&quot;,&quot;gallery_block_description&quot;:&quot;&quot;,&quot;gallery_block_focus_points&quot;:&quot;&quot;,&quot;images&quot;:[{&quot;image_src&quot;:&quot;https:\\\/\\\/www.greenpeace.org\\\/static\\\/planet4-brasil-stateless\\\/2019\\\/08\\\/c822a0ff-gp01k91_medium_res.jpg&quot;,&quot;image_srcset&quot;:&quot;https:\\\/\\\/www.greenpeace.org\\\/static\\\/planet4-brasil-stateless\\\/2019\\\/08\\\/c822a0ff-gp01k91_medium_res.jpg 1200w, https:\\\/\\\/www.greenpeace.org\\\/static\\\/planet4-brasil-stateless\\\/2019\\\/08\\\/c822a0ff-gp01k91_medium_res-300x200.jpg 300w, https:\\\/\\\/www.greenpeace.org\\\/static\\\/planet4-brasil-stateless\\\/2019\\\/08\\\/c822a0ff-gp01k91_medium_res-768x512.jpg 768w, https:\\\/\\\/www.greenpeace.org\\\/static\\\/planet4-brasil-stateless\\\/2019\\\/08\\\/c822a0ff-gp01k91_medium_res-1024x683.jpg 1024w, https:\\\/\\\/www.greenpeace.org\\\/static\\\/planet4-brasil-stateless\\\/2019\\\/08\\\/c822a0ff-gp01k91_medium_res-510x340.jpg 510w&quot;,&quot;image_sizes&quot;:false,&quot;alt_text&quot;:&quot;&quot;,&quot;caption&quot;:&quot;Queimada de pasto em \\u00e1rea desmatada. Par\\u00e1, 2008. &quot;,&quot;focus_image&quot;:&quot;&quot;,&quot;credits&quot;:&quot;\\u00a9 Rodrigo Baleia \\\/ Greenpeace&quot;},{&quot;image_src&quot;:&quot;https:\\\/\\\/www.greenpeace.org\\\/static\\\/planet4-brasil-stateless\\\/2019\\\/08\\\/bd5e6a2c-gp0stpt7w_medium_res.jpg&quot;,&quot;image_srcset&quot;:&quot;https:\\\/\\\/www.greenpeace.org\\\/static\\\/planet4-brasil-stateless\\\/2019\\\/08\\\/bd5e6a2c-gp0stpt7w_medium_res.jpg 1200w, https:\\\/\\\/www.greenpeace.org\\\/static\\\/planet4-brasil-stateless\\\/2019\\\/08\\\/bd5e6a2c-gp0stpt7w_medium_res-300x200.jpg 300w, https:\\\/\\\/www.greenpeace.org\\\/static\\\/planet4-brasil-stateless\\\/2019\\\/08\\\/bd5e6a2c-gp0stpt7w_medium_res-768x512.jpg 768w, https:\\\/\\\/www.greenpeace.org\\\/static\\\/planet4-brasil-stateless\\\/2019\\\/08\\\/bd5e6a2c-gp0stpt7w_medium_res-1024x683.jpg 1024w, https:\\\/\\\/www.greenpeace.org\\\/static\\\/planet4-brasil-stateless\\\/2019\\\/08\\\/bd5e6a2c-gp0stpt7w_medium_res-510x340.jpg 510w&quot;,&quot;image_sizes&quot;:false,&quot;alt_text&quot;:&quot;&quot;,&quot;caption&quot;:&quot;Caminh\\u00e3o transporta madeira ilegal na Rodovia Transamaz\\u00f4nica. Amazonas, 2015.&quot;,&quot;focus_image&quot;:&quot;&quot;,&quot;credits&quot;:&quot;\\u00a9 Bruno Kelly \\\/ Greenpeace&quot;},{&quot;image_src&quot;:&quot;https:\\\/\\\/www.greenpeace.org\\\/static\\\/planet4-brasil-stateless\\\/2019\\\/08\\\/9d3a5128-gp0stpb60_medium_res.jpg&quot;,&quot;image_srcset&quot;:&quot;https:\\\/\\\/www.greenpeace.org\\\/static\\\/planet4-brasil-stateless\\\/2019\\\/08\\\/9d3a5128-gp0stpb60_medium_res.jpg 1200w, https:\\\/\\\/www.greenpeace.org\\\/static\\\/planet4-brasil-stateless\\\/2019\\\/08\\\/9d3a5128-gp0stpb60_medium_res-300x200.jpg 300w, https:\\\/\\\/www.greenpeace.org\\\/static\\\/planet4-brasil-stateless\\\/2019\\\/08\\\/9d3a5128-gp0stpb60_medium_res-768x512.jpg 768w, https:\\\/\\\/www.greenpeace.org\\\/static\\\/planet4-brasil-stateless\\\/2019\\\/08\\\/9d3a5128-gp0stpb60_medium_res-1024x683.jpg 1024w, https:\\\/\\\/www.greenpeace.org\\\/static\\\/planet4-brasil-stateless\\\/2019\\\/08\\\/9d3a5128-gp0stpb60_medium_res-510x340.jpg 510w&quot;,&quot;image_sizes&quot;:false,&quot;alt_text&quot;:&quot;&quot;,&quot;caption&quot;:&quot;Ind\\u00edgenas Ka&#039;apor queimam madeira ilegal encontrada em seu territ\\u00f3rio. Maranh\\u00e3o, 2015. &quot;,&quot;focus_image&quot;:&quot;&quot;,&quot;credits&quot;:&quot;\\u00a9 Luna\\u00e9 Parracho \\\/ Greenpeace&quot;},{&quot;image_src&quot;:&quot;https:\\\/\\\/www.greenpeace.org\\\/static\\\/planet4-brasil-stateless\\\/2019\\\/08\\\/fa8e9150-gp0stsyax_medium_res.jpg&quot;,&quot;image_srcset&quot;:&quot;https:\\\/\\\/www.greenpeace.org\\\/static\\\/planet4-brasil-stateless\\\/2019\\\/08\\\/fa8e9150-gp0stsyax_medium_res.jpg 1200w, https:\\\/\\\/www.greenpeace.org\\\/static\\\/planet4-brasil-stateless\\\/2019\\\/08\\\/fa8e9150-gp0stsyax_medium_res-300x169.jpg 300w, https:\\\/\\\/www.greenpeace.org\\\/static\\\/planet4-brasil-stateless\\\/2019\\\/08\\\/fa8e9150-gp0stsyax_medium_res-768x431.jpg 768w, https:\\\/\\\/www.greenpeace.org\\\/static\\\/planet4-brasil-stateless\\\/2019\\\/08\\\/fa8e9150-gp0stsyax_medium_res-1024x575.jpg 1024w, https:\\\/\\\/www.greenpeace.org\\\/static\\\/planet4-brasil-stateless\\\/2019\\\/08\\\/fa8e9150-gp0stsyax_medium_res-510x286.jpg 510w&quot;,&quot;image_sizes&quot;:false,&quot;alt_text&quot;:&quot;&quot;,&quot;caption&quot;:&quot;Carro arrastado por lama t\\u00f3xica no Rio Paraopeba. Brumadinho, Minas Gerais, 2019. Foto: Fernanda Ligabue \\\/ Greenpeace&quot;,&quot;focus_image&quot;:&quot;&quot;,&quot;credits&quot;:&quot;\\u00a9 Fernanda Ligabue \\\/ Greenpeace&quot;},{&quot;image_src&quot;:&quot;https:\\\/\\\/www.greenpeace.org\\\/static\\\/planet4-brasil-stateless\\\/2019\\\/08\\\/224bb989-gp01svg_medium_res.jpg&quot;,&quot;image_srcset&quot;:&quot;https:\\\/\\\/www.greenpeace.org\\\/static\\\/planet4-brasil-stateless\\\/2019\\\/08\\\/224bb989-gp01svg_medium_res.jpg 1200w, https:\\\/\\\/www.greenpeace.org\\\/static\\\/planet4-brasil-stateless\\\/2019\\\/08\\\/224bb989-gp01svg_medium_res-300x200.jpg 300w, https:\\\/\\\/www.greenpeace.org\\\/static\\\/planet4-brasil-stateless\\\/2019\\\/08\\\/224bb989-gp01svg_medium_res-768x512.jpg 768w, https:\\\/\\\/www.greenpeace.org\\\/static\\\/planet4-brasil-stateless\\\/2019\\\/08\\\/224bb989-gp01svg_medium_res-1024x683.jpg 1024w, https:\\\/\\\/www.greenpeace.org\\\/static\\\/planet4-brasil-stateless\\\/2019\\\/08\\\/224bb989-gp01svg_medium_res-510x340.jpg 510w&quot;,&quot;image_sizes&quot;:false,&quot;alt_text&quot;:&quot;&quot;,&quot;caption&quot;:&quot;Urso polar encontra dificuldades em caminhar sobre placas soltas de gelo. Groenl\\u00e2ndia, 2009. &quot;,&quot;focus_image&quot;:&quot;&quot;,&quot;credits&quot;:&quot;\\u00a9 Nick Cobbing \\\/ Greenpeace&quot;},{&quot;image_src&quot;:&quot;https:\\\/\\\/www.greenpeace.org\\\/static\\\/planet4-brasil-stateless\\\/2019\\\/08\\\/8b4b9ce5-gp04n3t_medium_res.jpg&quot;,&quot;image_srcset&quot;:&quot;https:\\\/\\\/www.greenpeace.org\\\/static\\\/planet4-brasil-stateless\\\/2019\\\/08\\\/8b4b9ce5-gp04n3t_medium_res.jpg 1200w, https:\\\/\\\/www.greenpeace.org\\\/static\\\/planet4-brasil-stateless\\\/2019\\\/08\\\/8b4b9ce5-gp04n3t_medium_res-300x200.jpg 300w, https:\\\/\\\/www.greenpeace.org\\\/static\\\/planet4-brasil-stateless\\\/2019\\\/08\\\/8b4b9ce5-gp04n3t_medium_res-768x512.jpg 768w, https:\\\/\\\/www.greenpeace.org\\\/static\\\/planet4-brasil-stateless\\\/2019\\\/08\\\/8b4b9ce5-gp04n3t_medium_res-1024x683.jpg 1024w, https:\\\/\\\/www.greenpeace.org\\\/static\\\/planet4-brasil-stateless\\\/2019\\\/08\\\/8b4b9ce5-gp04n3t_medium_res-510x340.jpg 510w&quot;,&quot;image_sizes&quot;:false,&quot;alt_text&quot;:&quot;&quot;,&quot;caption&quot;:&quot;Moradores abandonam suas casas durante inc\\u00eandio em planta\\u00e7\\u00e3o de palma. Sumatra, 2013. &quot;,&quot;focus_image&quot;:&quot;&quot;,&quot;credits&quot;:&quot;\\u00a9 Ulet Ifansasti \\\/ Greenpeace&quot;},{&quot;image_src&quot;:&quot;https:\\\/\\\/www.greenpeace.org\\\/static\\\/planet4-brasil-stateless\\\/2019\\\/08\\\/03643e09-gp0stpe0v_medium_res.jpg&quot;,&quot;image_srcset&quot;:&quot;https:\\\/\\\/www.greenpeace.org\\\/static\\\/planet4-brasil-stateless\\\/2019\\\/08\\\/03643e09-gp0stpe0v_medium_res.jpg 1200w, https:\\\/\\\/www.greenpeace.org\\\/static\\\/planet4-brasil-stateless\\\/2019\\\/08\\\/03643e09-gp0stpe0v_medium_res-300x200.jpg 300w, https:\\\/\\\/www.greenpeace.org\\\/static\\\/planet4-brasil-stateless\\\/2019\\\/08\\\/03643e09-gp0stpe0v_medium_res-768x512.jpg 768w, https:\\\/\\\/www.greenpeace.org\\\/static\\\/planet4-brasil-stateless\\\/2019\\\/08\\\/03643e09-gp0stpe0v_medium_res-1024x683.jpg 1024w, https:\\\/\\\/www.greenpeace.org\\\/static\\\/planet4-brasil-stateless\\\/2019\\\/08\\\/03643e09-gp0stpe0v_medium_res-510x340.jpg 510w&quot;,&quot;image_sizes&quot;:false,&quot;alt_text&quot;:&quot;&quot;,&quot;caption&quot;:&quot;Crian\\u00e7as chegam \\u00e0 escola encobertas pela polui\\u00e7\\u00e3o do ar causada por queimadas, que matam 110 mil pessoas por ano no sudeste asi\\u00e1tico. Indon\\u00e9sia, 2015. &quot;,&quot;focus_image&quot;:&quot;&quot;,&quot;credits&quot;:&quot;\\u00a9 Ardiles Rante \\\/ Greenpeace&quot;},{&quot;image_src&quot;:&quot;https:\\\/\\\/www.greenpeace.org\\\/static\\\/planet4-brasil-stateless\\\/2019\\\/08\\\/50ee16a4-gp0472z_medium_res.jpg&quot;,&quot;image_srcset&quot;:&quot;https:\\\/\\\/www.greenpeace.org\\\/static\\\/planet4-brasil-stateless\\\/2019\\\/08\\\/50ee16a4-gp0472z_medium_res.jpg 1200w, https:\\\/\\\/www.greenpeace.org\\\/static\\\/planet4-brasil-stateless\\\/2019\\\/08\\\/50ee16a4-gp0472z_medium_res-300x199.jpg 300w, https:\\\/\\\/www.greenpeace.org\\\/static\\\/planet4-brasil-stateless\\\/2019\\\/08\\\/50ee16a4-gp0472z_medium_res-768x510.jpg 768w, https:\\\/\\\/www.greenpeace.org\\\/static\\\/planet4-brasil-stateless\\\/2019\\\/08\\\/50ee16a4-gp0472z_medium_res-1024x680.jpg 1024w, https:\\\/\\\/www.greenpeace.org\\\/static\\\/planet4-brasil-stateless\\\/2019\\\/08\\\/50ee16a4-gp0472z_medium_res-510x340.jpg 510w&quot;,&quot;image_sizes&quot;:false,&quot;alt_text&quot;:&quot;&quot;,&quot;caption&quot;:&quot;Moradores abandonam suas casas depois de tempestades e enchentes. Filipinas, 2012. &quot;,&quot;focus_image&quot;:&quot;&quot;,&quot;credits&quot;:&quot;\\u00a9 Veejay Villafranca \\\/ Greenpeace&quot;},{&quot;image_src&quot;:&quot;https:\\\/\\\/www.greenpeace.org\\\/static\\\/planet4-brasil-stateless\\\/2019\\\/08\\\/98dbdcb2-gp0224w_medium_res.jpg&quot;,&quot;image_srcset&quot;:&quot;https:\\\/\\\/www.greenpeace.org\\\/static\\\/planet4-brasil-stateless\\\/2019\\\/08\\\/98dbdcb2-gp0224w_medium_res.jpg 1200w, https:\\\/\\\/www.greenpeace.org\\\/static\\\/planet4-brasil-stateless\\\/2019\\\/08\\\/98dbdcb2-gp0224w_medium_res-300x200.jpg 300w, https:\\\/\\\/www.greenpeace.org\\\/static\\\/planet4-brasil-stateless\\\/2019\\\/08\\\/98dbdcb2-gp0224w_medium_res-768x512.jpg 768w, https:\\\/\\\/www.greenpeace.org\\\/static\\\/planet4-brasil-stateless\\\/2019\\\/08\\\/98dbdcb2-gp0224w_medium_res-1024x683.jpg 1024w, https:\\\/\\\/www.greenpeace.org\\\/static\\\/planet4-brasil-stateless\\\/2019\\\/08\\\/98dbdcb2-gp0224w_medium_res-510x340.jpg 510w&quot;,&quot;image_sizes&quot;:false,&quot;alt_text&quot;:&quot;&quot;,&quot;caption&quot;:&quot;Vazamento de \\u00f3leo no Golfo do M\\u00e9xico causado pela BP, com estimativas de 200 mil gal\\u00f5es de \\u00f3leo por dia sendo derramados no mar.&quot;,&quot;focus_image&quot;:&quot;&quot;,&quot;credits&quot;:&quot;\\u00a9 Daniel Beltr\\u00e1 \\\/ Greenpeace&quot;},{&quot;image_src&quot;:&quot;https:\\\/\\\/www.greenpeace.org\\\/static\\\/planet4-brasil-stateless\\\/2019\\\/08\\\/c6ac6d13-gp022y5_medium_res.jpg&quot;,&quot;image_srcset&quot;:&quot;https:\\\/\\\/www.greenpeace.org\\\/static\\\/planet4-brasil-stateless\\\/2019\\\/08\\\/c6ac6d13-gp022y5_medium_res.jpg 1200w, https:\\\/\\\/www.greenpeace.org\\\/static\\\/planet4-brasil-stateless\\\/2019\\\/08\\\/c6ac6d13-gp022y5_medium_res-300x186.jpg 300w, https:\\\/\\\/www.greenpeace.org\\\/static\\\/planet4-brasil-stateless\\\/2019\\\/08\\\/c6ac6d13-gp022y5_medium_res-768x476.jpg 768w, https:\\\/\\\/www.greenpeace.org\\\/static\\\/planet4-brasil-stateless\\\/2019\\\/08\\\/c6ac6d13-gp022y5_medium_res-1024x635.jpg 1024w, https:\\\/\\\/www.greenpeace.org\\\/static\\\/planet4-brasil-stateless\\\/2019\\\/08\\\/c6ac6d13-gp022y5_medium_res-510x316.jpg 510w&quot;,&quot;image_sizes&quot;:false,&quot;alt_text&quot;:&quot;&quot;,&quot;caption&quot;:&quot;Pelicano-pardo coberto de \\u00f3leo ap\\u00f3s desastre da BP no Golfo do M\\u00e9xico. Estados Unidos, 2010. &quot;,&quot;focus_image&quot;:&quot;&quot;,&quot;credits&quot;:&quot;\\u00a9 Jose Luis Magana \\\/ Greenpeace&quot;}]}}\"><\/div>\n<p>Atrav\u00e9s de fotografias, mensagens poderosas podem rodar o mundo. Acreditamos na for\u00e7a dessas ideias transmitidas por imagens para que barreiras possam ser vencidas e pontes possam ser constru\u00eddas.<\/p>\n\n<p>E, entre muitas mentiras e falsidades, nossas mensagens s\u00e3o reais &#8211; n\u00e3o manipulamos nossas fotos, constru\u00edmos nossas imagens com criatividade, ativismo e a coragem. Quando as pessoas se colocam de corpo presente para dizer o que deve ser dito, a mensagem \u00e9 ainda mais poderosa.<\/p>\n<div data-render=\"planet4-blocks\/gallery\" data-attributes=\"{&quot;attributes&quot;:{&quot;multiple_image&quot;:&quot;10645,10646,10647,10648,10649,10650,10651,10652,10653,10654&quot;,&quot;image_data&quot;:[[]],&quot;gallery_block_style&quot;:0,&quot;gallery_block_title&quot;:&quot;&quot;,&quot;gallery_block_description&quot;:&quot;&quot;,&quot;gallery_block_focus_points&quot;:&quot;&quot;,&quot;images&quot;:[{&quot;image_src&quot;:&quot;https:\\\/\\\/www.greenpeace.org\\\/static\\\/planet4-brasil-stateless\\\/2019\\\/08\\\/cc7c65ce-gp0stqao9_medium_res.jpg&quot;,&quot;image_srcset&quot;:&quot;https:\\\/\\\/www.greenpeace.org\\\/static\\\/planet4-brasil-stateless\\\/2019\\\/08\\\/cc7c65ce-gp0stqao9_medium_res.jpg 1200w, https:\\\/\\\/www.greenpeace.org\\\/static\\\/planet4-brasil-stateless\\\/2019\\\/08\\\/cc7c65ce-gp0stqao9_medium_res-300x169.jpg 300w, https:\\\/\\\/www.greenpeace.org\\\/static\\\/planet4-brasil-stateless\\\/2019\\\/08\\\/cc7c65ce-gp0stqao9_medium_res-768x431.jpg 768w, https:\\\/\\\/www.greenpeace.org\\\/static\\\/planet4-brasil-stateless\\\/2019\\\/08\\\/cc7c65ce-gp0stqao9_medium_res-1024x575.jpg 1024w, https:\\\/\\\/www.greenpeace.org\\\/static\\\/planet4-brasil-stateless\\\/2019\\\/08\\\/cc7c65ce-gp0stqao9_medium_res-510x286.jpg 510w&quot;,&quot;image_sizes&quot;:false,&quot;alt_text&quot;:&quot;&quot;,&quot;caption&quot;:&quot;Ativistas e cerca de mil pessoas do Movimento Atingidos por Barreiras pedem por justi\\u00e7a um ano ap\\u00f3s o desastre de Mariana. Minas Gerais, 2016. &quot;,&quot;focus_image&quot;:&quot;&quot;,&quot;credits&quot;:&quot;\\u00a9 Yuri Baricivich \\\/ Greenpeace&quot;},{&quot;image_src&quot;:&quot;https:\\\/\\\/www.greenpeace.org\\\/static\\\/planet4-brasil-stateless\\\/2019\\\/08\\\/4d74f9ea-gp0431c_medium_res.jpg&quot;,&quot;image_srcset&quot;:&quot;https:\\\/\\\/www.greenpeace.org\\\/static\\\/planet4-brasil-stateless\\\/2019\\\/08\\\/4d74f9ea-gp0431c_medium_res.jpg 1200w, https:\\\/\\\/www.greenpeace.org\\\/static\\\/planet4-brasil-stateless\\\/2019\\\/08\\\/4d74f9ea-gp0431c_medium_res-300x200.jpg 300w, https:\\\/\\\/www.greenpeace.org\\\/static\\\/planet4-brasil-stateless\\\/2019\\\/08\\\/4d74f9ea-gp0431c_medium_res-768x512.jpg 768w, https:\\\/\\\/www.greenpeace.org\\\/static\\\/planet4-brasil-stateless\\\/2019\\\/08\\\/4d74f9ea-gp0431c_medium_res-1024x683.jpg 1024w, https:\\\/\\\/www.greenpeace.org\\\/static\\\/planet4-brasil-stateless\\\/2019\\\/08\\\/4d74f9ea-gp0431c_medium_res-510x340.jpg 510w&quot;,&quot;image_sizes&quot;:false,&quot;alt_text&quot;:&quot;&quot;,&quot;caption&quot;:&quot;Ativistas bloqueiam a \\u00e2ncora do navio Clipper Hope, impedindo que ele transporte ferro gusa proveniente de desmatamento para os Estados Unidos. Maranh\\u00e3o, 2012.&quot;,&quot;focus_image&quot;:&quot;&quot;,&quot;credits&quot;:&quot;\\u00a9 Marizilda Cruppe \\\/ Greenpeace&quot;},{&quot;image_src&quot;:&quot;https:\\\/\\\/www.greenpeace.org\\\/static\\\/planet4-brasil-stateless\\\/2019\\\/08\\\/1b0e7314-gp0pp7_medium_res.jpg&quot;,&quot;image_srcset&quot;:&quot;https:\\\/\\\/www.greenpeace.org\\\/static\\\/planet4-brasil-stateless\\\/2019\\\/08\\\/1b0e7314-gp0pp7_medium_res.jpg 1200w, https:\\\/\\\/www.greenpeace.org\\\/static\\\/planet4-brasil-stateless\\\/2019\\\/08\\\/1b0e7314-gp0pp7_medium_res-300x201.jpg 300w, https:\\\/\\\/www.greenpeace.org\\\/static\\\/planet4-brasil-stateless\\\/2019\\\/08\\\/1b0e7314-gp0pp7_medium_res-768x514.jpg 768w, https:\\\/\\\/www.greenpeace.org\\\/static\\\/planet4-brasil-stateless\\\/2019\\\/08\\\/1b0e7314-gp0pp7_medium_res-1024x685.jpg 1024w, https:\\\/\\\/www.greenpeace.org\\\/static\\\/planet4-brasil-stateless\\\/2019\\\/08\\\/1b0e7314-gp0pp7_medium_res-508x340.jpg 508w&quot;,&quot;image_sizes&quot;:false,&quot;alt_text&quot;:&quot;&quot;,&quot;caption&quot;:&quot;Madeira ilegal \\u00e9 pintada por ativistas com a palavra \\&quot;crime\\&quot;. Amazonas, 2001.&quot;,&quot;focus_image&quot;:&quot;&quot;,&quot;credits&quot;:&quot;\\u00a9 Daniel Beltr\\u00e1 \\\/ Greenpeace&quot;},{&quot;image_src&quot;:&quot;https:\\\/\\\/www.greenpeace.org\\\/static\\\/planet4-brasil-stateless\\\/2019\\\/08\\\/8c969f38-gp0hdc_medium_res.jpg&quot;,&quot;image_srcset&quot;:&quot;https:\\\/\\\/www.greenpeace.org\\\/static\\\/planet4-brasil-stateless\\\/2019\\\/08\\\/8c969f38-gp0hdc_medium_res.jpg 1200w, https:\\\/\\\/www.greenpeace.org\\\/static\\\/planet4-brasil-stateless\\\/2019\\\/08\\\/8c969f38-gp0hdc_medium_res-300x200.jpg 300w, https:\\\/\\\/www.greenpeace.org\\\/static\\\/planet4-brasil-stateless\\\/2019\\\/08\\\/8c969f38-gp0hdc_medium_res-768x512.jpg 768w, https:\\\/\\\/www.greenpeace.org\\\/static\\\/planet4-brasil-stateless\\\/2019\\\/08\\\/8c969f38-gp0hdc_medium_res-1024x683.jpg 1024w, https:\\\/\\\/www.greenpeace.org\\\/static\\\/planet4-brasil-stateless\\\/2019\\\/08\\\/8c969f38-gp0hdc_medium_res-510x340.jpg 510w&quot;,&quot;image_sizes&quot;:false,&quot;alt_text&quot;:&quot;&quot;,&quot;caption&quot;:&quot;Ativistas protestam contra desmatamento ilegal. Par\\u00e1, 2006.&quot;,&quot;focus_image&quot;:&quot;&quot;,&quot;credits&quot;:&quot;\\u00a9 Daniel Beltr\\u00e1 \\\/ Greenpeace&quot;},{&quot;image_src&quot;:&quot;https:\\\/\\\/www.greenpeace.org\\\/static\\\/planet4-brasil-stateless\\\/2019\\\/08\\\/18483a0c-gp02d3s_medium_res.jpg&quot;,&quot;image_srcset&quot;:&quot;https:\\\/\\\/www.greenpeace.org\\\/static\\\/planet4-brasil-stateless\\\/2019\\\/08\\\/18483a0c-gp02d3s_medium_res.jpg 1200w, https:\\\/\\\/www.greenpeace.org\\\/static\\\/planet4-brasil-stateless\\\/2019\\\/08\\\/18483a0c-gp02d3s_medium_res-300x200.jpg 300w, https:\\\/\\\/www.greenpeace.org\\\/static\\\/planet4-brasil-stateless\\\/2019\\\/08\\\/18483a0c-gp02d3s_medium_res-768x512.jpg 768w, https:\\\/\\\/www.greenpeace.org\\\/static\\\/planet4-brasil-stateless\\\/2019\\\/08\\\/18483a0c-gp02d3s_medium_res-1024x683.jpg 1024w, https:\\\/\\\/www.greenpeace.org\\\/static\\\/planet4-brasil-stateless\\\/2019\\\/08\\\/18483a0c-gp02d3s_medium_res-510x340.jpg 510w&quot;,&quot;image_sizes&quot;:false,&quot;alt_text&quot;:&quot;&quot;,&quot;caption&quot;:&quot;Protesto contra financiamento de energia nuclear. Rio de Janeiro, 2011.&quot;,&quot;focus_image&quot;:&quot;&quot;,&quot;credits&quot;:&quot;\\u00a9 Ivo Gonz\\u00e1lez \\\/ Greenpeace&quot;},{&quot;image_src&quot;:&quot;https:\\\/\\\/www.greenpeace.org\\\/static\\\/planet4-brasil-stateless\\\/2019\\\/08\\\/f5758084-gp0stpmdz_medium_res.jpg&quot;,&quot;image_srcset&quot;:&quot;https:\\\/\\\/www.greenpeace.org\\\/static\\\/planet4-brasil-stateless\\\/2019\\\/08\\\/f5758084-gp0stpmdz_medium_res.jpg 1200w, https:\\\/\\\/www.greenpeace.org\\\/static\\\/planet4-brasil-stateless\\\/2019\\\/08\\\/f5758084-gp0stpmdz_medium_res-300x200.jpg 300w, https:\\\/\\\/www.greenpeace.org\\\/static\\\/planet4-brasil-stateless\\\/2019\\\/08\\\/f5758084-gp0stpmdz_medium_res-768x512.jpg 768w, https:\\\/\\\/www.greenpeace.org\\\/static\\\/planet4-brasil-stateless\\\/2019\\\/08\\\/f5758084-gp0stpmdz_medium_res-1024x683.jpg 1024w, https:\\\/\\\/www.greenpeace.org\\\/static\\\/planet4-brasil-stateless\\\/2019\\\/08\\\/f5758084-gp0stpmdz_medium_res-510x340.jpg 510w&quot;,&quot;image_sizes&quot;:false,&quot;alt_text&quot;:&quot;&quot;,&quot;caption&quot;:&quot;Ind\\u00edgenas Munduruku protestam por um rio Tapaj\\u00f3s sem barragens e hidrel\\u00e9tricas. Terra Ind\\u00edgena Sawr\\u00e9 Muybu, Par\\u00e1, 2014.&quot;,&quot;focus_image&quot;:&quot;&quot;,&quot;credits&quot;:&quot;\\u00a9 Marizilda Cruppe \\\/ Greenpeace&quot;},{&quot;image_src&quot;:&quot;https:\\\/\\\/www.greenpeace.org\\\/static\\\/planet4-brasil-stateless\\\/2019\\\/08\\\/72d83bae-gp0stsxni_medium_res.jpg&quot;,&quot;image_srcset&quot;:&quot;https:\\\/\\\/www.greenpeace.org\\\/static\\\/planet4-brasil-stateless\\\/2019\\\/08\\\/72d83bae-gp0stsxni_medium_res.jpg 1199w, https:\\\/\\\/www.greenpeace.org\\\/static\\\/planet4-brasil-stateless\\\/2019\\\/08\\\/72d83bae-gp0stsxni_medium_res-300x225.jpg 300w, https:\\\/\\\/www.greenpeace.org\\\/static\\\/planet4-brasil-stateless\\\/2019\\\/08\\\/72d83bae-gp0stsxni_medium_res-768x576.jpg 768w, https:\\\/\\\/www.greenpeace.org\\\/static\\\/planet4-brasil-stateless\\\/2019\\\/08\\\/72d83bae-gp0stsxni_medium_res-1024x768.jpg 1024w, https:\\\/\\\/www.greenpeace.org\\\/static\\\/planet4-brasil-stateless\\\/2019\\\/08\\\/72d83bae-gp0stsxni_medium_res-453x340.jpg 453w&quot;,&quot;image_sizes&quot;:false,&quot;alt_text&quot;:&quot;&quot;,&quot;caption&quot;:&quot;Ativistas protestam pelo fim da gera\\u00e7\\u00e3o de energia com carv\\u00e3o. Alemanha, 2019.&quot;,&quot;focus_image&quot;:&quot;&quot;,&quot;credits&quot;:&quot;\\u00a9 Greenpeace&quot;},{&quot;image_src&quot;:&quot;https:\\\/\\\/www.greenpeace.org\\\/static\\\/planet4-brasil-stateless\\\/2019\\\/08\\\/578ac955-gp0stolo1_medium_res.jpg&quot;,&quot;image_srcset&quot;:&quot;https:\\\/\\\/www.greenpeace.org\\\/static\\\/planet4-brasil-stateless\\\/2019\\\/08\\\/578ac955-gp0stolo1_medium_res.jpg 1200w, https:\\\/\\\/www.greenpeace.org\\\/static\\\/planet4-brasil-stateless\\\/2019\\\/08\\\/578ac955-gp0stolo1_medium_res-300x200.jpg 300w, https:\\\/\\\/www.greenpeace.org\\\/static\\\/planet4-brasil-stateless\\\/2019\\\/08\\\/578ac955-gp0stolo1_medium_res-768x513.jpg 768w, https:\\\/\\\/www.greenpeace.org\\\/static\\\/planet4-brasil-stateless\\\/2019\\\/08\\\/578ac955-gp0stolo1_medium_res-1024x684.jpg 1024w, https:\\\/\\\/www.greenpeace.org\\\/static\\\/planet4-brasil-stateless\\\/2019\\\/08\\\/578ac955-gp0stolo1_medium_res-510x340.jpg 510w&quot;,&quot;image_sizes&quot;:false,&quot;alt_text&quot;:&quot;&quot;,&quot;caption&quot;:&quot;Est\\u00e1tua da Liberdade submersa chama aten\\u00e7\\u00e3o para aumento do n\\u00edvel do mar. Noruega, 2014. &quot;,&quot;focus_image&quot;:&quot;&quot;,&quot;credits&quot;:&quot;\\u00a9 Christian \\u00c5slund \\\/ Greenpeace.&quot;},{&quot;image_src&quot;:&quot;https:\\\/\\\/www.greenpeace.org\\\/static\\\/planet4-brasil-stateless\\\/2019\\\/08\\\/71443055-gp0stphrx_medium_res.jpg&quot;,&quot;image_srcset&quot;:&quot;https:\\\/\\\/www.greenpeace.org\\\/static\\\/planet4-brasil-stateless\\\/2019\\\/08\\\/71443055-gp0stphrx_medium_res.jpg 1200w, https:\\\/\\\/www.greenpeace.org\\\/static\\\/planet4-brasil-stateless\\\/2019\\\/08\\\/71443055-gp0stphrx_medium_res-300x225.jpg 300w, https:\\\/\\\/www.greenpeace.org\\\/static\\\/planet4-brasil-stateless\\\/2019\\\/08\\\/71443055-gp0stphrx_medium_res-768x576.jpg 768w, https:\\\/\\\/www.greenpeace.org\\\/static\\\/planet4-brasil-stateless\\\/2019\\\/08\\\/71443055-gp0stphrx_medium_res-1024x768.jpg 1024w, https:\\\/\\\/www.greenpeace.org\\\/static\\\/planet4-brasil-stateless\\\/2019\\\/08\\\/71443055-gp0stphrx_medium_res-453x340.jpg 453w&quot;,&quot;image_sizes&quot;:false,&quot;alt_text&quot;:&quot;&quot;,&quot;caption&quot;:&quot;Pintando as ruas de Paris com uma tinta amarela n\\u00e3o-poluente e \\u00e0 base de \\u00e1gua, ativistas protestam por energias renov\\u00e1veis, como a energia solar. Fran\\u00e7a, 2015. &quot;,&quot;focus_image&quot;:&quot;&quot;,&quot;credits&quot;:&quot;\\u00a9 Greenpeace&quot;},{&quot;image_src&quot;:&quot;https:\\\/\\\/www.greenpeace.org\\\/static\\\/planet4-brasil-stateless\\\/2019\\\/08\\\/53bcb745-gp0stquzj_medium_res.jpg&quot;,&quot;image_srcset&quot;:&quot;https:\\\/\\\/www.greenpeace.org\\\/static\\\/planet4-brasil-stateless\\\/2019\\\/08\\\/53bcb745-gp0stquzj_medium_res.jpg 1200w, https:\\\/\\\/www.greenpeace.org\\\/static\\\/planet4-brasil-stateless\\\/2019\\\/08\\\/53bcb745-gp0stquzj_medium_res-300x200.jpg 300w, https:\\\/\\\/www.greenpeace.org\\\/static\\\/planet4-brasil-stateless\\\/2019\\\/08\\\/53bcb745-gp0stquzj_medium_res-768x512.jpg 768w, https:\\\/\\\/www.greenpeace.org\\\/static\\\/planet4-brasil-stateless\\\/2019\\\/08\\\/53bcb745-gp0stquzj_medium_res-1024x683.jpg 1024w, https:\\\/\\\/www.greenpeace.org\\\/static\\\/planet4-brasil-stateless\\\/2019\\\/08\\\/53bcb745-gp0stquzj_medium_res-510x340.jpg 510w&quot;,&quot;image_sizes&quot;:false,&quot;alt_text&quot;:&quot;&quot;,&quot;caption&quot;:&quot;Objetos gigantes s\\u00e3o usados em protesto contra a polui\\u00e7\\u00e3o de pl\\u00e1sticos. Mar Mediterr\\u00e2neo, Espanha, 2017.&quot;,&quot;focus_image&quot;:&quot;&quot;,&quot;credits&quot;:&quot;\\u00a9 Pedro Armestre \\\/ Greenpeace&quot;}]}}\"><\/div>\n<p>Neste 19 de agosto, Dia Mundial da Fotografia, agradecemos a todas as pessoas que j\u00e1 usaram suas c\u00e2meras, seus olhares, suas criatividades e seus cora\u00e7\u00f5es e caminharam conosco neste desafio intermin\u00e1vel que \u00e9 se manifestar por um mundo melhor. Aqui fica o nosso <strong>muito obrigado<\/strong> aos profissionais de imagem que trabalharam e trabalham conosco.<\/p>\n\n<p>Deixamos tamb\u00e9m um pedido a todas as pessoas: sonhem grande. Embarquem nas fotos que inspiram dias melhores. Sofram com as imagens que apontam problemas e deixam a alma inquieta. Mantenham acesa a chama da indigna\u00e7\u00e3o e da vontade de mudan\u00e7a. Vivam com a certeza de que \u00e9 poss\u00edvel mudar o mundo. Sonhem grande.<\/p>\n\n<p>Ideias podem mudar o mundo. Imagens podem mudar o mundo. Imaginar um mundo novo, mais justo, mais verde e repleto de paz pode parecer um sonho. Mas transformar essa imagina\u00e7\u00e3o em imagem \u00e9 o primeiro passo para fazer o sonho virar realidade.<\/p>\n\n<p>Desde 1971, estamos escrevendo uma hist\u00f3ria com milhares de imagens e milh\u00f5es de palavras, mas com um \u00fanico sonho: paz verde.<\/p>\n\n<p>E voc\u00ea? Quando pensa no Greenpeace, que imagem vem \u00e0 cabe\u00e7a? Quando pensa em um mundo melhor, que fotografia est\u00e1 impressa na sua mente?<\/p>\n","protected":false},"excerpt":{"rendered":"<p>No Dia Mundial da Fotografia, celebramos as imagens poderosas que nos fazem pensar, agir e sonhar.<\/p>\n","protected":false},"author":28,"featured_media":10656,"comment_status":"open","ping_status":"closed","sticky":false,"template":"","format":"standard","meta":{"ep_exclude_from_search":false,"p4_og_title":"","p4_og_description":"","p4_og_image":"","p4_og_image_id":"","p4_seo_canonical_url":"","p4_campaign_name":"not set","p4_local_project":"not set","p4_basket_name":"not set","p4_department":"","footnotes":""},"categories":[4],"tags":[13],"p4-page-type":[16],"class_list":["post-10632","post","type-post","status-publish","format-standard","has-post-thumbnail","hentry","category-ativismo","tag-greenpeace","p4-page-type-blog"],"_links":{"self":[{"href":"https:\/\/www.greenpeace.org\/brasil\/wp-json\/wp\/v2\/posts\/10632","targetHints":{"allow":["GET"]}}],"collection":[{"href":"https:\/\/www.greenpeace.org\/brasil\/wp-json\/wp\/v2\/posts"}],"about":[{"href":"https:\/\/www.greenpeace.org\/brasil\/wp-json\/wp\/v2\/types\/post"}],"author":[{"embeddable":true,"href":"https:\/\/www.greenpeace.org\/brasil\/wp-json\/wp\/v2\/users\/28"}],"replies":[{"embeddable":true,"href":"https:\/\/www.greenpeace.org\/brasil\/wp-json\/wp\/v2\/comments?post=10632"}],"version-history":[{"count":7,"href":"https:\/\/www.greenpeace.org\/brasil\/wp-json\/wp\/v2\/posts\/10632\/revisions"}],"predecessor-version":[{"id":56806,"href":"https:\/\/www.greenpeace.org\/brasil\/wp-json\/wp\/v2\/posts\/10632\/revisions\/56806"}],"wp:featuredmedia":[{"embeddable":true,"href":"https:\/\/www.greenpeace.org\/brasil\/wp-json\/wp\/v2\/media\/10656"}],"wp:attachment":[{"href":"https:\/\/www.greenpeace.org\/brasil\/wp-json\/wp\/v2\/media?parent=10632"}],"wp:term":[{"taxonomy":"category","embeddable":true,"href":"https:\/\/www.greenpeace.org\/brasil\/wp-json\/wp\/v2\/categories?post=10632"},{"taxonomy":"post_tag","embeddable":true,"href":"https:\/\/www.greenpeace.org\/brasil\/wp-json\/wp\/v2\/tags?post=10632"},{"taxonomy":"p4-page-type","embeddable":true,"href":"https:\/\/www.greenpeace.org\/brasil\/wp-json\/wp\/v2\/p4-page-type?post=10632"}],"curies":[{"name":"wp","href":"https:\/\/api.w.org\/{rel}","templated":true}]}}