{"id":10895,"date":"2019-08-26T19:39:19","date_gmt":"2019-08-26T22:39:19","guid":{"rendered":"https:\/\/www.greenpeace.org\/brasil\/?p=10895"},"modified":"2025-06-23T11:37:03","modified_gmt":"2025-06-23T14:37:03","slug":"quem-planta-vento-colhe-tempestade-as-consequencias-do-retrocesso-ambiental","status":"publish","type":"post","link":"https:\/\/www.greenpeace.org\/brasil\/blog\/quem-planta-vento-colhe-tempestade-as-consequencias-do-retrocesso-ambiental\/","title":{"rendered":"Quem planta vento, colhe tempestade: as consequ\u00eancias do retrocesso ambiental"},"content":{"rendered":"<h4>O desmonte da pol\u00edtica ambiental sob o governo Bolsonaro j\u00e1 apresenta seus primeiros resultados, alta no desmatamento e no n\u00famero de focos de queimadas na Amaz\u00f4nia<\/h4>\n<div data-render=\"planet4-blocks\/gallery\" data-attributes=\"{&quot;attributes&quot;:{&quot;gallery_block_style&quot;:0,&quot;gallery_block_title&quot;:&quot;&quot;,&quot;gallery_block_description&quot;:&quot;&quot;,&quot;multiple_image&quot;:&quot;&quot;,&quot;gallery_block_focus_points&quot;:&quot;&quot;,&quot;image_data&quot;:[],&quot;images&quot;:[]}}\"><\/div><p>Diante da evidente alta do desmatamento e do aumento de 145% no n\u00famero de focos de calor na Amaz\u00f4nia, o Greenpeace Brasil sobrevoou nos \u00faltimos dias \u00e1reas cr\u00edticas que traduzem claramente o descontrole do desmatamento, bem como a onda de fogo que varre a regi\u00e3o, que al\u00e9m de destruir grandes por\u00e7\u00f5es de floresta, v\u00eam colocando em risco a biodiversidade das terras ind\u00edgenas e unidades de conserva\u00e7\u00e3o.<\/p>\n<p>O que estamos testemunhando n\u00e3o \u00e9 fruto do acaso, muito menos culpa da esta\u00e7\u00e3o seca que sempre fez parte do clima da Amaz\u00f4nia. Dados do Instituto de Pesquisa Ambiental da Amaz\u00f4nia (Ipam) revelam que, desde o in\u00edcio da esta\u00e7\u00e3o seca, entre os dez munic\u00edpios com as maiores taxas de desmatamento e focos de calor, a maior parte n\u00e3o acumulou mais que 20 dias sem chuva, desmentindo o discurso de que estamos vivendo sob a influ\u00eancia de um evento de seca extrema.<\/p>\n<p>Isso \u00e9 fruto da ret\u00f3rica anti-ambiental do governo Bolsonaro. Ao reduzir em 50% o n\u00famero de opera\u00e7\u00f5es do Ibama, por exemplo, o governo emitiu sinais negativos em rela\u00e7\u00e3o a prote\u00e7\u00e3o do meio ambiente e permitiu que a regi\u00e3o fosse contaminada por um sentimento de impunidade, que levou um grande n\u00famero de fazendeiros e grileiros a agirem \u00e0 margem da lei, e at\u00e9 mesmo a anunciarem publicamente a inten\u00e7\u00e3o de derrubar e queimar extensas de \u00e1reas de floresta, sem nenhum constrangimento. Como resultado, os focos de calor na Amaz\u00f4nia representam nada menos que 50% dos focos do Brasil atualmente.<\/p>\n<p>Durante os sobrevoos de monitoramento realizados nos \u00faltimos dias, conseguimos confirmar que muitas \u00e1reas que agora estavam queimando, ao longo da BR 163, j\u00e1 haviam sido detectadas pelo sistema de alertas de desmatamento DETER deste ano. Apesar de ter sido alvo de frequentes alertas, a gravidade da situa\u00e7\u00e3o foi solenemente ignorada pelo governo, que preferiu colocar em d\u00favida a qualidade e a veracidade dos dados apresentados pelo Instituto de Pesquisas Espaciais (Inpe).<\/p>\n<p>O momento atual exige que Bolsonaro reconhe\u00e7a e combata a percep\u00e7\u00e3o de impunidade criada por sua ret\u00f3rica contra o meio ambiente e assuma, de uma vez por todas, suas responsabilidades com a prote\u00e7\u00e3o da Amaz\u00f4nia, conforme prev\u00ea a constitui\u00e7\u00e3o brasileira.<\/p>\n<p>Daqui da Amaz\u00f4nia ou de qualquer outro lugar, seguiremos informando a sociedade brasileira e exigindo o fortalecimento da pol\u00edtica ambiental brasileira, a prote\u00e7\u00e3o da Amaz\u00f4nia, tal como todos os compromissos assumidos no combate a crise clim\u00e1tica global.<\/p>\n<div class=\"EmptyMessage\">Block content is empty. Check the block&#8217;s settings or remove it.<\/div>","protected":false},"excerpt":{"rendered":"<p>O desmonte da pol\u00edtica ambiental sob o governo Bolsonaro j\u00e1 apresenta seus primeiros resultados, alta no desmatamento e no n\u00famero de focos de queimadas na Amaz\u00f4nia <\/p>\n","protected":false},"author":24,"featured_media":10887,"comment_status":"open","ping_status":"closed","sticky":false,"template":"","format":"standard","meta":{"ep_exclude_from_search":false,"p4_og_title":"","p4_og_description":"","p4_og_image":"","p4_og_image_id":"","p4_seo_canonical_url":"","p4_campaign_name":"","p4_local_project":"","p4_basket_name":"","p4_department":"","footnotes":""},"categories":[3],"tags":[6,22],"p4-page-type":[16],"class_list":["post-10895","post","type-post","status-publish","format-standard","has-post-thumbnail","hentry","category-proteja-a-natureza","tag-clima","tag-florestas","p4-page-type-blog"],"_links":{"self":[{"href":"https:\/\/www.greenpeace.org\/brasil\/wp-json\/wp\/v2\/posts\/10895","targetHints":{"allow":["GET"]}}],"collection":[{"href":"https:\/\/www.greenpeace.org\/brasil\/wp-json\/wp\/v2\/posts"}],"about":[{"href":"https:\/\/www.greenpeace.org\/brasil\/wp-json\/wp\/v2\/types\/post"}],"author":[{"embeddable":true,"href":"https:\/\/www.greenpeace.org\/brasil\/wp-json\/wp\/v2\/users\/24"}],"replies":[{"embeddable":true,"href":"https:\/\/www.greenpeace.org\/brasil\/wp-json\/wp\/v2\/comments?post=10895"}],"version-history":[{"count":7,"href":"https:\/\/www.greenpeace.org\/brasil\/wp-json\/wp\/v2\/posts\/10895\/revisions"}],"predecessor-version":[{"id":57896,"href":"https:\/\/www.greenpeace.org\/brasil\/wp-json\/wp\/v2\/posts\/10895\/revisions\/57896"}],"wp:featuredmedia":[{"embeddable":true,"href":"https:\/\/www.greenpeace.org\/brasil\/wp-json\/wp\/v2\/media\/10887"}],"wp:attachment":[{"href":"https:\/\/www.greenpeace.org\/brasil\/wp-json\/wp\/v2\/media?parent=10895"}],"wp:term":[{"taxonomy":"category","embeddable":true,"href":"https:\/\/www.greenpeace.org\/brasil\/wp-json\/wp\/v2\/categories?post=10895"},{"taxonomy":"post_tag","embeddable":true,"href":"https:\/\/www.greenpeace.org\/brasil\/wp-json\/wp\/v2\/tags?post=10895"},{"taxonomy":"p4-page-type","embeddable":true,"href":"https:\/\/www.greenpeace.org\/brasil\/wp-json\/wp\/v2\/p4-page-type?post=10895"}],"curies":[{"name":"wp","href":"https:\/\/api.w.org\/{rel}","templated":true}]}}