{"id":10961,"date":"2019-08-29T17:14:02","date_gmt":"2019-08-29T20:14:02","guid":{"rendered":"https:\/\/www.greenpeace.org\/brasil\/?p=10961"},"modified":"2024-04-03T14:08:23","modified_gmt":"2024-04-03T17:08:23","slug":"caetano-veloso-alinne-moraes-sonia-braga-e-manifestantes-se-uniram-para-exigir-a-protecao-da-amazonia","status":"publish","type":"post","link":"https:\/\/www.greenpeace.org\/brasil\/blog\/caetano-veloso-alinne-moraes-sonia-braga-e-manifestantes-se-uniram-para-exigir-a-protecao-da-amazonia\/","title":{"rendered":"Caetano Veloso, Alinne Moraes, S\u00f4nia Braga e manifestantes se uniram para exigir a prote\u00e7\u00e3o da Amaz\u00f4nia"},"content":{"rendered":"<h4>Ativistas e muitos artistas se juntaram ao Greenpeace e a milhares de pessoas e foram \u00e0s ruas pela causa ambiental em diferentes cidades do pa\u00eds<\/h4>\n<div id=\"attachment_10962\" style=\"width: 8266px\" class=\"wp-caption alignnone\"><img loading=\"lazy\" decoding=\"async\" aria-describedby=\"caption-attachment-10962\" class=\"size-full wp-image-10962\" src=\"https:\/\/www.greenpeace.org\/static\/planet4-brasil-stateless\/2019\/08\/e5a463c4-2019-08-25-todospelamazonia-@-praia-de-ipanema-por-renan-olivetti-greenpeace-8279.jpg\" alt=\"\" width=\"8256\" height=\"5504\" srcset=\"https:\/\/www.greenpeace.org\/static\/planet4-brasil-stateless\/2019\/08\/e5a463c4-2019-08-25-todospelamazonia-@-praia-de-ipanema-por-renan-olivetti-greenpeace-8279.jpg 8256w, https:\/\/www.greenpeace.org\/static\/planet4-brasil-stateless\/2019\/08\/e5a463c4-2019-08-25-todospelamazonia-@-praia-de-ipanema-por-renan-olivetti-greenpeace-8279-300x200.jpg 300w, https:\/\/www.greenpeace.org\/static\/planet4-brasil-stateless\/2019\/08\/e5a463c4-2019-08-25-todospelamazonia-@-praia-de-ipanema-por-renan-olivetti-greenpeace-8279-768x512.jpg 768w, https:\/\/www.greenpeace.org\/static\/planet4-brasil-stateless\/2019\/08\/e5a463c4-2019-08-25-todospelamazonia-@-praia-de-ipanema-por-renan-olivetti-greenpeace-8279-1024x683.jpg 1024w, https:\/\/www.greenpeace.org\/static\/planet4-brasil-stateless\/2019\/08\/e5a463c4-2019-08-25-todospelamazonia-@-praia-de-ipanema-por-renan-olivetti-greenpeace-8279-2048x1366.jpg 2048w, https:\/\/www.greenpeace.org\/static\/planet4-brasil-stateless\/2019\/08\/e5a463c4-2019-08-25-todospelamazonia-@-praia-de-ipanema-por-renan-olivetti-greenpeace-8279-510x340.jpg 510w\" sizes=\"auto, (max-width: 8256px) 100vw, 8256px\" \/><p id=\"caption-attachment-10962\" class=\"wp-caption-text\">Volunt\u00e1rios em mobiliza\u00e7\u00e3o pela Amaz\u00f4nia no Rio de Janeiro<\/p><\/div>\n<p>\u201cVem pra rua vem pela Amaz\u00f4nia\u201d. Esse foi o coro cantado por milhares de pessoas no Brasil, entre os dias 23 e 25 de agosto, em mobiliza\u00e7\u00f5es ao redor do pa\u00eds que exigiram a prote\u00e7\u00e3o da Amaz\u00f4nia.<\/p>\n<p>Na semana passada, os brasileiros se surpreenderam com o aumento do n\u00famero de queimadas acontecendo na maior floresta tropical do mundo, que \u00e9 vital para regular o clima no planeta. A floresta parecia estar pedindo ajuda. E a resposta n\u00e3o demorou para chegar.<\/p>\n<p>A amea\u00e7a do desmatamento e das intensas queimadas na floresta levou artistas e uma multid\u00e3o de manifestantes para a orla de Ipanema, no Rio de Janeiro, no \u00faltimo domingo, 25. Personalidades como Caetano Veloso, Criolo, Alinne Moraes, S\u00e9rgio Marone, Mateus Solano, Maria Paula, Majur entre outros, puxaram o ato que caminhou em dire\u00e7\u00e3o ao Leblon, ao som de cl\u00e1ssicos da MPB como \u201cSal da Terra\u201d, \u201cAmor de \u00edndio\u201d e \u201cAsa branca\u201d e muitos gritos de ordem.<\/p>\n<p>&#8220;A gente precisa parar para entender como a Amaz\u00f4nia precisa de ajuda e \u00e9 por isso que estamos aqui todos unidos para chamar aten\u00e7\u00e3o realmente para o absurdo que est\u00e1 acontecendo. Trouxemos nossas crian\u00e7as e estamos aqui realmente pelo futuro. Muita luta ainda nos aguarda&#8221;, diz emocionada a atriz Alinne Moraes.<\/p>\n\n\t\t<style type=\"text\/css\">\n\t\t\t#gallery-1 {\n\t\t\t\tmargin: auto;\n\t\t\t}\n\t\t\t#gallery-1 .gallery-item {\n\t\t\t\tfloat: left;\n\t\t\t\tmargin-top: 10px;\n\t\t\t\ttext-align: center;\n\t\t\t\twidth: 33%;\n\t\t\t}\n\t\t\t#gallery-1 img {\n\t\t\t\tborder: 2px solid #cfcfcf;\n\t\t\t}\n\t\t\t#gallery-1 .gallery-caption {\n\t\t\t\tmargin-left: 0;\n\t\t\t}\n\t\t\t\/* see gallery_shortcode() in wp-includes\/media.php *\/\n\t\t<\/style>\n\t\t<div id='gallery-1' class='gallery galleryid-10961 gallery-columns-3 gallery-size-thumbnail'><dl class='gallery-item'>\n\t\t\t<dt class='gallery-icon landscape'>\n\t\t\t\t<img loading=\"lazy\" decoding=\"async\" width=\"150\" height=\"150\" src=\"https:\/\/www.greenpeace.org\/static\/planet4-brasil-stateless\/2019\/08\/9dac252c-2019-08-25-todospelamazonia-@-praia-de-ipanema-por-renan-olivetti-greenpeace-8363-150x150.jpg\" class=\"attachment-thumbnail size-thumbnail wp-stateless-item\" alt=\"\" aria-describedby=\"gallery-1-10972\" data-image-size=\"thumbnail\" data-stateless-media-bucket=\"planet4-brasil-stateless\" data-stateless-media-name=\"2019\/08\/9dac252c-2019-08-25-todospelamazonia-@-praia-de-ipanema-por-renan-olivetti-greenpeace-8363.jpg\" \/>\n\t\t\t<\/dt>\n\t\t\t\t<dd class='wp-caption-text gallery-caption' id='gallery-1-10972'>\n\t\t\t\tDiversos manifestantes e artistas se juntaram na praia de Ipanema pela defesa da Amaz\u00f4nia\n\t\t\t\t<\/dd><\/dl><dl class='gallery-item'>\n\t\t\t<dt class='gallery-icon landscape'>\n\t\t\t\t<img loading=\"lazy\" decoding=\"async\" width=\"150\" height=\"150\" src=\"https:\/\/www.greenpeace.org\/static\/planet4-brasil-stateless\/2019\/08\/39b81623-2019-08-25-todospelamazonia-@-praia-de-ipanema-por-renan-olivetti-greenpeace-7934-150x150.jpg\" class=\"attachment-thumbnail size-thumbnail wp-stateless-item\" alt=\"\" aria-describedby=\"gallery-1-10975\" data-image-size=\"thumbnail\" data-stateless-media-bucket=\"planet4-brasil-stateless\" data-stateless-media-name=\"2019\/08\/39b81623-2019-08-25-todospelamazonia-@-praia-de-ipanema-por-renan-olivetti-greenpeace-7934.jpg\" \/>\n\t\t\t<\/dt>\n\t\t\t\t<dd class='wp-caption-text gallery-caption' id='gallery-1-10975'>\n\t\t\t\tDiversos manifestantes e artistas se juntaram na praia de Ipanema pela defesa da Amaz\u00f4nia\n\t\t\t\t<\/dd><\/dl><dl class='gallery-item'>\n\t\t\t<dt class='gallery-icon landscape'>\n\t\t\t\t<img loading=\"lazy\" decoding=\"async\" width=\"150\" height=\"150\" src=\"https:\/\/www.greenpeace.org\/static\/planet4-brasil-stateless\/2019\/08\/0140aa91-2019-08-25-todospelamazonia-@-praia-de-ipanema-por-renan-olivetti-greenpeace-8685-150x150.jpg\" class=\"attachment-thumbnail size-thumbnail wp-stateless-item\" alt=\"\" aria-describedby=\"gallery-1-10966\" data-image-size=\"thumbnail\" data-stateless-media-bucket=\"planet4-brasil-stateless\" data-stateless-media-name=\"2019\/08\/0140aa91-2019-08-25-todospelamazonia-@-praia-de-ipanema-por-renan-olivetti-greenpeace-8685.jpg\" \/>\n\t\t\t<\/dt>\n\t\t\t\t<dd class='wp-caption-text gallery-caption' id='gallery-1-10966'>\n\t\t\t\tDiversos manifestantes e artistas se juntaram na praia de Ipanema pela defesa da Amaz\u00f4nia\n\t\t\t\t<\/dd><\/dl><br style=\"clear: both\" \/><dl class='gallery-item'>\n\t\t\t<dt class='gallery-icon landscape'>\n\t\t\t\t<img loading=\"lazy\" decoding=\"async\" width=\"150\" height=\"150\" src=\"https:\/\/www.greenpeace.org\/static\/planet4-brasil-stateless\/2019\/08\/20fa81e8-2019-08-25-todospelamazonia-@-praia-de-ipanema-por-renan-olivetti-greenpeace-8099-1-150x150.jpg\" class=\"attachment-thumbnail size-thumbnail wp-stateless-item\" alt=\"\" aria-describedby=\"gallery-1-10973\" data-image-size=\"thumbnail\" data-stateless-media-bucket=\"planet4-brasil-stateless\" data-stateless-media-name=\"2019\/08\/20fa81e8-2019-08-25-todospelamazonia-@-praia-de-ipanema-por-renan-olivetti-greenpeace-8099-1.jpg\" \/>\n\t\t\t<\/dt>\n\t\t\t\t<dd class='wp-caption-text gallery-caption' id='gallery-1-10973'>\n\t\t\t\tDiversos manifestantes e artistas se juntaram na praia de Ipanema pela defesa da Amaz\u00f4nia\n\t\t\t\t<\/dd><\/dl><dl class='gallery-item'>\n\t\t\t<dt class='gallery-icon landscape'>\n\t\t\t\t<img loading=\"lazy\" decoding=\"async\" width=\"150\" height=\"150\" src=\"https:\/\/www.greenpeace.org\/static\/planet4-brasil-stateless\/2019\/08\/1582a19c-2019-08-25-todospelamazonia-@-praia-de-ipanema-por-renan-olivetti-greenpeace-8554-150x150.jpg\" class=\"attachment-thumbnail size-thumbnail wp-stateless-item\" alt=\"\" aria-describedby=\"gallery-1-10970\" data-image-size=\"thumbnail\" data-stateless-media-bucket=\"planet4-brasil-stateless\" data-stateless-media-name=\"2019\/08\/1582a19c-2019-08-25-todospelamazonia-@-praia-de-ipanema-por-renan-olivetti-greenpeace-8554.jpg\" \/>\n\t\t\t<\/dt>\n\t\t\t\t<dd class='wp-caption-text gallery-caption' id='gallery-1-10970'>\n\t\t\t\tDiversos manifestantes e artistas se juntaram na praia de Ipanema pela defesa da Amaz\u00f4nia\n\t\t\t\t<\/dd><\/dl><dl class='gallery-item'>\n\t\t\t<dt class='gallery-icon landscape'>\n\t\t\t\t<img loading=\"lazy\" decoding=\"async\" width=\"150\" height=\"150\" src=\"https:\/\/www.greenpeace.org\/static\/planet4-brasil-stateless\/2019\/08\/407a5754-2019-08-25-todospelamazonia-@-praia-de-ipanema-por-renan-olivetti-greenpeace-8327-150x150.jpg\" class=\"attachment-thumbnail size-thumbnail wp-stateless-item\" alt=\"\" aria-describedby=\"gallery-1-10971\" data-image-size=\"thumbnail\" data-stateless-media-bucket=\"planet4-brasil-stateless\" data-stateless-media-name=\"2019\/08\/407a5754-2019-08-25-todospelamazonia-@-praia-de-ipanema-por-renan-olivetti-greenpeace-8327.jpg\" \/>\n\t\t\t<\/dt>\n\t\t\t\t<dd class='wp-caption-text gallery-caption' id='gallery-1-10971'>\n\t\t\t\tDiversos manifestantes e artistas se juntaram na praia de Ipanema pela defesa da Amaz\u00f4nia\n\t\t\t\t<\/dd><\/dl><br style=\"clear: both\" \/><dl class='gallery-item'>\n\t\t\t<dt class='gallery-icon landscape'>\n\t\t\t\t<img loading=\"lazy\" decoding=\"async\" width=\"150\" height=\"150\" src=\"https:\/\/www.greenpeace.org\/static\/planet4-brasil-stateless\/2019\/08\/4fdfce4e-2019-08-25-todospelamazonia-@-praia-de-ipanema-por-renan-olivetti-greenpeace-7940-150x150.jpg\" class=\"attachment-thumbnail size-thumbnail wp-stateless-item\" alt=\"\" aria-describedby=\"gallery-1-10964\" data-image-size=\"thumbnail\" data-stateless-media-bucket=\"planet4-brasil-stateless\" data-stateless-media-name=\"2019\/08\/4fdfce4e-2019-08-25-todospelamazonia-@-praia-de-ipanema-por-renan-olivetti-greenpeace-7940.jpg\" \/>\n\t\t\t<\/dt>\n\t\t\t\t<dd class='wp-caption-text gallery-caption' id='gallery-1-10964'>\n\t\t\t\tDiversos manifestantes e artistas se juntaram na praia de Ipanema pela defesa da Amaz\u00f4nia\n\t\t\t\t<\/dd><\/dl><dl class='gallery-item'>\n\t\t\t<dt class='gallery-icon landscape'>\n\t\t\t\t<img loading=\"lazy\" decoding=\"async\" width=\"150\" height=\"150\" src=\"https:\/\/www.greenpeace.org\/static\/planet4-brasil-stateless\/2019\/08\/ba88c67d-2019-08-25-todospelamazonia-@-praia-de-ipanema-por-renan-olivetti-greenpeace-8648-150x150.jpg\" class=\"attachment-thumbnail size-thumbnail wp-stateless-item\" alt=\"\" aria-describedby=\"gallery-1-10969\" data-image-size=\"thumbnail\" data-stateless-media-bucket=\"planet4-brasil-stateless\" data-stateless-media-name=\"2019\/08\/ba88c67d-2019-08-25-todospelamazonia-@-praia-de-ipanema-por-renan-olivetti-greenpeace-8648.jpg\" \/>\n\t\t\t<\/dt>\n\t\t\t\t<dd class='wp-caption-text gallery-caption' id='gallery-1-10969'>\n\t\t\t\tDiversos manifestantes e artistas se juntaram na praia de Ipanema pela defesa da Amaz\u00f4nia\n\t\t\t\t<\/dd><\/dl><dl class='gallery-item'>\n\t\t\t<dt class='gallery-icon landscape'>\n\t\t\t\t<img loading=\"lazy\" decoding=\"async\" width=\"150\" height=\"150\" src=\"https:\/\/www.greenpeace.org\/static\/planet4-brasil-stateless\/2019\/08\/a9c5647e-2019-08-25-todospelamazonia-@-praia-de-ipanema-por-renan-olivetti-greenpeace-8404-150x150.jpg\" class=\"attachment-thumbnail size-thumbnail wp-stateless-item\" alt=\"\" aria-describedby=\"gallery-1-10968\" data-image-size=\"thumbnail\" data-stateless-media-bucket=\"planet4-brasil-stateless\" data-stateless-media-name=\"2019\/08\/a9c5647e-2019-08-25-todospelamazonia-@-praia-de-ipanema-por-renan-olivetti-greenpeace-8404.jpg\" \/>\n\t\t\t<\/dt>\n\t\t\t\t<dd class='wp-caption-text gallery-caption' id='gallery-1-10968'>\n\t\t\t\tDiversos manifestantes e artistas se juntaram na praia de Ipanema pela defesa da Amaz\u00f4nia\n\t\t\t\t<\/dd><\/dl><br style=\"clear: both\" \/><dl class='gallery-item'>\n\t\t\t<dt class='gallery-icon landscape'>\n\t\t\t\t<img loading=\"lazy\" decoding=\"async\" width=\"150\" height=\"150\" src=\"https:\/\/www.greenpeace.org\/static\/planet4-brasil-stateless\/2019\/08\/f0eba1c8-2019-08-25-todospelamazonia-@-praia-de-ipanema-por-renan-olivetti-greenpeace-8866-150x150.jpg\" class=\"attachment-thumbnail size-thumbnail wp-stateless-item\" alt=\"\" aria-describedby=\"gallery-1-10965\" data-image-size=\"thumbnail\" data-stateless-media-bucket=\"planet4-brasil-stateless\" data-stateless-media-name=\"2019\/08\/f0eba1c8-2019-08-25-todospelamazonia-@-praia-de-ipanema-por-renan-olivetti-greenpeace-8866.jpg\" \/>\n\t\t\t<\/dt>\n\t\t\t\t<dd class='wp-caption-text gallery-caption' id='gallery-1-10965'>\n\t\t\t\tDiversos manifestantes e artistas se juntaram na praia de Ipanema pela defesa da Amaz\u00f4nia\n\t\t\t\t<\/dd><\/dl><dl class='gallery-item'>\n\t\t\t<dt class='gallery-icon landscape'>\n\t\t\t\t<img loading=\"lazy\" decoding=\"async\" width=\"150\" height=\"150\" src=\"https:\/\/www.greenpeace.org\/static\/planet4-brasil-stateless\/2019\/08\/a0998e6b-2019-08-25-todospelamazonia-@-praia-de-ipanema-por-renan-olivetti-greenpeace-8797-150x150.jpg\" class=\"attachment-thumbnail size-thumbnail wp-stateless-item\" alt=\"\" aria-describedby=\"gallery-1-10963\" data-image-size=\"thumbnail\" data-stateless-media-bucket=\"planet4-brasil-stateless\" data-stateless-media-name=\"2019\/08\/a0998e6b-2019-08-25-todospelamazonia-@-praia-de-ipanema-por-renan-olivetti-greenpeace-8797.jpg\" \/>\n\t\t\t<\/dt>\n\t\t\t\t<dd class='wp-caption-text gallery-caption' id='gallery-1-10963'>\n\t\t\t\tDiversos manifestantes e artistas se juntaram na praia de Ipanema pela defesa da Amaz\u00f4nia\n\t\t\t\t<\/dd><\/dl><dl class='gallery-item'>\n\t\t\t<dt class='gallery-icon landscape'>\n\t\t\t\t<img loading=\"lazy\" decoding=\"async\" width=\"150\" height=\"150\" src=\"https:\/\/www.greenpeace.org\/static\/planet4-brasil-stateless\/2019\/08\/0839bce0-2019-08-25-todospelamazonia-@-praia-de-ipanema-por-renan-olivetti-greenpeace-8260-150x150.jpg\" class=\"attachment-thumbnail size-thumbnail wp-stateless-item\" alt=\"\" aria-describedby=\"gallery-1-10974\" data-image-size=\"thumbnail\" data-stateless-media-bucket=\"planet4-brasil-stateless\" data-stateless-media-name=\"2019\/08\/0839bce0-2019-08-25-todospelamazonia-@-praia-de-ipanema-por-renan-olivetti-greenpeace-8260.jpg\" \/>\n\t\t\t<\/dt>\n\t\t\t\t<dd class='wp-caption-text gallery-caption' id='gallery-1-10974'>\n\t\t\t\tDiversos manifestantes e artistas se juntaram na praia de Ipanema pela defesa da Amaz\u00f4nia\n\t\t\t\t<\/dd><\/dl><br style=\"clear: both\" \/>\n\t\t<\/div>\n\n<p>Na orla do Rio de Janeiro, manifestantes de todas as idades se uniram para pedir a prote\u00e7\u00e3o \u00e0 Amaz\u00f4nia. Crian\u00e7as, idosos, jovens e adultos traziam faixas, bandeiras e cartazes com mensagens como &#8220;Todos pela Amaz\u00f4nia&#8221;, &#8220;Paz na Floresta&#8221; e &#8220;Luto pela Amaz\u00f4nia&#8221;. Outros cartazes de protesto exibidos pela pessoas na manifesta\u00e7\u00e3o mostravam frases produzidas por jovens chamando a aten\u00e7\u00e3o dos adultos, como: \u201cVoc\u00ea vai morrer de velho, eu de colapso ambiental\u201d. Al\u00e9m disso, muitos jovens levantaram a voz pedindo prote\u00e7\u00e3o \u00e0 floresta, atitude do governo e aten\u00e7\u00e3o aos problemas ambientais.<\/p>\n<p>&#8220;A Amaz\u00f4nia est\u00e1 gritando e a Amaz\u00f4nia que grita somos n\u00f3s. Para mim \u00e9 a luta das lutas. \u00c9 a luta pela nossa sobreviv\u00eancia e pela nossa intelig\u00eancia de conviver com o meio ambiente&#8221;, exclama o ator Mateus Solano.<\/p>\n<p>Confira o v\u00eddeo produzido pelo Greenpeace com as muitas manifesta\u00e7\u00f5es e participa\u00e7\u00e3o de milhares de pessoas em algumas cidades do Brasil:<\/p>\n<lite-youtube style=\"background-image: url('https:\/\/i.ytimg.com\/vi\/JYxyQtym2q8\/hqdefault.jpg');\" videoid=\"JYxyQtym2q8\" params=\"rel=0\"><\/lite-youtube>\n<p>Os protestos n\u00e3o ficaram restritos apenas ao Rio de Janeiro, manifestantes de diversas cidades brasileiras, entre elas S\u00e3o Paulo, Recife, Belo Horizonte, Bras\u00edlia e Manaus foram \u00e0s ruas em prol da Amaz\u00f4nia e em v\u00e1rias partes do mundo ativistas e ambientalistas promoveram atos em frente \u00e0s embaixadas brasileiras.<\/p>\n<p>No pr\u00f3ximo dia 20 de setembro, acontece a Greve Global pelo Clima no Brasil e jovens de diferentes partes do pa\u00eds contam com o apoio do Greenpeace.<\/p>\n<div class=\"EmptyMessage\">Block content is empty. Check the block&#8217;s settings or remove it.<\/div>","protected":false},"excerpt":{"rendered":"<p>Ativistas e muitos artistas se juntaram ao Greenpeace e a milhares de pessoas e foram \u00e0s ruas pela causa ambiental em diferentes cidades do pa\u00eds.<\/p>\n","protected":false},"author":28,"featured_media":10966,"comment_status":"open","ping_status":"closed","sticky":false,"template":"","format":"standard","meta":{"ep_exclude_from_search":false,"p4_og_title":"","p4_og_description":"","p4_og_image":"","p4_og_image_id":"","p4_seo_canonical_url":"","p4_campaign_name":"","p4_local_project":"","p4_basket_name":"","p4_department":"","footnotes":""},"categories":[3],"tags":[22,23],"p4-page-type":[16],"class_list":["post-10961","post","type-post","status-publish","format-standard","has-post-thumbnail","hentry","category-proteja-a-natureza","tag-florestas","tag-mobilizacao","p4-page-type-blog"],"_links":{"self":[{"href":"https:\/\/www.greenpeace.org\/brasil\/wp-json\/wp\/v2\/posts\/10961","targetHints":{"allow":["GET"]}}],"collection":[{"href":"https:\/\/www.greenpeace.org\/brasil\/wp-json\/wp\/v2\/posts"}],"about":[{"href":"https:\/\/www.greenpeace.org\/brasil\/wp-json\/wp\/v2\/types\/post"}],"author":[{"embeddable":true,"href":"https:\/\/www.greenpeace.org\/brasil\/wp-json\/wp\/v2\/users\/28"}],"replies":[{"embeddable":true,"href":"https:\/\/www.greenpeace.org\/brasil\/wp-json\/wp\/v2\/comments?post=10961"}],"version-history":[{"count":12,"href":"https:\/\/www.greenpeace.org\/brasil\/wp-json\/wp\/v2\/posts\/10961\/revisions"}],"predecessor-version":[{"id":52024,"href":"https:\/\/www.greenpeace.org\/brasil\/wp-json\/wp\/v2\/posts\/10961\/revisions\/52024"}],"wp:featuredmedia":[{"embeddable":true,"href":"https:\/\/www.greenpeace.org\/brasil\/wp-json\/wp\/v2\/media\/10966"}],"wp:attachment":[{"href":"https:\/\/www.greenpeace.org\/brasil\/wp-json\/wp\/v2\/media?parent=10961"}],"wp:term":[{"taxonomy":"category","embeddable":true,"href":"https:\/\/www.greenpeace.org\/brasil\/wp-json\/wp\/v2\/categories?post=10961"},{"taxonomy":"post_tag","embeddable":true,"href":"https:\/\/www.greenpeace.org\/brasil\/wp-json\/wp\/v2\/tags?post=10961"},{"taxonomy":"p4-page-type","embeddable":true,"href":"https:\/\/www.greenpeace.org\/brasil\/wp-json\/wp\/v2\/p4-page-type?post=10961"}],"curies":[{"name":"wp","href":"https:\/\/api.w.org\/{rel}","templated":true}]}}