{"id":11033,"date":"2019-09-05T12:46:54","date_gmt":"2019-09-05T15:46:54","guid":{"rendered":"https:\/\/www.greenpeace.org\/brasil\/?p=11033"},"modified":"2024-05-24T15:26:43","modified_gmt":"2024-05-24T18:26:43","slug":"amazonia-em-chamas-mobilizacoes-nas-ruas","status":"publish","type":"post","link":"https:\/\/www.greenpeace.org\/brasil\/blog\/amazonia-em-chamas-mobilizacoes-nas-ruas\/","title":{"rendered":"Amaz\u00f4nia em chamas, mobiliza\u00e7\u00f5es nas ruas"},"content":{"rendered":"<h4>Com extensas \u00e1reas desmatadas e queimadas, n\u00e3o temos nada a celebrar no Dia da Amaz\u00f4nia. Por outro lado, nunca houve tanta gente ocupando as ruas, em dezenas de pa\u00edses, para exigir a prote\u00e7\u00e3o da floresta e de seus povos<\/h4>\n<div id=\"attachment_11036\" style=\"width: 5474px\" class=\"wp-caption alignnone\"><img loading=\"lazy\" decoding=\"async\" aria-describedby=\"caption-attachment-11036\" class=\"size-full wp-image-11036\" src=\"https:\/\/www.greenpeace.org\/static\/planet4-brasil-stateless\/2019\/09\/29c2039d-gp0sttsk1_high_res.jpg\" alt=\"\" width=\"5464\" height=\"3640\" srcset=\"https:\/\/www.greenpeace.org\/static\/planet4-brasil-stateless\/2019\/09\/29c2039d-gp0sttsk1_high_res.jpg 5464w, https:\/\/www.greenpeace.org\/static\/planet4-brasil-stateless\/2019\/09\/29c2039d-gp0sttsk1_high_res-300x200.jpg 300w, https:\/\/www.greenpeace.org\/static\/planet4-brasil-stateless\/2019\/09\/29c2039d-gp0sttsk1_high_res-768x512.jpg 768w, https:\/\/www.greenpeace.org\/static\/planet4-brasil-stateless\/2019\/09\/29c2039d-gp0sttsk1_high_res-1024x682.jpg 1024w, https:\/\/www.greenpeace.org\/static\/planet4-brasil-stateless\/2019\/09\/29c2039d-gp0sttsk1_high_res-2048x1364.jpg 2048w, https:\/\/www.greenpeace.org\/static\/planet4-brasil-stateless\/2019\/09\/29c2039d-gp0sttsk1_high_res-510x340.jpg 510w\" sizes=\"auto, (max-width: 5464px) 100vw, 5464px\" \/><p id=\"caption-attachment-11036\" class=\"wp-caption-text\">De janeiro a agosto de 2019, o n\u00famero de queimadas na Amaz\u00f4nia foi 111% superior ao registrado no mesmo per\u00edodo do ano passado<\/p><\/div>\n<p>Hoje, 5 de setembro, \u00e9 o Dia da Amaz\u00f4nia, cujas imagens nas \u00faltimas semanas evidenciam mais o m\u00f3rbido cinza, sapecado de altas labaredas, do que os seus infinitos tons de verde. Se por um lado, nunca antes na hist\u00f3ria deste pa\u00eds o clich\u00ea \u201cnada a celebrar\u201d fez tanto sentido em rela\u00e7\u00e3o a esta data, por outro as espont\u00e2neas mobiliza\u00e7\u00f5es realizadas nas \u00faltimas semanas evidenciam que cidad\u00e3os dos quatro cantos do mundo est\u00e3o cada vez mais convencidos da necessidade de garantir a prote\u00e7\u00e3o desta floresta e de seus povos. E, mais importante ainda, esta prote\u00e7\u00e3o \u00e9 extremamente urgente!<\/p>\n<p>De janeiro a agosto, nada menos que 4,3 milh\u00f5es de hectares da Amaz\u00f4nia &#8211; que \u00e9, vale lembrar, a maior floresta tropical do mundo e vital para o equil\u00edbrio clim\u00e1tico do planeta -, foram alvo dos 46.824 focos de calor detectados pelo Instituto Nacional de Pesquisas Espaciais (Inpe). Destes, bem mais da metade arderam sobre \u00e1reas que em 2017 eram classificadas como floresta, consolidando um aumento de 111% no n\u00famero de focos de calor na regi\u00e3o em rela\u00e7\u00e3o ao mesmo per\u00edodo de 2018.<\/p>\n<p>Preocupantes imagens da floresta em chamas estamparam as capas dos principais jornais nos mais diversos pa\u00edses, revelando os graves impactos da agenda anti-ambiental que o presidente Jair Bolsonaro assumiu para seu governo.<\/p>\n<p>Ao manter suas pol\u00eamicas declara\u00e7\u00f5es a favor da revis\u00e3o de terras ind\u00edgenas e unidades de conserva\u00e7\u00e3o e da libera\u00e7\u00e3o de atividades como garimpo e minera\u00e7\u00e3o, o governo acaba contribuindo para agravar o desmatamento e as tens\u00f5es pol\u00edticas e sociais que marcam a disputa pela terra na regi\u00e3o, campe\u00e3 de conflitos no campo.<\/p>\n<p>Diante dos fatos e da sua atitude em rela\u00e7\u00e3o a eles, o presidente demonstra n\u00e3o querer controlar o desmatamento e a destrui\u00e7\u00e3o da floresta, impedindo o cumprimento dos compromissos assumidos pelo Brasil no esfor\u00e7o global para evitar o agravamento da emerg\u00eancia clim\u00e1tica.<\/p>\n<p>Mas n\u00e3o \u00e9 isso o que o povo brasileiro quer. Uma<a href=\"https:\/\/congressoemfoco.uol.com.br\/especial\/noticias\/datafolha-51-dos-brasileiros-reprovam-desempenho-de-bolsonaro-na-amazonia\/\"> recente pesquisa<\/a> evidenciou que mais da metade da popula\u00e7\u00e3o reprova o desempenho de Bolsonaro na Amaz\u00f4nia. Todo governo deve escutar a sociedade. Por isso, Bolsonaro precisa parar, imediatamente, a destrui\u00e7\u00e3o da Amaz\u00f4nia.<\/p>\n<p><strong>Ocupar as ruas do mundo todo<\/strong><\/p>\n\n\t\t<style type=\"text\/css\">\n\t\t\t#gallery-1 {\n\t\t\t\tmargin: auto;\n\t\t\t}\n\t\t\t#gallery-1 .gallery-item {\n\t\t\t\tfloat: left;\n\t\t\t\tmargin-top: 10px;\n\t\t\t\ttext-align: center;\n\t\t\t\twidth: 33%;\n\t\t\t}\n\t\t\t#gallery-1 img {\n\t\t\t\tborder: 2px solid #cfcfcf;\n\t\t\t}\n\t\t\t#gallery-1 .gallery-caption {\n\t\t\t\tmargin-left: 0;\n\t\t\t}\n\t\t\t\/* see gallery_shortcode() in wp-includes\/media.php *\/\n\t\t<\/style>\n\t\t<div id='gallery-1' class='gallery galleryid-11033 gallery-columns-3 gallery-size-thumbnail'><dl class='gallery-item'>\n\t\t\t<dt class='gallery-icon landscape'>\n\t\t\t\t<img loading=\"lazy\" decoding=\"async\" width=\"150\" height=\"150\" src=\"https:\/\/www.greenpeace.org\/static\/planet4-brasil-stateless\/2019\/09\/GP0STTSAG_High_res-150x150.jpg\" class=\"attachment-thumbnail size-thumbnail wp-stateless-item\" alt=\"\" aria-describedby=\"gallery-1-11041\" data-image-size=\"thumbnail\" data-stateless-media-bucket=\"planet4-brasil-stateless\" data-stateless-media-name=\"2019\/09\/GP0STTSAG_High_res.jpg\" \/>\n\t\t\t<\/dt>\n\t\t\t\t<dd class='wp-caption-text gallery-caption' id='gallery-1-11041'>\n\t\t\t\tProtesto em Buenos Aires, Argentina, em frente \u00e0 Embaixada Brasileira\n\t\t\t\t<\/dd><\/dl><dl class='gallery-item'>\n\t\t\t<dt class='gallery-icon landscape'>\n\t\t\t\t<img loading=\"lazy\" decoding=\"async\" width=\"150\" height=\"150\" src=\"https:\/\/www.greenpeace.org\/static\/planet4-brasil-stateless\/2019\/09\/c156995c-gp0sttsmk_high_res-150x150.jpg\" class=\"attachment-thumbnail size-thumbnail wp-stateless-item\" alt=\"\" aria-describedby=\"gallery-1-11042\" data-image-size=\"thumbnail\" data-stateless-media-bucket=\"planet4-brasil-stateless\" data-stateless-media-name=\"2019\/09\/c156995c-gp0sttsmk_high_res.jpg\" \/>\n\t\t\t<\/dt>\n\t\t\t\t<dd class='wp-caption-text gallery-caption' id='gallery-1-11042'>\n\t\t\t\tAtivistas protestam em Viena, \u00c1ustria, pela prote\u00e7\u00e3o da Amaz\u00f4nia e por mais pol\u00edticas de prote\u00e7\u00e3o do clima. Foto: Mitja Kobal \/ Greenpeace\n\t\t\t\t<\/dd><\/dl><dl class='gallery-item'>\n\t\t\t<dt class='gallery-icon landscape'>\n\t\t\t\t<img loading=\"lazy\" decoding=\"async\" width=\"150\" height=\"150\" src=\"https:\/\/www.greenpeace.org\/static\/planet4-brasil-stateless\/2019\/09\/5ce63e36-gp0sttst8_high_res-150x150.jpg\" class=\"attachment-thumbnail size-thumbnail wp-stateless-item\" alt=\"\" aria-describedby=\"gallery-1-11037\" data-image-size=\"thumbnail\" data-stateless-media-bucket=\"planet4-brasil-stateless\" data-stateless-media-name=\"2019\/09\/5ce63e36-gp0sttst8_high_res.jpg\" \/>\n\t\t\t<\/dt>\n\t\t\t\t<dd class='wp-caption-text gallery-caption' id='gallery-1-11037'>\n\t\t\t\tMobiliza\u00e7\u00e3o pela Amaz\u00f4nia em S\u00e3o Paulo\n\t\t\t\t<\/dd><\/dl><br style=\"clear: both\" \/><dl class='gallery-item'>\n\t\t\t<dt class='gallery-icon landscape'>\n\t\t\t\t<img loading=\"lazy\" decoding=\"async\" width=\"150\" height=\"150\" src=\"https:\/\/www.greenpeace.org\/static\/planet4-brasil-stateless\/2019\/09\/5284da6a-gp0stts9u_high_res-150x150.jpg\" class=\"attachment-thumbnail size-thumbnail wp-stateless-item\" alt=\"\" aria-describedby=\"gallery-1-11040\" data-image-size=\"thumbnail\" data-stateless-media-bucket=\"planet4-brasil-stateless\" data-stateless-media-name=\"2019\/09\/5284da6a-gp0stts9u_high_res.jpg\" \/>\n\t\t\t<\/dt>\n\t\t\t\t<dd class='wp-caption-text gallery-caption' id='gallery-1-11040'>\n\t\t\t\tProtesto em Bogot\u00e1, Col\u00f4mbia, em frente \u00e0 Embaixada Brasileira\n\t\t\t\t<\/dd><\/dl><dl class='gallery-item'>\n\t\t\t<dt class='gallery-icon landscape'>\n\t\t\t\t<img loading=\"lazy\" decoding=\"async\" width=\"150\" height=\"150\" src=\"https:\/\/www.greenpeace.org\/static\/planet4-brasil-stateless\/2019\/08\/9dac252c-2019-08-25-todospelamazonia-@-praia-de-ipanema-por-renan-olivetti-greenpeace-8363-150x150.jpg\" class=\"attachment-thumbnail size-thumbnail wp-stateless-item\" alt=\"\" aria-describedby=\"gallery-1-10972\" data-image-size=\"thumbnail\" data-stateless-media-bucket=\"planet4-brasil-stateless\" data-stateless-media-name=\"2019\/08\/9dac252c-2019-08-25-todospelamazonia-@-praia-de-ipanema-por-renan-olivetti-greenpeace-8363.jpg\" \/>\n\t\t\t<\/dt>\n\t\t\t\t<dd class='wp-caption-text gallery-caption' id='gallery-1-10972'>\n\t\t\t\tDiversos manifestantes e artistas se juntaram na praia de Ipanema pela defesa da Amaz\u00f4nia\n\t\t\t\t<\/dd><\/dl><dl class='gallery-item'>\n\t\t\t<dt class='gallery-icon landscape'>\n\t\t\t\t<img loading=\"lazy\" decoding=\"async\" width=\"150\" height=\"150\" src=\"https:\/\/www.greenpeace.org\/static\/planet4-brasil-stateless\/2019\/09\/0fa3e3fa-gp0stts9e_high_res-150x150.jpg\" class=\"attachment-thumbnail size-thumbnail wp-stateless-item\" alt=\"\" aria-describedby=\"gallery-1-11039\" data-image-size=\"thumbnail\" data-stateless-media-bucket=\"planet4-brasil-stateless\" data-stateless-media-name=\"2019\/09\/0fa3e3fa-gp0stts9e_high_res.jpg\" \/>\n\t\t\t<\/dt>\n\t\t\t\t<dd class='wp-caption-text gallery-caption' id='gallery-1-11039'>\n\t\t\t\tProtesto em Santiago, Chile, em frente \u00e0 Embaixada Brasileira\n\t\t\t\t<\/dd><\/dl><br style=\"clear: both\" \/>\n\t\t<\/div>\n\n<p>Pela Amaz\u00f4nia, pelo clima, pela \u00e1gua, pelos seus povos e comunidades, para termos comida no futuro, pelos animais que s\u00f3 existem ali\u2026 Motivos n\u00e3o faltam para defender esta floresta, uma das maiores representa\u00e7\u00f5es da pr\u00f3pria vida do planeta e da qual o futuro de toda a humanidade depende.<\/p>\n<p>Em nome da sua prote\u00e7\u00e3o, nas \u00faltimas semanas, milhares de pessoas foram \u00e0s ruas em<a href=\"https:\/\/amazoniareal.com.br\/amazonia-em-chamas-manifestacoes-a-favor-da-floresta-amazonica-se-espalham-pelo-mundo\/\"> mais de 50 cidades<\/a> no Brasil e em cerca de <a href=\"https:\/\/ultimosegundo.ig.com.br\/mundo\/2019-08-23\/manifestantes-de-mais-de-30-paises-protestam-pela-amazonia-e-contra-bolsonaro.html\">30 cidades em outros pa\u00edses<\/a>. As mobiliza\u00e7\u00f5es reuniram gente de <a href=\"https:\/\/www.greenpeace.org\/brasil\/blog\/caetano-veloso-alinne-moraes-sonia-braga-e-manifestantes-se-uniram-para-exigir-a-protecao-da-\/\">todas as idades, religi\u00f5es e orienta\u00e7\u00f5es pol\u00edticas<\/a>, afinal o que acontece na Amaz\u00f4nia tem impacto na vida de todos os seres deste planeta.<\/p>\n<p>Veja como participar das pr\u00f3ximas manifesta\u00e7\u00f5es pela Amaz\u00f4nia:<\/p>\n<p>No dia 7 de setembro, vamos participar de um manifesto silencioso. <span style=\"font-weight: 400;\">Vamos juntos estampar de preto as redes sociais e deixar claro que n\u00e3o aceitamos a morte da floresta.<\/span> Poste sua foto vestido de preto com a hashtag #LutoPelaAmaz\u00f4nia.<\/p>\n<p>No dia 20 de setembro, ser\u00e1 o momento de voltarmos \u00e0s ruas em defesa da Amaz\u00f4nia durante a Greve Global pelo Clima, uma grande mobiliza\u00e7\u00e3o mundial puxada pelos jovens estudantes, com o intuito de mandar uma mensagem direta e clara aos l\u00edderes pol\u00edticos que estar\u00e3o reunidos na Assembleia Geral da Organiza\u00e7\u00e3o das Na\u00e7\u00f5es Unidas (ONU), em Nova Iorque: &#8220;n\u00e3o queremos mais suas desculpas, \u00e9 hora de agir agora ou n\u00e3o haver\u00e1 futuro!&#8221;.<\/p>\n<div class=\"EmptyMessage\">Block content is empty. Check the block&#8217;s settings or remove it.<\/div>","protected":false},"excerpt":{"rendered":"<p>Com extensas \u00e1reas desmatadas e queimadas, n\u00e3o temos nada a celebrar no Dia da Amaz\u00f4nia. Por outro lado, nunca houve tanta gente ocupando as ruas, em dezenas de pa\u00edses, para exigir a prote\u00e7\u00e3o da floresta e de seus povos<\/p>\n","protected":false},"author":28,"featured_media":11050,"comment_status":"open","ping_status":"closed","sticky":false,"template":"","format":"standard","meta":{"ep_exclude_from_search":false,"p4_og_title":"","p4_og_description":"","p4_og_image":"","p4_og_image_id":"","p4_seo_canonical_url":"","p4_campaign_name":"","p4_local_project":"","p4_basket_name":"","p4_department":"","footnotes":""},"categories":[3],"tags":[22],"p4-page-type":[16],"class_list":["post-11033","post","type-post","status-publish","format-standard","has-post-thumbnail","hentry","category-proteja-a-natureza","tag-florestas","p4-page-type-blog"],"_links":{"self":[{"href":"https:\/\/www.greenpeace.org\/brasil\/wp-json\/wp\/v2\/posts\/11033","targetHints":{"allow":["GET"]}}],"collection":[{"href":"https:\/\/www.greenpeace.org\/brasil\/wp-json\/wp\/v2\/posts"}],"about":[{"href":"https:\/\/www.greenpeace.org\/brasil\/wp-json\/wp\/v2\/types\/post"}],"author":[{"embeddable":true,"href":"https:\/\/www.greenpeace.org\/brasil\/wp-json\/wp\/v2\/users\/28"}],"replies":[{"embeddable":true,"href":"https:\/\/www.greenpeace.org\/brasil\/wp-json\/wp\/v2\/comments?post=11033"}],"version-history":[{"count":14,"href":"https:\/\/www.greenpeace.org\/brasil\/wp-json\/wp\/v2\/posts\/11033\/revisions"}],"predecessor-version":[{"id":52981,"href":"https:\/\/www.greenpeace.org\/brasil\/wp-json\/wp\/v2\/posts\/11033\/revisions\/52981"}],"wp:featuredmedia":[{"embeddable":true,"href":"https:\/\/www.greenpeace.org\/brasil\/wp-json\/wp\/v2\/media\/11050"}],"wp:attachment":[{"href":"https:\/\/www.greenpeace.org\/brasil\/wp-json\/wp\/v2\/media?parent=11033"}],"wp:term":[{"taxonomy":"category","embeddable":true,"href":"https:\/\/www.greenpeace.org\/brasil\/wp-json\/wp\/v2\/categories?post=11033"},{"taxonomy":"post_tag","embeddable":true,"href":"https:\/\/www.greenpeace.org\/brasil\/wp-json\/wp\/v2\/tags?post=11033"},{"taxonomy":"p4-page-type","embeddable":true,"href":"https:\/\/www.greenpeace.org\/brasil\/wp-json\/wp\/v2\/p4-page-type?post=11033"}],"curies":[{"name":"wp","href":"https:\/\/api.w.org\/{rel}","templated":true}]}}